{"id":31471,"date":"2022-04-18T14:05:25","date_gmt":"2022-04-18T17:05:25","guid":{"rendered":"https:\/\/atecordoba.org\/?p=31471"},"modified":"2022-04-18T14:05:29","modified_gmt":"2022-04-18T17:05:29","slug":"a-45-anos-del-secuestro-y-desaparicion-de-irma-laciar-de-carrica-quien-no-dio-todo-no-dio-nada","status":"publish","type":"post","link":"https:\/\/atecordoba.org\/?p=31471","title":{"rendered":"A 45 a\u00f1os del secuestro y desaparici\u00f3n de Irma Laciar de Carrica: \u201cQuien no dio todo, no dio nada\u201d"},"content":{"rendered":"\n<div class=\"wp-block-image\"><figure class=\"aligncenter size-large is-resized\"><img loading=\"lazy\" decoding=\"async\" src=\"https:\/\/atecordoba.org\/wp-content\/uploads\/2022\/04\/IMG-20220418-WA0033-1-1024x1024.jpg\" alt=\"\" class=\"wp-image-31472\" width=\"768\" height=\"768\" \/><\/figure><\/div>\n\n\n\n<p>Irma Laciar de Carrica (1926\/1977) fue una de las referentes de la medicina popular en la Argentina.<\/p>\n\n\n\n<p>Luchadora del campo social y de una noci\u00f3n sanitarista de la salud, dedic\u00f3 su vida al cuidado de sus compa\u00f1eros y la disputa por un mundo mejor.<\/p>\n\n\n\n<p>Irma naci\u00f3 en julio de 1926, en Sampacho, provincia de C\u00f3rdoba. Se educ\u00f3 en una familia que influy\u00f3 decididamente en su futuro, ya que su padre era un delegado ferroviario y sus dos t\u00edas eran enfermeras. Se involucr\u00f3 activamente en la militancia del campo popular desde la pol\u00edtica y desde la salud.<\/p>\n\n\n\n<p>\u201cLa vida no es recompensa ni castigo, sino que es un desaf\u00edo permanente\u201d. \u201cHay un tiempo que ser\u00e1 el tiempo de nuestra gente, de nuestro pueblo. Nosotros seguiremos adelante si respetamos el tiempo colectivo\u201d, sostuvo Carrica, que fue docente de los cursos de la Escuela de Enfermer\u00eda que cre\u00f3 Ram\u00f3n Carrillo en 1947; tambi\u00e9n ejerci\u00f3 la direcci\u00f3n de la Escuela de Auxiliares de Enfermer\u00eda del Ministerio de Salud P\u00fablica de la Naci\u00f3n.<\/p>\n\n\n\n<p>Durante la d\u00e9cada del 50 comenz\u00f3 su actividad gremial en ATE, siendo delegada en sus lugares de trabajo. Particip\u00f3 como docente en las c\u00e1tedras de medicina para el trabajo (1972-1973) e integr\u00f3 el equipo de Derechos Humanos de la CGT de los Argentinos.<\/p>\n\n\n\n<p>En el Gobierno de Isabel Per\u00f3n fue despedida y comenz\u00f3 a ser perseguida por la Triple A. Se ocup\u00f3 de brindar apoyo a los familiares de los presos pol\u00edticos y colabor\u00f3 en la b\u00fasqueda de los desaparecidos, hasta que un grupo de tareas la secuestr\u00f3 en su departamento de Liniers el 18 de abril de 1977 y nunca m\u00e1s apareci\u00f3.<\/p>\n","protected":false},"excerpt":{"rendered":"<p>Irma Laciar de Carrica (1926\/1977) fue una de las referentes de la medicina popular en la Argentina. Luchadora del campo social y de una noci\u00f3n sanitarista de la salud, dedic\u00f3 su vida al cuidado de sus compa\u00f1eros y la disputa por un mundo mejor. Irma naci\u00f3 en julio de 1926, en Sampacho, provincia de C\u00f3rdoba. [&hellip;]<\/p>\n","protected":false},"author":7,"featured_media":31472,"comment_status":"open","ping_status":"open","sticky":false,"template":"","format":"standard","meta":{"_exactmetrics_skip_tracking":false,"_exactmetrics_sitenote_active":false,"_exactmetrics_sitenote_note":"","_exactmetrics_sitenote_category":0,"jnews-multi-image_gallery":[],"jnews_single_post":{"subtitle":"Hoy se cumple otro aniversario de su secuestro y desaparici\u00f3n a manos de la dictadura c\u00edvico-militar.","format":"standard","video":"","gallery":"","source_name":"","source_url":"","via_name":"","via_url":"","override_template":"0","override":[{"template":"1","single_blog_custom":"","parallax":"1","fullscreen":"1","layout":"right-sidebar","sidebar":"default-sidebar","second_sidebar":"default-sidebar","sticky_sidebar":"1","share_position":"top","share_float_style":"share-monocrhome","show_share_counter":"1","show_view_counter":"1","show_featured":"1","show_post_meta":"1","show_post_author":"1","show_post_author_image":"1","show_post_date":"1","post_date_format":"default","post_date_format_custom":"Y\/m\/d","show_post_category":"1","show_post_reading_time":"0","post_reading_time_wpm":"300","show_zoom_button":"0","zoom_button_out_step":"2","zoom_button_in_step":"3","show_post_tag":"1","show_prev_next_post":"1","show_popup_post":"1","number_popup_post":"1","show_author_box":"0","show_post_related":"0","show_inline_post_related":"0"}],"override_image_size":"0","image_override":[{"single_post_thumbnail_size":"crop-500","single_post_gallery_size":"crop-500"}],"trending_post":"0","trending_post_position":"meta","trending_post_label":"Trending","sponsored_post":"0","sponsored_post_label":"Sponsored by","sponsored_post_name":"","sponsored_post_url":"","sponsored_post_logo_enable":"0","sponsored_post_logo":"","sponsored_post_desc":"","disable_ad":"0"},"jnews_primary_category":{"id":""},"jnews_social_meta":{"fb_title":"DDHH: A 45 a\u00f1os del secuestro y desaparici\u00f3n de Irma Laciar de Carrica: \u201cQuien no dio todo, no dio nada\u201d ","fb_description":"","fb_image":"","twitter_title":"","twitter_description":"","twitter_image":""},"jnews_review":[],"enable_review":"0","type":"percentage","name":"","summary":"","brand":"","sku":"","good":[{"good_text":""}],"bad":[{"bad_text":""}],"score_override":"","override_value":"","rating":[{"rating_text":"","rating_number":"10"}],"price":[{"shop":"","price":"","link":"","icon":""}],"jnews_override_counter":{"override_view_counter":"0","view_counter_number":"0","override_share_counter":"0","share_counter_number":"0","override_like_counter":"0","like_counter_number":"0","override_dislike_counter":"0","dislike_counter_number":"0"},"jnews_post_split":{"enable_post_split":"0","post_split":[{"template":"1","tag":"h2","numbering":"asc","mode":"normal","first":"0","enable_toc":"0","toc_type":"normal"}]},"footnotes":""},"categories":[122],"tags":[1086],"class_list":["post-31471","post","type-post","status-publish","format-standard","has-post-thumbnail","hentry","category-ddhh","tag-irma-laciar-de-carrica"],"jetpack_featured_media_url":"https:\/\/atecordoba.org\/wp-content\/uploads\/2022\/04\/IMG-20220418-WA0033-1-e1650301428110.jpg","_links":{"self":[{"href":"https:\/\/atecordoba.org\/index.php?rest_route=\/wp\/v2\/posts\/31471","targetHints":{"allow":["GET"]}}],"collection":[{"href":"https:\/\/atecordoba.org\/index.php?rest_route=\/wp\/v2\/posts"}],"about":[{"href":"https:\/\/atecordoba.org\/index.php?rest_route=\/wp\/v2\/types\/post"}],"author":[{"embeddable":true,"href":"https:\/\/atecordoba.org\/index.php?rest_route=\/wp\/v2\/users\/7"}],"replies":[{"embeddable":true,"href":"https:\/\/atecordoba.org\/index.php?rest_route=%2Fwp%2Fv2%2Fcomments&post=31471"}],"version-history":[{"count":1,"href":"https:\/\/atecordoba.org\/index.php?rest_route=\/wp\/v2\/posts\/31471\/revisions"}],"predecessor-version":[{"id":31473,"href":"https:\/\/atecordoba.org\/index.php?rest_route=\/wp\/v2\/posts\/31471\/revisions\/31473"}],"wp:featuredmedia":[{"embeddable":true,"href":"https:\/\/atecordoba.org\/index.php?rest_route=\/wp\/v2\/media\/31472"}],"wp:attachment":[{"href":"https:\/\/atecordoba.org\/index.php?rest_route=%2Fwp%2Fv2%2Fmedia&parent=31471"}],"wp:term":[{"taxonomy":"category","embeddable":true,"href":"https:\/\/atecordoba.org\/index.php?rest_route=%2Fwp%2Fv2%2Fcategories&post=31471"},{"taxonomy":"post_tag","embeddable":true,"href":"https:\/\/atecordoba.org\/index.php?rest_route=%2Fwp%2Fv2%2Ftags&post=31471"}],"curies":[{"name":"wp","href":"https:\/\/api.w.org\/{rel}","templated":true}]}}