{"id":31452,"date":"2022-04-13T14:54:16","date_gmt":"2022-04-13T17:54:16","guid":{"rendered":"https:\/\/atecordoba.org\/?p=31452"},"modified":"2022-04-13T14:54:20","modified_gmt":"2022-04-13T17:54:20","slug":"ate-presento-un-proyecto-de-nuevo-estatuto-municipal-en-las-vertientes","status":"publish","type":"post","link":"https:\/\/atecordoba.org\/?p=31452","title":{"rendered":"ATE present\u00f3 un proyecto de nuevo Estatuto Municipal en Las Vertientes"},"content":{"rendered":"\n<div class=\"wp-block-image\"><figure class=\"aligncenter size-full is-resized\"><img loading=\"lazy\" decoding=\"async\" src=\"https:\/\/atecordoba.org\/wp-content\/uploads\/2022\/04\/las-vertientes_presentan-estatuto.jpeg\" alt=\"\" class=\"wp-image-31454\" width=\"585\" height=\"534\" \/><figcaption>El delegado D\u00edaz, junto a Baudino, Gremial de la seccional Adelia Mar\u00eda. <\/figcaption><\/figure><\/div>\n\n\n\n<p>La seccional ATE Adelia Mar\u00eda present\u00f3 hoy en la Municipalidad de Las Vertientes un proyecto de nuevo Estatuto Municipal por mesa de entrada y solicit\u00f3 una audiencia con el Concejo Deliberante para su pronto tratamiento.<\/p>\n\n\n\n<p>Se trata de una normativa que reconoce el derecho de las y los municipales contratados en igualdad de condiciones a los que ostentan las y los trabajadores de planta permanente, respecto a los \u00edtems reconocidos en el recibo de sueldo, como presentismo, tareas insalubres, etc. <\/p>\n\n\n\n<p>En el estatuto actual las y los contratados cobran menos por dichos \u00edtems. La diferencia es de 7% contra 20% por lo que de aprobarse, el nuevo estatuto elaborado por ATE significar\u00e1 un aumento del 13% de manera autom\u00e1tica, seg\u00fan explic\u00f3 el secretario Gremial de la seccional Adelia Mar\u00eda, Mariano Baudino.<\/p>\n\n\n\n<p>El dirigente realiz\u00f3 la presentaci\u00f3n junto  al delegado de ATE en la municipalidad, Mauricio D\u00edaz.<\/p>\n","protected":false},"excerpt":{"rendered":"<p>La seccional ATE Adelia Mar\u00eda present\u00f3 hoy en la Municipalidad de Las Vertientes un proyecto de nuevo Estatuto Municipal por mesa de entrada y solicit\u00f3 una audiencia con el Concejo Deliberante para su pronto tratamiento. Se trata de una normativa que reconoce el derecho de las y los municipales contratados en igualdad de condiciones a [&hellip;]<\/p>\n","protected":false},"author":7,"featured_media":31454,"comment_status":"open","ping_status":"open","sticky":false,"template":"","format":"standard","meta":{"_exactmetrics_skip_tracking":false,"_exactmetrics_sitenote_active":false,"_exactmetrics_sitenote_note":"","_exactmetrics_sitenote_category":0,"jnews-multi-image_gallery":[],"jnews_single_post":{"subtitle":"El proyecto equipara los derechos de trabajadores y trabajadoras de planta permanente y contratados.","format":"standard","video":"","gallery":"","source_name":"","source_url":"","via_name":"","via_url":"","override_template":"0","override":[{"template":"1","single_blog_custom":"","parallax":"1","fullscreen":"1","layout":"right-sidebar","sidebar":"default-sidebar","second_sidebar":"default-sidebar","sticky_sidebar":"1","share_position":"top","share_float_style":"share-monocrhome","show_share_counter":"1","show_view_counter":"1","show_featured":"1","show_post_meta":"1","show_post_author":"1","show_post_author_image":"1","show_post_date":"1","post_date_format":"default","post_date_format_custom":"Y\/m\/d","show_post_category":"1","show_post_reading_time":"0","post_reading_time_wpm":"300","show_zoom_button":"0","zoom_button_out_step":"2","zoom_button_in_step":"3","show_post_tag":"1","show_prev_next_post":"1","show_popup_post":"1","number_popup_post":"1","show_author_box":"0","show_post_related":"0","show_inline_post_related":"0"}],"override_image_size":"0","image_override":[{"single_post_thumbnail_size":"crop-500","single_post_gallery_size":"crop-500"}],"trending_post":"0","trending_post_position":"meta","trending_post_label":"Trending","sponsored_post":"0","sponsored_post_label":"Sponsored by","sponsored_post_name":"","sponsored_post_url":"","sponsored_post_logo_enable":"0","sponsored_post_logo":"","sponsored_post_desc":"","disable_ad":"0"},"jnews_primary_category":{"id":""},"jnews_social_meta":{"fb_title":"Adelia Mar\u00eda: ATE present\u00f3 un proyecto de nuevo Estatuto Municipal en Las Vertientes","fb_description":"","fb_image":"","twitter_title":"","twitter_description":"","twitter_image":""},"jnews_review":[],"enable_review":"0","type":"percentage","name":"","summary":"","brand":"","sku":"","good":[{"good_text":""}],"bad":[{"bad_text":""}],"score_override":"","override_value":"","rating":[{"rating_text":"","rating_number":"10"}],"price":[{"shop":"","price":"","link":"","icon":""}],"jnews_override_counter":{"override_view_counter":"0","view_counter_number":"0","override_share_counter":"0","share_counter_number":"0","override_like_counter":"0","like_counter_number":"0","override_dislike_counter":"0","dislike_counter_number":"0"},"jnews_post_split":{"enable_post_split":"0","post_split":[{"template":"1","tag":"h2","numbering":"asc","mode":"normal","first":"0","enable_toc":"0","toc_type":"normal"}]},"footnotes":""},"categories":[149,20],"tags":[483],"class_list":["post-31452","post","type-post","status-publish","format-standard","has-post-thumbnail","hentry","category-adelia-maria","category-municipales","tag-las-vertientes"],"jetpack_featured_media_url":"https:\/\/atecordoba.org\/wp-content\/uploads\/2022\/04\/las-vertientes_presentan-estatuto-e1649872373541.jpeg","_links":{"self":[{"href":"https:\/\/atecordoba.org\/index.php?rest_route=\/wp\/v2\/posts\/31452","targetHints":{"allow":["GET"]}}],"collection":[{"href":"https:\/\/atecordoba.org\/index.php?rest_route=\/wp\/v2\/posts"}],"about":[{"href":"https:\/\/atecordoba.org\/index.php?rest_route=\/wp\/v2\/types\/post"}],"author":[{"embeddable":true,"href":"https:\/\/atecordoba.org\/index.php?rest_route=\/wp\/v2\/users\/7"}],"replies":[{"embeddable":true,"href":"https:\/\/atecordoba.org\/index.php?rest_route=%2Fwp%2Fv2%2Fcomments&post=31452"}],"version-history":[{"count":1,"href":"https:\/\/atecordoba.org\/index.php?rest_route=\/wp\/v2\/posts\/31452\/revisions"}],"predecessor-version":[{"id":31455,"href":"https:\/\/atecordoba.org\/index.php?rest_route=\/wp\/v2\/posts\/31452\/revisions\/31455"}],"wp:featuredmedia":[{"embeddable":true,"href":"https:\/\/atecordoba.org\/index.php?rest_route=\/wp\/v2\/media\/31454"}],"wp:attachment":[{"href":"https:\/\/atecordoba.org\/index.php?rest_route=%2Fwp%2Fv2%2Fmedia&parent=31452"}],"wp:term":[{"taxonomy":"category","embeddable":true,"href":"https:\/\/atecordoba.org\/index.php?rest_route=%2Fwp%2Fv2%2Fcategories&post=31452"},{"taxonomy":"post_tag","embeddable":true,"href":"https:\/\/atecordoba.org\/index.php?rest_route=%2Fwp%2Fv2%2Ftags&post=31452"}],"curies":[{"name":"wp","href":"https:\/\/api.w.org\/{rel}","templated":true}]}}