{"id":31442,"date":"2022-04-13T12:39:54","date_gmt":"2022-04-13T15:39:54","guid":{"rendered":"https:\/\/atecordoba.org\/?p=31442"},"modified":"2022-04-13T13:51:04","modified_gmt":"2022-04-13T16:51:04","slug":"radio-abierta-en-la-secretaria-de-agricultura-familiar-reclama-que-el-gobierno-una-mesa-de-negociacion-frente-al-vaciamiento-del-organismo","status":"publish","type":"post","link":"https:\/\/atecordoba.org\/?p=31442","title":{"rendered":"Radio Abierta en la Secretaria de Agricultura Familiar reclama que el gobierno una mesa de negociaci\u00f3n frente al vaciamiento del organismo"},"content":{"rendered":"\n<div class=\"wp-block-image\"><figure class=\"aligncenter size-large is-resized\"><img loading=\"lazy\" decoding=\"async\" src=\"https:\/\/atecordoba.org\/wp-content\/uploads\/2022\/04\/20220413_105026-1024x576.jpg\" alt=\"\" class=\"wp-image-31443\" width=\"768\" height=\"432\" \/><\/figure><\/div>\n\n\n\n<p>Con una Radio Abierta llevada a cabo esta ma\u00f1ana frente a las oficinas de la Secretaria de Agricultura Familiar de la Naci\u00f3n, frente a la Plaza de las Am\u00e9ricas, las o los trabajadores del organismo reclamaron ser escuchados en sus permanentes reclamos por mejoras en sus condiciones salariales y ambiente de trabajo, ya que denuncian que la SAF &#8220;est\u00e1 vaciada y desmantelada&#8221;.<\/p>\n\n\n\n<p>Adem\u00e1s, plantean la definitiva reincorporaci\u00f3n de todas y todos los despedidos del macrismo, cuya n\u00f3mina aun no est\u00e1 completa, y el descongelamiento de las vacantes para alcanzar los pases a planta permanente que por derecho  les corresponden en funci\u00f3n de la legislaci\u00f3n vigente en materia laboral en el Estado. <\/p>\n\n\n\n<div class=\"wp-block-image\"><figure class=\"alignleft size-large is-resized\"><img loading=\"lazy\" decoding=\"async\" src=\"https:\/\/atecordoba.org\/wp-content\/uploads\/2022\/04\/Captura-de-pantalla-2022-04-13-123522-1024x455.jpg\" alt=\"\" class=\"wp-image-31444\" width=\"512\" height=\"228\" srcset=\"https:\/\/atecordoba.org\/wp-content\/uploads\/2022\/04\/Captura-de-pantalla-2022-04-13-123522-1024x455.jpg 1024w, https:\/\/atecordoba.org\/wp-content\/uploads\/2022\/04\/Captura-de-pantalla-2022-04-13-123522-300x133.jpg 300w, https:\/\/atecordoba.org\/wp-content\/uploads\/2022\/04\/Captura-de-pantalla-2022-04-13-123522-768x341.jpg 768w, https:\/\/atecordoba.org\/wp-content\/uploads\/2022\/04\/Captura-de-pantalla-2022-04-13-123522-750x333.jpg 750w, https:\/\/atecordoba.org\/wp-content\/uploads\/2022\/04\/Captura-de-pantalla-2022-04-13-123522.jpg 1056w\" sizes=\"auto, (max-width: 512px) 100vw, 512px\" \/><\/figure><\/div>\n\n\n\n<p>&#8220;Exigimos que le hagan llegar nuestro pliego de demandas al Director de la SAFCI, Miguel G\u00f3mez, y por su intermedio al Ministro de Agricultura Ganader\u00eda y Pesca, Juli\u00e1n Dom\u00ednguez, y dem\u00e1s autoridades competentes, para que habiliten urgentemente la reapertura de la mesa de negociaci\u00f3n a nivel nacional, para poder resolver la situaci\u00f3n paup\u00e9rrima que estamos cargando ante nuestra espalda lxs trabajadorxs&#8221;, reza el comunicado de convocatoria a la protesta.<\/p>\n\n\n\n<p>En la oportunidad estuvo presente el secretario General de ATE C\u00f3rdoba, Federico Giuliani, junto a miembros de comisi\u00f3n directiva y compa\u00f1eros de la CORREDMA, que impulsan la reincorporaci\u00f3n de los despedidos y despedidas del macrismo en diversos organismos p\u00fablicos y empresas estatales, como es el caso de FADEA.<\/p>\n\n\n\n<p>Giuliani se dirigi\u00f3 a los presentes para apuntar que &#8220;en un ratito vamos a saber que el \u00edndice de inflaci\u00f3n de marzo supera el 6%. \u00bfC\u00f3mo no va a haber conflicto en la argentina si no hay bolsillo que aguante? Lo que hay que construir la relaci\u00f3n de fuerza para volver a poner en la agenda del gobierno la problem\u00e1tica de trabajadores y trabajadoras en particular, pero del pueblo argentino en general&#8221;.<\/p>\n\n\n\n<div class=\"wp-block-image\"><figure class=\"alignright size-large is-resized\"><img loading=\"lazy\" decoding=\"async\" src=\"https:\/\/atecordoba.org\/wp-content\/uploads\/2022\/04\/20220413_105228-1024x576.jpg\" alt=\"\" class=\"wp-image-31445\" width=\"512\" height=\"288\" srcset=\"https:\/\/atecordoba.org\/wp-content\/uploads\/2022\/04\/20220413_105228-1024x576.jpg 1024w, https:\/\/atecordoba.org\/wp-content\/uploads\/2022\/04\/20220413_105228-300x169.jpg 300w, https:\/\/atecordoba.org\/wp-content\/uploads\/2022\/04\/20220413_105228-768x432.jpg 768w, https:\/\/atecordoba.org\/wp-content\/uploads\/2022\/04\/20220413_105228-1536x864.jpg 1536w, https:\/\/atecordoba.org\/wp-content\/uploads\/2022\/04\/20220413_105228-2048x1152.jpg 2048w, https:\/\/atecordoba.org\/wp-content\/uploads\/2022\/04\/20220413_105228-750x422.jpg 750w, https:\/\/atecordoba.org\/wp-content\/uploads\/2022\/04\/20220413_105228-1140x641.jpg 1140w\" sizes=\"auto, (max-width: 512px) 100vw, 512px\" \/><\/figure><\/div>\n\n\n\n<p>&#8220;Estamos frente al organismo que deber\u00eda garantizar la tan mentada soberan\u00eda alimentaria y llevar pol\u00edticas p\u00fablicas a los peque\u00f1os productores. Y digo mentada porque cuando tuvo que estatizar Vicent\u00edn este gobierno recul\u00f3&#8221;, afirm\u00f3 el dirigente y cuestion\u00f3 que &#8220;est\u00e1 claro que no hubo un cumplimiento de las promesas de campa\u00f1a sobre las reincorporaciones. Necesitamos que est\u00e9n todos adentro porque un compa\u00f1ero que no tiene para pagar la olla no es justicia social&#8221;.<\/p>\n\n\n\n<p>Por eso convoc\u00f3 a realizar el pr\u00f3ximo 21 de abril &#8220;un plenario provincial de organismos nacionales de C\u00f3rdoba, para decirle a la conducci\u00f3n nacional que los estados de alerta y movilizaci\u00f3n son una construcci\u00f3n no una declamaci\u00f3n. De abajo para arriba, no al rev\u00e9s. No podemos delegar m\u00e1s y hay que recuperar las calles. La divisi\u00f3n que hacemos entre los que se juntan para entregar las luchas y quienes nos juntamos a organizar la lucha&#8221;.<\/p>\n","protected":false},"excerpt":{"rendered":"<p>Con una Radio Abierta llevada a cabo esta ma\u00f1ana frente a las oficinas de la Secretaria de Agricultura Familiar de la Naci\u00f3n, frente a la Plaza de las Am\u00e9ricas, las o los trabajadores del organismo reclamaron ser escuchados en sus permanentes reclamos por mejoras en sus condiciones salariales y ambiente de trabajo, ya que denuncian [&hellip;]<\/p>\n","protected":false},"author":7,"featured_media":31443,"comment_status":"open","ping_status":"open","sticky":false,"template":"","format":"standard","meta":{"_exactmetrics_skip_tracking":false,"_exactmetrics_sitenote_active":false,"_exactmetrics_sitenote_note":"","_exactmetrics_sitenote_category":0,"jnews-multi-image_gallery":[],"jnews_single_post":{"subtitle":"El secretario General de ATE C\u00f3rdoba, Federico Giuliani, estuvo presente y alent\u00f3 construir la relaci\u00f3n de fuerzas para \"dar vuelta la tortilla\". Convocatoria a un plenario provincial de organismos nacionales en C\u00f3rdoba para el 21 de abril.  ","format":"standard","video":"","gallery":"","source_name":"","source_url":"","via_name":"","via_url":"","override_template":"0","override":[{"template":"1","single_blog_custom":"","parallax":"1","fullscreen":"1","layout":"right-sidebar","sidebar":"default-sidebar","second_sidebar":"default-sidebar","sticky_sidebar":"1","share_position":"top","share_float_style":"share-monocrhome","show_share_counter":"1","show_view_counter":"1","show_featured":"1","show_post_meta":"1","show_post_author":"1","show_post_author_image":"1","show_post_date":"1","post_date_format":"default","post_date_format_custom":"Y\/m\/d","show_post_category":"1","show_post_reading_time":"0","post_reading_time_wpm":"300","show_zoom_button":"0","zoom_button_out_step":"2","zoom_button_in_step":"3","show_post_tag":"1","show_prev_next_post":"1","show_popup_post":"1","number_popup_post":"1","show_author_box":"0","show_post_related":"0","show_inline_post_related":"0"}],"override_image_size":"0","image_override":[{"single_post_thumbnail_size":"crop-500","single_post_gallery_size":"crop-500"}],"trending_post":"0","trending_post_position":"meta","trending_post_label":"Trending","sponsored_post":"0","sponsored_post_label":"Sponsored by","sponsored_post_name":"","sponsored_post_url":"","sponsored_post_logo_enable":"0","sponsored_post_logo":"","sponsored_post_desc":"","disable_ad":"0"},"jnews_primary_category":{"id":""},"jnews_social_meta":{"fb_title":"","fb_description":"","fb_image":"","twitter_title":"","twitter_description":"","twitter_image":""},"jnews_review":[],"enable_review":"0","type":"percentage","name":"","summary":"","brand":"","sku":"","good":[{"good_text":""}],"bad":[{"bad_text":""}],"score_override":"","override_value":"","rating":[{"rating_text":"","rating_number":"10"}],"price":[{"shop":"","price":"","link":"","icon":""}],"jnews_override_counter":{"override_view_counter":"0","view_counter_number":"0","override_share_counter":"0","share_counter_number":"0","override_like_counter":"0","like_counter_number":"0","override_dislike_counter":"0","dislike_counter_number":"0"},"jnews_post_split":{"enable_post_split":"0","post_split":[{"template":"1","tag":"h2","numbering":"asc","mode":"normal","first":"0","enable_toc":"0","toc_type":"normal"}]},"footnotes":""},"categories":[18],"tags":[962],"class_list":["post-31442","post","type-post","status-publish","format-standard","has-post-thumbnail","hentry","category-nacionales","tag-secretaria-de-agricultura-familiar"],"jetpack_featured_media_url":"https:\/\/atecordoba.org\/wp-content\/uploads\/2022\/04\/20220413_105026-scaled-e1649868656964.jpg","_links":{"self":[{"href":"https:\/\/atecordoba.org\/index.php?rest_route=\/wp\/v2\/posts\/31442","targetHints":{"allow":["GET"]}}],"collection":[{"href":"https:\/\/atecordoba.org\/index.php?rest_route=\/wp\/v2\/posts"}],"about":[{"href":"https:\/\/atecordoba.org\/index.php?rest_route=\/wp\/v2\/types\/post"}],"author":[{"embeddable":true,"href":"https:\/\/atecordoba.org\/index.php?rest_route=\/wp\/v2\/users\/7"}],"replies":[{"embeddable":true,"href":"https:\/\/atecordoba.org\/index.php?rest_route=%2Fwp%2Fv2%2Fcomments&post=31442"}],"version-history":[{"count":1,"href":"https:\/\/atecordoba.org\/index.php?rest_route=\/wp\/v2\/posts\/31442\/revisions"}],"predecessor-version":[{"id":31446,"href":"https:\/\/atecordoba.org\/index.php?rest_route=\/wp\/v2\/posts\/31442\/revisions\/31446"}],"wp:featuredmedia":[{"embeddable":true,"href":"https:\/\/atecordoba.org\/index.php?rest_route=\/wp\/v2\/media\/31443"}],"wp:attachment":[{"href":"https:\/\/atecordoba.org\/index.php?rest_route=%2Fwp%2Fv2%2Fmedia&parent=31442"}],"wp:term":[{"taxonomy":"category","embeddable":true,"href":"https:\/\/atecordoba.org\/index.php?rest_route=%2Fwp%2Fv2%2Fcategories&post=31442"},{"taxonomy":"post_tag","embeddable":true,"href":"https:\/\/atecordoba.org\/index.php?rest_route=%2Fwp%2Fv2%2Ftags&post=31442"}],"curies":[{"name":"wp","href":"https:\/\/api.w.org\/{rel}","templated":true}]}}