{"id":31436,"date":"2022-04-13T11:43:53","date_gmt":"2022-04-13T14:43:53","guid":{"rendered":"https:\/\/atecordoba.org\/?p=31436"},"modified":"2022-04-13T13:43:01","modified_gmt":"2022-04-13T16:43:01","slug":"asamblea-de-conae-alerta-por-perdida-de-personal-por-bajos-salarios-y-plantea-mantener-trabajo-a-distancia","status":"publish","type":"post","link":"https:\/\/atecordoba.org\/?p=31436","title":{"rendered":"Asamblea de CONAE alerta por p\u00e9rdida de personal por bajos salarios y plantea mantener &#8220;trabajo a distancia&#8221;"},"content":{"rendered":"\n<div class=\"wp-block-image\"><figure class=\"aligncenter size-large is-resized\"><img loading=\"lazy\" decoding=\"async\" src=\"https:\/\/atecordoba.org\/wp-content\/uploads\/2022\/04\/conae-falda-del-canete-1-1024x538.jpg\" alt=\"\" class=\"wp-image-31438\" width=\"768\" height=\"404\" \/><figcaption>DCIM\\100GOPRO\\G0019428.<\/figcaption><\/figure><\/div>\n\n\n\n<p>En una asamblea virtual realizada el viernes pasado, que reuni\u00f3 alrededor de 150 trabajadores y trabajadoras de las sedes de C\u00f3rdoba y Buenos Aires de la Comisi\u00f3n Nacional de Actividades Espaciales, conjuntamente con personal de la f\u00e1brica estatal de desarrollo de vectores VENG (Veh\u00edculo Espacial Nueva Generaci\u00f3n), se resolvi\u00f3 elevar una nota al ministro de Ciencia, Tecnolog\u00eda e Innovaci\u00f3n de la Naci\u00f3n, Daniel Filmus, para trasladar problem\u00e1ticas del sector.<\/p>\n\n\n\n<p>La nota en cuesti\u00f3n alcanz\u00f3 la 270 firmas, que expresa la amplia mayor\u00eda del equipo de personal de ambas instituciones, plante\u00f3 la preocupaci\u00f3n por la cantidad de trabajadores y trabajadoras que dejan el organismo frente a la ca\u00edda salarial que vive el sector. <\/p>\n\n\n\n<div class=\"wp-block-image\"><figure class=\"aligncenter size-large is-resized\"><img loading=\"lazy\" decoding=\"async\" src=\"https:\/\/atecordoba.org\/wp-content\/uploads\/2022\/04\/WhatsApp-Image-2022-04-13-at-10.06.46-AM-1024x499.jpeg\" alt=\"\" class=\"wp-image-31439\" width=\"768\" height=\"374\" srcset=\"https:\/\/atecordoba.org\/wp-content\/uploads\/2022\/04\/WhatsApp-Image-2022-04-13-at-10.06.46-AM-1024x499.jpeg 1024w, https:\/\/atecordoba.org\/wp-content\/uploads\/2022\/04\/WhatsApp-Image-2022-04-13-at-10.06.46-AM-300x146.jpeg 300w, https:\/\/atecordoba.org\/wp-content\/uploads\/2022\/04\/WhatsApp-Image-2022-04-13-at-10.06.46-AM-768x374.jpeg 768w, https:\/\/atecordoba.org\/wp-content\/uploads\/2022\/04\/WhatsApp-Image-2022-04-13-at-10.06.46-AM-750x366.jpeg 750w, https:\/\/atecordoba.org\/wp-content\/uploads\/2022\/04\/WhatsApp-Image-2022-04-13-at-10.06.46-AM-1140x556.jpeg 1140w, https:\/\/atecordoba.org\/wp-content\/uploads\/2022\/04\/WhatsApp-Image-2022-04-13-at-10.06.46-AM.jpeg 1280w\" sizes=\"auto, (max-width: 768px) 100vw, 768px\" \/><\/figure><\/div>\n\n\n\n<p>&#8220;En ese sentido estamos pidiendo una audiencia con el ministro o con quien \u00e9l designe para tratar el tema salarial y de las condiciones de trabajo&#8221;, explic\u00f3 el delegado de ATE Conae, Emiliano Baum. <\/p>\n\n\n\n<p>En esa l\u00ednea, el delegado dijo que &#8220;nuestra aspiraci\u00f3n es alcanzar un acuerdo sobre la modalidad mixta o remota. Sabemos que no todos pueden llevar adelante sus tareas con estas modalidades, pero solicitamos que se mantenga el trabajo a distancia all\u00ed donde es posible, no solo por lo que consideramos una mejora en la calidad de vida de los compa\u00f1eros frente a los bajos salarios y la suba permanente de la inflaci\u00f3n, por lo que volver a la presencialidad representa un costo extra sobre el salario&#8221;.<\/p>\n\n\n\n<p>Esto se enmarca dentro de la problem\u00e1tica de ingresos del sector, que sufre una p\u00e9rdida de personal capacitado &#8220;por la presi\u00f3n que est\u00e1 poniendo el sector privado&#8221;, agrega Baum.<\/p>\n\n\n\n<p><strong>Alerta por tercerizaciones<\/strong><\/p>\n\n\n\n<p>Otro punto de suma importancia para la asamblea fue abordar posibles tercerizaciones de proyectos de desarrollo. Esto preocupa a las y los trabajadores. &#8220;Alertamos que podr\u00eda existir la posibilidad de convertir a los organismos p\u00fablicos en meros entes administrativos que luego se dediquen a generar algunos proyectos y tercerizar todo su desarrollo en manos de empresas privadas que generan dudas sobre la entrega de algunos proyectos&#8221;, dijo Baum. <\/p>\n\n\n\n<p>&#8220;Si el Estado delega en privada el desarrollo de proyectos, perdiendo los recursos t\u00e9cnicos que permiten llevarlos a cabo, en tanto al capital privado lo rige las leyes del mercado, cuando sea mas rentable destinar su capacidad a otros recursos (como puede ser venta de servicios al exterior) se perder\u00eda toda esa experiencia. O si el Estado decide reducir las asignaciones presupuestarias durante gobiernos liberales suceder\u00eda lo mismo&#8221;, concluy\u00f3 el delegado.<\/p>\n\n\n\n<div class=\"wp-block-image\"><figure class=\"aligncenter size-large is-resized\"><img loading=\"lazy\" decoding=\"async\" src=\"https:\/\/atecordoba.org\/wp-content\/uploads\/2022\/04\/captura-1024x690.jpeg\" alt=\"\" class=\"wp-image-31440\" width=\"768\" height=\"518\" srcset=\"https:\/\/atecordoba.org\/wp-content\/uploads\/2022\/04\/captura-1024x690.jpeg 1024w, https:\/\/atecordoba.org\/wp-content\/uploads\/2022\/04\/captura-300x202.jpeg 300w, https:\/\/atecordoba.org\/wp-content\/uploads\/2022\/04\/captura-768x517.jpeg 768w, https:\/\/atecordoba.org\/wp-content\/uploads\/2022\/04\/captura-750x505.jpeg 750w, https:\/\/atecordoba.org\/wp-content\/uploads\/2022\/04\/captura.jpeg 1096w\" sizes=\"auto, (max-width: 768px) 100vw, 768px\" \/><\/figure><\/div>\n","protected":false},"excerpt":{"rendered":"<p>En una asamblea virtual realizada el viernes pasado, que reuni\u00f3 alrededor de 150 trabajadores y trabajadoras de las sedes de C\u00f3rdoba y Buenos Aires de la Comisi\u00f3n Nacional de Actividades Espaciales, conjuntamente con personal de la f\u00e1brica estatal de desarrollo de vectores VENG (Veh\u00edculo Espacial Nueva Generaci\u00f3n), se resolvi\u00f3 elevar una nota al ministro de [&hellip;]<\/p>\n","protected":false},"author":7,"featured_media":31438,"comment_status":"open","ping_status":"open","sticky":false,"template":"","format":"standard","meta":{"_exactmetrics_skip_tracking":false,"_exactmetrics_sitenote_active":false,"_exactmetrics_sitenote_note":"","_exactmetrics_sitenote_category":0,"jnews-multi-image_gallery":[],"jnews_single_post":{"subtitle":"Delegados de ATE alertan tambi\u00e9n sobre posibles tercerizaciones de proyectos creados en la \u00f3rbita estatal. ","format":"standard","video":"","gallery":"","source_name":"","source_url":"","via_name":"","via_url":"","override_template":"0","override":[{"template":"1","single_blog_custom":"","parallax":"1","fullscreen":"1","layout":"right-sidebar","sidebar":"default-sidebar","second_sidebar":"default-sidebar","sticky_sidebar":"1","share_position":"top","share_float_style":"share-monocrhome","show_share_counter":"1","show_view_counter":"1","show_featured":"1","show_post_meta":"1","show_post_author":"1","show_post_author_image":"1","show_post_date":"1","post_date_format":"default","post_date_format_custom":"Y\/m\/d","show_post_category":"1","show_post_reading_time":"0","post_reading_time_wpm":"300","show_zoom_button":"0","zoom_button_out_step":"2","zoom_button_in_step":"3","show_post_tag":"1","show_prev_next_post":"1","show_popup_post":"1","number_popup_post":"1","show_author_box":"0","show_post_related":"0","show_inline_post_related":"0"}],"override_image_size":"0","image_override":[{"single_post_thumbnail_size":"crop-500","single_post_gallery_size":"crop-500"}],"trending_post":"0","trending_post_position":"meta","trending_post_label":"Trending","sponsored_post":"0","sponsored_post_label":"Sponsored by","sponsored_post_name":"","sponsored_post_url":"","sponsored_post_logo_enable":"0","sponsored_post_logo":"","sponsored_post_desc":"","disable_ad":"0"},"jnews_primary_category":{"id":""},"jnews_social_meta":{"fb_title":"","fb_description":"","fb_image":"","twitter_title":"","twitter_description":"","twitter_image":""},"jnews_review":[],"enable_review":"0","type":"percentage","name":"","summary":"","brand":"","sku":"","good":[{"good_text":""}],"bad":[{"bad_text":""}],"score_override":"","override_value":"","rating":[{"rating_text":"","rating_number":"10"}],"price":[{"shop":"","price":"","link":"","icon":""}],"jnews_override_counter":{"override_view_counter":"0","view_counter_number":"0","override_share_counter":"0","share_counter_number":"0","override_like_counter":"0","like_counter_number":"0","override_dislike_counter":"0","dislike_counter_number":"0"},"jnews_post_split":{"enable_post_split":"0","post_split":[{"template":"1","tag":"h2","numbering":"asc","mode":"normal","first":"0","enable_toc":"0","toc_type":"normal"}]},"footnotes":""},"categories":[18],"tags":[1082,463],"class_list":["post-31436","post","type-post","status-publish","format-standard","has-post-thumbnail","hentry","category-nacionales","tag-ciencia-y-tecnica","tag-conae"],"jetpack_featured_media_url":"https:\/\/atecordoba.org\/wp-content\/uploads\/2022\/04\/conae-falda-del-canete-1-e1649861103727.jpg","_links":{"self":[{"href":"https:\/\/atecordoba.org\/index.php?rest_route=\/wp\/v2\/posts\/31436","targetHints":{"allow":["GET"]}}],"collection":[{"href":"https:\/\/atecordoba.org\/index.php?rest_route=\/wp\/v2\/posts"}],"about":[{"href":"https:\/\/atecordoba.org\/index.php?rest_route=\/wp\/v2\/types\/post"}],"author":[{"embeddable":true,"href":"https:\/\/atecordoba.org\/index.php?rest_route=\/wp\/v2\/users\/7"}],"replies":[{"embeddable":true,"href":"https:\/\/atecordoba.org\/index.php?rest_route=%2Fwp%2Fv2%2Fcomments&post=31436"}],"version-history":[{"count":1,"href":"https:\/\/atecordoba.org\/index.php?rest_route=\/wp\/v2\/posts\/31436\/revisions"}],"predecessor-version":[{"id":31441,"href":"https:\/\/atecordoba.org\/index.php?rest_route=\/wp\/v2\/posts\/31436\/revisions\/31441"}],"wp:featuredmedia":[{"embeddable":true,"href":"https:\/\/atecordoba.org\/index.php?rest_route=\/wp\/v2\/media\/31438"}],"wp:attachment":[{"href":"https:\/\/atecordoba.org\/index.php?rest_route=%2Fwp%2Fv2%2Fmedia&parent=31436"}],"wp:term":[{"taxonomy":"category","embeddable":true,"href":"https:\/\/atecordoba.org\/index.php?rest_route=%2Fwp%2Fv2%2Fcategories&post=31436"},{"taxonomy":"post_tag","embeddable":true,"href":"https:\/\/atecordoba.org\/index.php?rest_route=%2Fwp%2Fv2%2Ftags&post=31436"}],"curies":[{"name":"wp","href":"https:\/\/api.w.org\/{rel}","templated":true}]}}