{"id":31433,"date":"2022-04-13T10:36:24","date_gmt":"2022-04-13T13:36:24","guid":{"rendered":"https:\/\/atecordoba.org\/?p=31433"},"modified":"2022-04-13T14:24:24","modified_gmt":"2022-04-13T17:24:24","slug":"ate-planteo-su-agenda-de-reclamos-a-las-autoridades-del-nuevo-hospital-regional","status":"publish","type":"post","link":"https:\/\/atecordoba.org\/?p=31433","title":{"rendered":"ATE plante\u00f3 su agenda de reclamos a las autoridades del Nuevo Hospital Regional"},"content":{"rendered":"\n<div class=\"wp-block-image\"><figure class=\"aligncenter size-full is-resized\"><img loading=\"lazy\" decoding=\"async\" src=\"https:\/\/atecordoba.org\/wp-content\/uploads\/2022\/04\/FB_IMG_1628173031670-1.jpg\" alt=\"\" class=\"wp-image-31434\" width=\"720\" height=\"405\" srcset=\"https:\/\/atecordoba.org\/wp-content\/uploads\/2022\/04\/FB_IMG_1628173031670-1.jpg 960w, https:\/\/atecordoba.org\/wp-content\/uploads\/2022\/04\/FB_IMG_1628173031670-1-300x169.jpg 300w, https:\/\/atecordoba.org\/wp-content\/uploads\/2022\/04\/FB_IMG_1628173031670-1-768x432.jpg 768w, https:\/\/atecordoba.org\/wp-content\/uploads\/2022\/04\/FB_IMG_1628173031670-1-750x422.jpg 750w\" sizes=\"auto, (max-width: 720px) 100vw, 720px\" \/><\/figure><\/div>\n\n\n\n<p>La semana pasada se realiz\u00f3 en el Nuevo Hospital San Antonio de Padua una reuni\u00f3n entre las delegadas de la ATE, Andrea Ferreyra y Mabel Nieto, con Fernando Baudino, como responsable de Recursos Humanos del centro hospitalario.<\/p>\n\n\n\n<p>En la audiencia, las delegadas trasladaron la la agenda de reclamos a resolver en el centro de salud.<\/p>\n\n\n\n<p>A saber<\/p>\n\n\n\n<ul class=\"wp-block-list\"><li>Mantenimiento de los contratos Covid.<\/li><li>Cumplimiento del cupo de discapacidad y el cupo trans-travesti.<\/li><li>Becas de Voluntariado.<\/li><li>Dispensas.<\/li><li>Org\u00e1nica Hospitalaria.<\/li><li>Suplencias.<\/li><li>Situaciones Cr\u00edticas de falta de personal al no generarse altas por bajas.<\/li><li>Necesidad de unificar leyes 7233 y 7625 al tratarse de un solo equipo de salud dentro de hospital.<\/li><\/ul>\n\n\n\n<p>Cabe se\u00f1alar que el funcionario presente comparti\u00f3 la preocupaci\u00f3n por la situaci\u00f3n de \u00e1reas cr\u00edticas y se acord\u00f3 trabajar de manera conjunta con cierta periodicidad. En cuanto a la infraestructura, ser\u00e1n derivadas con el \u00e1rea que pueda dar respuestas.<\/p>\n\n\n\n<figure class=\"wp-block-gallery has-nested-images columns-default is-cropped wp-block-gallery-1 is-layout-flex wp-block-gallery-is-layout-flex\">\n<figure class=\"wp-block-image size-large\"><img loading=\"lazy\" decoding=\"async\" width=\"768\" height=\"1024\" data-id=\"31448\" src=\"https:\/\/atecordoba.org\/wp-content\/uploads\/2022\/04\/IMG-20220413-WA0067-768x1024.jpg\" alt=\"\" class=\"wp-image-31448\" srcset=\"https:\/\/atecordoba.org\/wp-content\/uploads\/2022\/04\/IMG-20220413-WA0067-768x1024.jpg 768w, https:\/\/atecordoba.org\/wp-content\/uploads\/2022\/04\/IMG-20220413-WA0067-225x300.jpg 225w, https:\/\/atecordoba.org\/wp-content\/uploads\/2022\/04\/IMG-20220413-WA0067-750x1000.jpg 750w, https:\/\/atecordoba.org\/wp-content\/uploads\/2022\/04\/IMG-20220413-WA0067.jpg 867w\" sizes=\"auto, (max-width: 768px) 100vw, 768px\" \/><\/figure>\n\n\n\n<figure class=\"wp-block-image size-large\"><img loading=\"lazy\" decoding=\"async\" width=\"768\" height=\"1024\" data-id=\"31449\" src=\"https:\/\/atecordoba.org\/wp-content\/uploads\/2022\/04\/IMG-20220413-WA0069-768x1024.jpg\" alt=\"\" class=\"wp-image-31449\" srcset=\"https:\/\/atecordoba.org\/wp-content\/uploads\/2022\/04\/IMG-20220413-WA0069-768x1024.jpg 768w, https:\/\/atecordoba.org\/wp-content\/uploads\/2022\/04\/IMG-20220413-WA0069-225x300.jpg 225w, https:\/\/atecordoba.org\/wp-content\/uploads\/2022\/04\/IMG-20220413-WA0069-750x1000.jpg 750w, https:\/\/atecordoba.org\/wp-content\/uploads\/2022\/04\/IMG-20220413-WA0069.jpg 867w\" sizes=\"auto, (max-width: 768px) 100vw, 768px\" \/><\/figure>\n\n\n\n<figure class=\"wp-block-image size-large\"><img loading=\"lazy\" decoding=\"async\" width=\"768\" height=\"1024\" data-id=\"31450\" src=\"https:\/\/atecordoba.org\/wp-content\/uploads\/2022\/04\/IMG-20220413-WA0070-768x1024.jpg\" alt=\"\" class=\"wp-image-31450\" srcset=\"https:\/\/atecordoba.org\/wp-content\/uploads\/2022\/04\/IMG-20220413-WA0070-768x1024.jpg 768w, https:\/\/atecordoba.org\/wp-content\/uploads\/2022\/04\/IMG-20220413-WA0070-225x300.jpg 225w, https:\/\/atecordoba.org\/wp-content\/uploads\/2022\/04\/IMG-20220413-WA0070-1152x1536.jpg 1152w, https:\/\/atecordoba.org\/wp-content\/uploads\/2022\/04\/IMG-20220413-WA0070-750x1000.jpg 750w, https:\/\/atecordoba.org\/wp-content\/uploads\/2022\/04\/IMG-20220413-WA0070-1140x1520.jpg 1140w, https:\/\/atecordoba.org\/wp-content\/uploads\/2022\/04\/IMG-20220413-WA0070.jpg 1200w\" sizes=\"auto, (max-width: 768px) 100vw, 768px\" \/><\/figure>\n<\/figure>\n","protected":false},"excerpt":{"rendered":"<p>La semana pasada se realiz\u00f3 en el Nuevo Hospital San Antonio de Padua una reuni\u00f3n entre las delegadas de la ATE, Andrea Ferreyra y Mabel Nieto, con Fernando Baudino, como responsable de Recursos Humanos del centro hospitalario. En la audiencia, las delegadas trasladaron la la agenda de reclamos a resolver en el centro de salud. [&hellip;]<\/p>\n","protected":false},"author":7,"featured_media":31432,"comment_status":"open","ping_status":"open","sticky":false,"template":"","format":"standard","meta":{"_exactmetrics_skip_tracking":false,"_exactmetrics_sitenote_active":false,"_exactmetrics_sitenote_note":"","_exactmetrics_sitenote_category":0,"jnews-multi-image_gallery":[],"jnews_single_post":{"subtitle":"Hay una alarmante falta de personal en el centro de salud del sur provincial.","format":"standard","video":"","gallery":"","source_name":"","source_url":"","via_name":"","via_url":"","override_template":"0","override":[{"template":"1","single_blog_custom":"","parallax":"1","fullscreen":"1","layout":"right-sidebar","sidebar":"default-sidebar","second_sidebar":"default-sidebar","sticky_sidebar":"1","share_position":"top","share_float_style":"share-monocrhome","show_share_counter":"1","show_view_counter":"1","show_featured":"1","show_post_meta":"1","show_post_author":"1","show_post_author_image":"1","show_post_date":"1","post_date_format":"default","post_date_format_custom":"Y\/m\/d","show_post_category":"1","show_post_reading_time":"0","post_reading_time_wpm":"300","show_zoom_button":"0","zoom_button_out_step":"2","zoom_button_in_step":"3","show_post_tag":"1","show_prev_next_post":"1","show_popup_post":"1","number_popup_post":"1","show_author_box":"0","show_post_related":"0","show_inline_post_related":"0"}],"override_image_size":"0","image_override":[{"single_post_thumbnail_size":"crop-500","single_post_gallery_size":"crop-500"}],"trending_post":"0","trending_post_position":"meta","trending_post_label":"Trending","sponsored_post":"0","sponsored_post_label":"Sponsored by","sponsored_post_name":"","sponsored_post_url":"","sponsored_post_logo_enable":"0","sponsored_post_logo":"","sponsored_post_desc":"","disable_ad":"0"},"jnews_primary_category":{"id":""},"jnews_social_meta":{"fb_title":"R\u00edo Cuarto: ATE plante\u00f3 su agenda de reclamos a las autoridades del Nuevo Hospital Regional","fb_description":"","fb_image":"","twitter_title":"","twitter_description":"","twitter_image":""},"jnews_review":[],"enable_review":"0","type":"percentage","name":"","summary":"","brand":"","sku":"","good":[{"good_text":""}],"bad":[{"bad_text":""}],"score_override":"","override_value":"","rating":[{"rating_text":"","rating_number":"10"}],"price":[{"shop":"","price":"","link":"","icon":""}],"jnews_override_counter":{"override_view_counter":"0","view_counter_number":"0","override_share_counter":"0","share_counter_number":"0","override_like_counter":"0","like_counter_number":"0","override_dislike_counter":"0","dislike_counter_number":"0"},"jnews_post_split":{"enable_post_split":"0","post_split":[{"template":"1","tag":"h2","numbering":"asc","mode":"normal","first":"0","enable_toc":"0","toc_type":"normal"}]},"footnotes":""},"categories":[12,957],"tags":[442],"class_list":["post-31433","post","type-post","status-publish","format-standard","has-post-thumbnail","hentry","category-rio-cuarto","category-salud","tag-nuevo-hospital-regional"],"jetpack_featured_media_url":"https:\/\/atecordoba.org\/wp-content\/uploads\/2022\/04\/FB_IMG_1628173031670-e1649856529777.jpg","_links":{"self":[{"href":"https:\/\/atecordoba.org\/index.php?rest_route=\/wp\/v2\/posts\/31433","targetHints":{"allow":["GET"]}}],"collection":[{"href":"https:\/\/atecordoba.org\/index.php?rest_route=\/wp\/v2\/posts"}],"about":[{"href":"https:\/\/atecordoba.org\/index.php?rest_route=\/wp\/v2\/types\/post"}],"author":[{"embeddable":true,"href":"https:\/\/atecordoba.org\/index.php?rest_route=\/wp\/v2\/users\/7"}],"replies":[{"embeddable":true,"href":"https:\/\/atecordoba.org\/index.php?rest_route=%2Fwp%2Fv2%2Fcomments&post=31433"}],"version-history":[{"count":2,"href":"https:\/\/atecordoba.org\/index.php?rest_route=\/wp\/v2\/posts\/31433\/revisions"}],"predecessor-version":[{"id":31451,"href":"https:\/\/atecordoba.org\/index.php?rest_route=\/wp\/v2\/posts\/31433\/revisions\/31451"}],"wp:featuredmedia":[{"embeddable":true,"href":"https:\/\/atecordoba.org\/index.php?rest_route=\/wp\/v2\/media\/31432"}],"wp:attachment":[{"href":"https:\/\/atecordoba.org\/index.php?rest_route=%2Fwp%2Fv2%2Fmedia&parent=31433"}],"wp:term":[{"taxonomy":"category","embeddable":true,"href":"https:\/\/atecordoba.org\/index.php?rest_route=%2Fwp%2Fv2%2Fcategories&post=31433"},{"taxonomy":"post_tag","embeddable":true,"href":"https:\/\/atecordoba.org\/index.php?rest_route=%2Fwp%2Fv2%2Ftags&post=31433"}],"curies":[{"name":"wp","href":"https:\/\/api.w.org\/{rel}","templated":true}]}}