{"id":31416,"date":"2022-04-12T14:53:42","date_gmt":"2022-04-12T17:53:42","guid":{"rendered":"https:\/\/atecordoba.org\/?p=31416"},"modified":"2022-04-12T14:53:51","modified_gmt":"2022-04-12T17:53:51","slug":"por-unanimidad-se-aprobo-la-memoria-y-balance-de-la-seccional","status":"publish","type":"post","link":"https:\/\/atecordoba.org\/?p=31416","title":{"rendered":"Por unanimidad se aprob\u00f3 la memoria y balance de la seccional"},"content":{"rendered":"\n<div class=\"wp-block-image\"><figure class=\"aligncenter size-full\"><img loading=\"lazy\" decoding=\"async\" width=\"810\" height=\"480\" src=\"https:\/\/atecordoba.org\/wp-content\/uploads\/2022\/04\/12-04-Asamblea-Rio-Tercero-4.jpg\" alt=\"\" class=\"wp-image-31417\" srcset=\"https:\/\/atecordoba.org\/wp-content\/uploads\/2022\/04\/12-04-Asamblea-Rio-Tercero-4.jpg 810w, https:\/\/atecordoba.org\/wp-content\/uploads\/2022\/04\/12-04-Asamblea-Rio-Tercero-4-300x178.jpg 300w, https:\/\/atecordoba.org\/wp-content\/uploads\/2022\/04\/12-04-Asamblea-Rio-Tercero-4-768x455.jpg 768w, https:\/\/atecordoba.org\/wp-content\/uploads\/2022\/04\/12-04-Asamblea-Rio-Tercero-4-750x444.jpg 750w\" sizes=\"auto, (max-width: 810px) 100vw, 810px\" \/><\/figure><\/div>\n\n\n\n<p>La seccional ATE R\u00edo Tercero aprob\u00f3 ayer la memoria y balance de lo actuado desde 2019 a la fecha. El acto estuvo presidido por el secretario General, Damian Albornoz, y la secretaria General Adjunta, Ver\u00f3nica Pramparo.&#8221; La memoria y balance se aprob\u00f3 por unanimidad, lo sentimos como un respaldo a esta conducci\u00f3n&#8221;, afirm\u00f3 el secretario General.<\/p>\n\n\n\n<p>En la oportunidad estuvo presente el secretario General de ATE C\u00f3rdoba, Federico Giuliani. Tambi\u00e9n particip\u00f3 el presidente de Centro de Jubilados H{ector Quiroga. <\/p>\n\n\n\n<p>&#8220;Luego de tres a\u00f1os de estar impedidos por la pandemia pudimos realizar la asamblea de memoria y balance, con la participaci\u00f3n m\u00e1s de 50 compa\u00f1eros de diferentes sectores&#8221;, resumi\u00f3 Albornoz. &#8220;Se destacan sectores nuevos que se sumaron a la seccional como los municipales de Almafuerte, R\u00edo Tercero y Villa Ciudad del Parque, nacionales como la Superintendencia de Riesgos de Trabajo, Anses, Pami y la Central Nuclear de Embalse. Junto a la F\u00e1brica Militar que es el sector m\u00e1s grande y de hist\u00f3rica representaci\u00f3n en ATE&#8221;, apunt\u00f3 el dirigente.<\/p>\n\n\n\n<p>Y prosigui\u00f3: &#8220;en la memoria destacamos hechos muy significativos como el reconocimiento en los municipios de Almafuerte y R\u00edo Tercero como resultado de la acci\u00f3n pol\u00edtica del gremio y el crecimiento organizativo. Resaltamos la renovaci\u00f3n de la totalidad de los cuerpos de delegados y delegadas, que conforman un grupo de 40 compa\u00f1eros y compa\u00f1eras&#8221;.<\/p>\n\n\n\n<p>Finalmente Albornoz adelant\u00f3 que &#8220;hablamos de dirigir la acci\u00f3n gremial en torno a la recuperaci\u00f3n salarial y la estabilidad laboral y remarcamos el trabajo que se est\u00e1 haciendo en la construcci\u00f3n del Convenio Colectivo en la F\u00e1brica Militar&#8221;.<\/p>\n\n\n\n<figure class=\"wp-block-gallery has-nested-images columns-default is-cropped wp-block-gallery-1 is-layout-flex wp-block-gallery-is-layout-flex\">\n<figure class=\"wp-block-image size-large\"><img loading=\"lazy\" decoding=\"async\" width=\"1024\" height=\"576\" data-id=\"31426\" src=\"https:\/\/atecordoba.org\/wp-content\/uploads\/2022\/04\/12-04-Asamblea-Rio-Tercero-7-1-1024x576.jpg\" alt=\"\" class=\"wp-image-31426\" \/><\/figure>\n\n\n\n<figure class=\"wp-block-image size-large\"><img loading=\"lazy\" decoding=\"async\" width=\"1024\" height=\"576\" data-id=\"31425\" src=\"https:\/\/atecordoba.org\/wp-content\/uploads\/2022\/04\/12-04-Asamblea-Rio-Tercero-1-1024x576.jpg\" alt=\"\" class=\"wp-image-31425\" srcset=\"https:\/\/atecordoba.org\/wp-content\/uploads\/2022\/04\/12-04-Asamblea-Rio-Tercero-1-1024x576.jpg 1024w, https:\/\/atecordoba.org\/wp-content\/uploads\/2022\/04\/12-04-Asamblea-Rio-Tercero-1-300x169.jpg 300w, https:\/\/atecordoba.org\/wp-content\/uploads\/2022\/04\/12-04-Asamblea-Rio-Tercero-1-768x432.jpg 768w, https:\/\/atecordoba.org\/wp-content\/uploads\/2022\/04\/12-04-Asamblea-Rio-Tercero-1-750x422.jpg 750w, https:\/\/atecordoba.org\/wp-content\/uploads\/2022\/04\/12-04-Asamblea-Rio-Tercero-1-1140x641.jpg 1140w, https:\/\/atecordoba.org\/wp-content\/uploads\/2022\/04\/12-04-Asamblea-Rio-Tercero-1.jpg 1280w\" sizes=\"auto, (max-width: 1024px) 100vw, 1024px\" \/><\/figure>\n\n\n\n<figure class=\"wp-block-image size-large\"><img loading=\"lazy\" decoding=\"async\" width=\"867\" height=\"560\" data-id=\"31429\" src=\"https:\/\/atecordoba.org\/wp-content\/uploads\/2022\/04\/12-04-Asamblea-Rio-Tercero-2-1.jpg\" alt=\"\" class=\"wp-image-31429\" srcset=\"https:\/\/atecordoba.org\/wp-content\/uploads\/2022\/04\/12-04-Asamblea-Rio-Tercero-2-1.jpg 867w, https:\/\/atecordoba.org\/wp-content\/uploads\/2022\/04\/12-04-Asamblea-Rio-Tercero-2-1-300x194.jpg 300w, https:\/\/atecordoba.org\/wp-content\/uploads\/2022\/04\/12-04-Asamblea-Rio-Tercero-2-1-768x496.jpg 768w, https:\/\/atecordoba.org\/wp-content\/uploads\/2022\/04\/12-04-Asamblea-Rio-Tercero-2-1-750x484.jpg 750w\" sizes=\"auto, (max-width: 867px) 100vw, 867px\" \/><\/figure>\n\n\n\n<figure class=\"wp-block-image size-large\"><img loading=\"lazy\" decoding=\"async\" width=\"1024\" height=\"568\" data-id=\"31427\" src=\"https:\/\/atecordoba.org\/wp-content\/uploads\/2022\/04\/12-04-Asamblea-Rio-Tercero-3-1-1024x568.jpg\" alt=\"\" class=\"wp-image-31427\" srcset=\"https:\/\/atecordoba.org\/wp-content\/uploads\/2022\/04\/12-04-Asamblea-Rio-Tercero-3-1-1024x568.jpg 1024w, https:\/\/atecordoba.org\/wp-content\/uploads\/2022\/04\/12-04-Asamblea-Rio-Tercero-3-1-300x166.jpg 300w, https:\/\/atecordoba.org\/wp-content\/uploads\/2022\/04\/12-04-Asamblea-Rio-Tercero-3-1-768x426.jpg 768w, https:\/\/atecordoba.org\/wp-content\/uploads\/2022\/04\/12-04-Asamblea-Rio-Tercero-3-1-750x416.jpg 750w, https:\/\/atecordoba.org\/wp-content\/uploads\/2022\/04\/12-04-Asamblea-Rio-Tercero-3-1-1140x632.jpg 1140w, https:\/\/atecordoba.org\/wp-content\/uploads\/2022\/04\/12-04-Asamblea-Rio-Tercero-3-1.jpg 1434w\" sizes=\"auto, (max-width: 1024px) 100vw, 1024px\" \/><\/figure>\n\n\n\n<figure class=\"wp-block-image size-large\"><img loading=\"lazy\" decoding=\"async\" width=\"1024\" height=\"602\" data-id=\"31428\" src=\"https:\/\/atecordoba.org\/wp-content\/uploads\/2022\/04\/12-04-Asamblea-Rio-Tercero-5-1-1024x602.jpg\" alt=\"\" class=\"wp-image-31428\" srcset=\"https:\/\/atecordoba.org\/wp-content\/uploads\/2022\/04\/12-04-Asamblea-Rio-Tercero-5-1-1024x602.jpg 1024w, https:\/\/atecordoba.org\/wp-content\/uploads\/2022\/04\/12-04-Asamblea-Rio-Tercero-5-1-300x176.jpg 300w, https:\/\/atecordoba.org\/wp-content\/uploads\/2022\/04\/12-04-Asamblea-Rio-Tercero-5-1-768x452.jpg 768w, https:\/\/atecordoba.org\/wp-content\/uploads\/2022\/04\/12-04-Asamblea-Rio-Tercero-5-1-750x441.jpg 750w, https:\/\/atecordoba.org\/wp-content\/uploads\/2022\/04\/12-04-Asamblea-Rio-Tercero-5-1-1140x671.jpg 1140w, https:\/\/atecordoba.org\/wp-content\/uploads\/2022\/04\/12-04-Asamblea-Rio-Tercero-5-1.jpg 1195w\" sizes=\"auto, (max-width: 1024px) 100vw, 1024px\" \/><\/figure>\n<\/figure>\n","protected":false},"excerpt":{"rendered":"<p>La seccional ATE R\u00edo Tercero aprob\u00f3 ayer la memoria y balance de lo actuado desde 2019 a la fecha. El acto estuvo presidido por el secretario General, Damian Albornoz, y la secretaria General Adjunta, Ver\u00f3nica Pramparo.&#8221; La memoria y balance se aprob\u00f3 por unanimidad, lo sentimos como un respaldo a esta conducci\u00f3n&#8221;, afirm\u00f3 el secretario [&hellip;]<\/p>\n","protected":false},"author":7,"featured_media":31426,"comment_status":"open","ping_status":"open","sticky":false,"template":"","format":"standard","meta":{"_exactmetrics_skip_tracking":false,"_exactmetrics_sitenote_active":false,"_exactmetrics_sitenote_note":"","_exactmetrics_sitenote_category":0,"jnews-multi-image_gallery":[],"jnews_single_post":{"subtitle":"Estuvo presente el secretario General de ATE C\u00f3rdoba, Federico Giuliani.","format":"standard","video":"","gallery":"","source_name":"","source_url":"","via_name":"","via_url":"","override_template":"0","override":[{"template":"1","single_blog_custom":"","parallax":"1","fullscreen":"1","layout":"right-sidebar","sidebar":"default-sidebar","second_sidebar":"default-sidebar","sticky_sidebar":"1","share_position":"top","share_float_style":"share-monocrhome","show_share_counter":"1","show_view_counter":"1","show_featured":"1","show_post_meta":"1","show_post_author":"1","show_post_author_image":"1","show_post_date":"1","post_date_format":"default","post_date_format_custom":"Y\/m\/d","show_post_category":"1","show_post_reading_time":"0","post_reading_time_wpm":"300","show_zoom_button":"0","zoom_button_out_step":"2","zoom_button_in_step":"3","show_post_tag":"1","show_prev_next_post":"1","show_popup_post":"1","number_popup_post":"1","show_author_box":"0","show_post_related":"0","show_inline_post_related":"0"}],"override_image_size":"0","image_override":[{"single_post_thumbnail_size":"crop-500","single_post_gallery_size":"crop-500"}],"trending_post":"0","trending_post_position":"meta","trending_post_label":"Trending","sponsored_post":"0","sponsored_post_label":"Sponsored by","sponsored_post_name":"","sponsored_post_url":"","sponsored_post_logo_enable":"0","sponsored_post_logo":"","sponsored_post_desc":"","disable_ad":"0"},"jnews_primary_category":{"id":""},"jnews_social_meta":{"fb_title":"R\u00edo Tercero: por unanimidad se aprob\u00f3 la memoria y balance de la seccional","fb_description":"","fb_image":"","twitter_title":"","twitter_description":"","twitter_image":""},"jnews_review":[],"enable_review":"0","type":"percentage","name":"","summary":"","brand":"","sku":"","good":[{"good_text":""}],"bad":[{"bad_text":""}],"score_override":"","override_value":"","rating":[{"rating_text":"","rating_number":"10"}],"price":[{"shop":"","price":"","link":"","icon":""}],"jnews_override_counter":{"override_view_counter":"0","view_counter_number":"0","override_share_counter":"0","share_counter_number":"0","override_like_counter":"0","like_counter_number":"0","override_dislike_counter":"0","dislike_counter_number":"0"},"jnews_post_split":{"enable_post_split":"0","post_split":[{"template":"1","tag":"h2","numbering":"asc","mode":"normal","first":"0","enable_toc":"0","toc_type":"normal"}]},"footnotes":""},"categories":[13],"tags":[1078],"class_list":["post-31416","post","type-post","status-publish","format-standard","has-post-thumbnail","hentry","category-rio-tercero","tag-memoria-y-balance"],"jetpack_featured_media_url":"https:\/\/atecordoba.org\/wp-content\/uploads\/2022\/04\/12-04-Asamblea-Rio-Tercero-7-1-e1649785986123.jpg","_links":{"self":[{"href":"https:\/\/atecordoba.org\/index.php?rest_route=\/wp\/v2\/posts\/31416","targetHints":{"allow":["GET"]}}],"collection":[{"href":"https:\/\/atecordoba.org\/index.php?rest_route=\/wp\/v2\/posts"}],"about":[{"href":"https:\/\/atecordoba.org\/index.php?rest_route=\/wp\/v2\/types\/post"}],"author":[{"embeddable":true,"href":"https:\/\/atecordoba.org\/index.php?rest_route=\/wp\/v2\/users\/7"}],"replies":[{"embeddable":true,"href":"https:\/\/atecordoba.org\/index.php?rest_route=%2Fwp%2Fv2%2Fcomments&post=31416"}],"version-history":[{"count":1,"href":"https:\/\/atecordoba.org\/index.php?rest_route=\/wp\/v2\/posts\/31416\/revisions"}],"predecessor-version":[{"id":31430,"href":"https:\/\/atecordoba.org\/index.php?rest_route=\/wp\/v2\/posts\/31416\/revisions\/31430"}],"wp:featuredmedia":[{"embeddable":true,"href":"https:\/\/atecordoba.org\/index.php?rest_route=\/wp\/v2\/media\/31426"}],"wp:attachment":[{"href":"https:\/\/atecordoba.org\/index.php?rest_route=%2Fwp%2Fv2%2Fmedia&parent=31416"}],"wp:term":[{"taxonomy":"category","embeddable":true,"href":"https:\/\/atecordoba.org\/index.php?rest_route=%2Fwp%2Fv2%2Fcategories&post=31416"},{"taxonomy":"post_tag","embeddable":true,"href":"https:\/\/atecordoba.org\/index.php?rest_route=%2Fwp%2Fv2%2Ftags&post=31416"}],"curies":[{"name":"wp","href":"https:\/\/api.w.org\/{rel}","templated":true}]}}