{"id":31402,"date":"2022-04-12T13:22:16","date_gmt":"2022-04-12T16:22:16","guid":{"rendered":"https:\/\/atecordoba.org\/?p=31402"},"modified":"2023-03-27T12:56:19","modified_gmt":"2023-03-27T15:56:19","slug":"sin-inconvenientes-se-desarrollan-en-las-elecciones-delegados-y-delegadas-en-la-universidad-provincial","status":"publish","type":"post","link":"https:\/\/atecordoba.org\/?p=31402","title":{"rendered":"Sin inconvenientes se desarrollan las elecciones delegados y delegadas en la Universidad Provincial"},"content":{"rendered":"\n<div class=\"wp-block-image\"><figure class=\"aligncenter size-large is-resized\"><img loading=\"lazy\" decoding=\"async\" src=\"https:\/\/atecordoba.org\/wp-content\/uploads\/2022\/04\/20220412_100850-1024x576.jpg\" alt=\"\" class=\"wp-image-31406\" width=\"768\" height=\"432\" srcset=\"https:\/\/atecordoba.org\/wp-content\/uploads\/2022\/04\/20220412_100850-1024x576.jpg 1024w, https:\/\/atecordoba.org\/wp-content\/uploads\/2022\/04\/20220412_100850-300x169.jpg 300w, https:\/\/atecordoba.org\/wp-content\/uploads\/2022\/04\/20220412_100850-768x432.jpg 768w, https:\/\/atecordoba.org\/wp-content\/uploads\/2022\/04\/20220412_100850-1536x864.jpg 1536w, https:\/\/atecordoba.org\/wp-content\/uploads\/2022\/04\/20220412_100850-2048x1152.jpg 2048w, https:\/\/atecordoba.org\/wp-content\/uploads\/2022\/04\/20220412_100850-750x422.jpg 750w, https:\/\/atecordoba.org\/wp-content\/uploads\/2022\/04\/20220412_100850-1140x641.jpg 1140w\" sizes=\"auto, (max-width: 768px) 100vw, 768px\" \/><\/figure><\/div>\n\n\n\n<p>Desde las 9 y hasta las 18 horas se desarrolla en la Universidad Provincial la elecci\u00f3n de delegados y delegadas de ATE, proceso que sigue a la normalizaci\u00f3n de la representaci\u00f3n gremial de los docentes y no docentes de la casa de estudios, tras la incorporaci\u00f3n del sector a nuestro gremio a fines de 2020.<\/p>\n\n\n\n<p>El acto eleccionario se desarrolla con total normalidad y est\u00e1n habilitados para sufragar m\u00e1s de 1000 trabajadoras y trabajadores que forman parte del padr\u00f3n habilitado. Las y los candidatos de la lista de unidad son Juan Sebasti\u00e1n Valfr\u00e9, Ana Bel\u00e9n Zwilling, Alfonso Teresa Garc\u00eda, Marcela Catalina Mambrini y F\u00e9lix Tapia. Suplemente: Andrea Ruiz.<\/p>\n\n\n\n<div class=\"wp-block-image\"><figure class=\"alignleft size-large is-resized\"><img loading=\"lazy\" decoding=\"async\" src=\"https:\/\/atecordoba.org\/wp-content\/uploads\/2022\/04\/20220412_095244-1024x576.jpg\" alt=\"\" class=\"wp-image-31407\" width=\"512\" height=\"288\" srcset=\"https:\/\/atecordoba.org\/wp-content\/uploads\/2022\/04\/20220412_095244-1024x576.jpg 1024w, https:\/\/atecordoba.org\/wp-content\/uploads\/2022\/04\/20220412_095244-300x169.jpg 300w, https:\/\/atecordoba.org\/wp-content\/uploads\/2022\/04\/20220412_095244-768x432.jpg 768w, https:\/\/atecordoba.org\/wp-content\/uploads\/2022\/04\/20220412_095244-1536x864.jpg 1536w, https:\/\/atecordoba.org\/wp-content\/uploads\/2022\/04\/20220412_095244-2048x1152.jpg 2048w, https:\/\/atecordoba.org\/wp-content\/uploads\/2022\/04\/20220412_095244-750x422.jpg 750w, https:\/\/atecordoba.org\/wp-content\/uploads\/2022\/04\/20220412_095244-1140x641.jpg 1140w\" sizes=\"auto, (max-width: 512px) 100vw, 512px\" \/><\/figure><\/div>\n\n\n\n<p>Para resaltar la importancia de la elecci\u00f3n y dar apoyo directo al cuerpo de delegados, esta ma\u00f1ana se hizo presente el secretario General de ATE C\u00f3rdoba, Federico Giuliani, quien resalt\u00f3 que &#8220;nuestra idea, a partir de este hecho pol\u00edtico significativo, es plantar la bandera de una alternativa sindical en el \u00e1mbito de la universidad. Desde la fundaci\u00f3n de la casa de estudios hubo una connivencia en la conducci\u00f3n universitaria y el unicato sindical de la UEPC, pero ATE viene a irrumpir como lo nuevo, una opci\u00f3n que rompa la inercia del unicato y pueda plantear las problem\u00e1ticas centrales del sector: precarizaci\u00f3n laboral, salarios de miseria o sobrecarga laboral&#8221;.<\/p>\n\n\n\n<p>El dirigente record\u00f3 que &#8220;en un comienzo lamentablemente la Universidad Provincial de C\u00f3rdoba opt\u00f3 por intentar disciplinar a las y los compa\u00f1eros afiliados a ATE, despidiendo al delegado normalizador Juan Valfr\u00e9 all\u00e1 por principios de 2021. Es decir, arrancamos con conflicto, hubo una Carpa Blanca de la Educaci\u00f3n frente a la instituci\u00f3n, hoy est\u00e1 judicializado el caso de Valfr\u00e9. As\u00ed y todo, avanzamos y este a\u00f1o se abri\u00f3 la presencialidad en el espacio territorial de la Universidad y decidimos proseguir en la normalizaci\u00f3n del proceso electoral con los delegados y delegadas&#8221;.<\/p>\n\n\n\n<p>Y concluy\u00f3 se\u00f1alando que &#8220;creemos que estamos dando el puntapi\u00e9 inicial para poder crecer en este sector para poder llevar nuestras propuestas a una mesa paritaria con quien hoy est\u00e1 a cargo de la universidad. Este hecho destaca la libertad y democracia sindical y va en sinton\u00eda con el norte que tiene ATE C\u00f3rdoba: sector que se abre, se afilia y se eligen delegados y delegadas para organizar y unificar la pelea&#8221;.<\/p>\n\n\n\n<p>Acompa\u00f1aron a Giuliani el secretario de Formaci\u00f3n, Cesar Theaux, la secretaria de Prensa, Julia Giuliani, y el secretario General de CTA C\u00f3rdoba Capital, Diego Guerra.<\/p>\n\n\n\n<div class=\"wp-block-image\"><figure class=\"alignright size-large is-resized\"><img loading=\"lazy\" decoding=\"async\" src=\"https:\/\/atecordoba.org\/wp-content\/uploads\/2022\/04\/20220412_101712-1024x576.jpg\" alt=\"\" class=\"wp-image-31408\" width=\"512\" height=\"288\" \/><\/figure><\/div>\n\n\n\n<p><strong>El cuerpo de delegados<\/strong><\/p>\n\n\n\n<p>Tambi\u00e9n dieron su opini\u00f3n las y los candidatos a delegados sobre un hecho hist\u00f3rico, fruto de la lucha y la constancia para no amedrentarse a pesar de las presiones patronales.<\/p>\n\n\n\n<p>En tal sentido Juan Valfr\u00e9 destac\u00f3 que &#8220;hoy estamos en la posibilidad de formalizar la elecci\u00f3n de delegados y la representaci\u00f3n de ATE, para avanzar en una agenda con temas que deben poner en la mesa de di\u00e1logo, en relaci\u00f3n a la regularizaci\u00f3n de docentes y de los cargos docentes no directivos, con el fin de que todos los compa\u00f1eros y compa\u00f1eras puedan acceder a esa regularizaci\u00f3n sin exclusiones, como paso natural a una vida m\u00e1s democr\u00e1tica en la universidad, que es lo que est\u00e1 esperando la comunidad&#8221;.<\/p>\n\n\n\n<p>A su turno Alfonso Teresa Garc\u00eda dijo estar &#8220;muy contento porque es un primer gran paso para la democratizaci\u00f3n de la Universidad, en medio de este proceso de normalizaci\u00f3n donde los trabajadores sufrimos de algunos abusos. Si bien existen otros gremios no est\u00e1n representando ni a docentes ni a no docentes y creemos que ATE va a darnos lugar para entrar en la mesa de debate. Hay acciones antidemocr\u00e1ticas por parte del Rectorado pero poco a poco vamos a seguir avanzando. Esta votaci\u00f3n empuja hacia la normalizaci\u00f3n&#8221;.<\/p>\n\n\n\n<p>Seguidamente, Marcela Mambrini apunt\u00f3 que &#8220;es importante como docente tener un gremio que realmente nos represente, que podamos establecer un dialogo y ser contenidos ante una regularizaci\u00f3n de los concursos de cargos. Es fundamental ATE para ser escuchados para tener propuestas salariales decentes&#8221;.<\/p>\n\n\n\n<p>Y pro \u00faltimo Bel\u00e9n Zwilling afirm\u00f3 que &#8220;al fin podemos tener nuestras elecciones y esperamos que todos los docentes y participen. &nbsp;En este momento estamos en un periodo de transici\u00f3n y con la definici\u00f3n de los cargos no nos est\u00e1n representando bien a los docentes. Dentro de ATE tenemos un espacio para hacer valer nuestros derechos que adquirimos en base a la antig\u00fcedad y situaci\u00f3n de revista, con la que iniciamos la carrera docente&#8221;.<\/p>\n\n\n\n<figure class=\"wp-block-gallery has-nested-images columns-default is-cropped wp-block-gallery-1 is-layout-flex wp-block-gallery-is-layout-flex\">\n<figure class=\"wp-block-image size-large\"><img loading=\"lazy\" decoding=\"async\" width=\"1024\" height=\"576\" data-id=\"31409\" src=\"https:\/\/atecordoba.org\/wp-content\/uploads\/2022\/04\/IMG-20220412-WA0002-1024x576.jpg\" alt=\"\" class=\"wp-image-31409\" srcset=\"https:\/\/atecordoba.org\/wp-content\/uploads\/2022\/04\/IMG-20220412-WA0002-1024x576.jpg 1024w, https:\/\/atecordoba.org\/wp-content\/uploads\/2022\/04\/IMG-20220412-WA0002-300x169.jpg 300w, https:\/\/atecordoba.org\/wp-content\/uploads\/2022\/04\/IMG-20220412-WA0002-768x432.jpg 768w, https:\/\/atecordoba.org\/wp-content\/uploads\/2022\/04\/IMG-20220412-WA0002-1536x864.jpg 1536w, https:\/\/atecordoba.org\/wp-content\/uploads\/2022\/04\/IMG-20220412-WA0002-750x422.jpg 750w, https:\/\/atecordoba.org\/wp-content\/uploads\/2022\/04\/IMG-20220412-WA0002-1140x641.jpg 1140w, https:\/\/atecordoba.org\/wp-content\/uploads\/2022\/04\/IMG-20220412-WA0002.jpg 1600w\" sizes=\"auto, (max-width: 1024px) 100vw, 1024px\" \/><\/figure>\n\n\n\n<figure class=\"wp-block-image size-large\"><img loading=\"lazy\" decoding=\"async\" width=\"1024\" height=\"576\" data-id=\"31412\" src=\"https:\/\/atecordoba.org\/wp-content\/uploads\/2022\/04\/20220412_100958-1024x576.jpg\" alt=\"\" class=\"wp-image-31412\" srcset=\"https:\/\/atecordoba.org\/wp-content\/uploads\/2022\/04\/20220412_100958-1024x576.jpg 1024w, https:\/\/atecordoba.org\/wp-content\/uploads\/2022\/04\/20220412_100958-300x169.jpg 300w, https:\/\/atecordoba.org\/wp-content\/uploads\/2022\/04\/20220412_100958-768x432.jpg 768w, https:\/\/atecordoba.org\/wp-content\/uploads\/2022\/04\/20220412_100958-1536x864.jpg 1536w, https:\/\/atecordoba.org\/wp-content\/uploads\/2022\/04\/20220412_100958-2048x1152.jpg 2048w, https:\/\/atecordoba.org\/wp-content\/uploads\/2022\/04\/20220412_100958-750x422.jpg 750w, https:\/\/atecordoba.org\/wp-content\/uploads\/2022\/04\/20220412_100958-1140x641.jpg 1140w\" sizes=\"auto, (max-width: 1024px) 100vw, 1024px\" \/><\/figure>\n\n\n\n<figure class=\"wp-block-image size-large\"><img loading=\"lazy\" decoding=\"async\" width=\"1024\" height=\"576\" data-id=\"31413\" src=\"https:\/\/atecordoba.org\/wp-content\/uploads\/2022\/04\/20220412_101545-1024x576.jpg\" alt=\"\" class=\"wp-image-31413\" srcset=\"https:\/\/atecordoba.org\/wp-content\/uploads\/2022\/04\/20220412_101545-1024x576.jpg 1024w, https:\/\/atecordoba.org\/wp-content\/uploads\/2022\/04\/20220412_101545-300x169.jpg 300w, https:\/\/atecordoba.org\/wp-content\/uploads\/2022\/04\/20220412_101545-768x432.jpg 768w, https:\/\/atecordoba.org\/wp-content\/uploads\/2022\/04\/20220412_101545-1536x864.jpg 1536w, https:\/\/atecordoba.org\/wp-content\/uploads\/2022\/04\/20220412_101545-2048x1152.jpg 2048w, https:\/\/atecordoba.org\/wp-content\/uploads\/2022\/04\/20220412_101545-750x422.jpg 750w, https:\/\/atecordoba.org\/wp-content\/uploads\/2022\/04\/20220412_101545-1140x641.jpg 1140w\" sizes=\"auto, (max-width: 1024px) 100vw, 1024px\" \/><\/figure>\n<\/figure>\n\n\n\n<p><\/p>\n","protected":false},"excerpt":{"rendered":"<p>Desde las 9 y hasta las 18 horas se desarrolla en la Universidad Provincial la elecci\u00f3n de delegados y delegadas de ATE, proceso que sigue a la normalizaci\u00f3n de la representaci\u00f3n gremial de los docentes y no docentes de la casa de estudios, tras la incorporaci\u00f3n del sector a nuestro gremio a fines de 2020. [&hellip;]<\/p>\n","protected":false},"author":7,"featured_media":31408,"comment_status":"open","ping_status":"open","sticky":false,"template":"","format":"standard","meta":{"_exactmetrics_skip_tracking":false,"_exactmetrics_sitenote_active":false,"_exactmetrics_sitenote_note":"","_exactmetrics_sitenote_category":0,"jnews-multi-image_gallery":[],"jnews_single_post":{"subtitle":"De esta forma se normaliza la representaci\u00f3n gremial en la casa de estudios. Federico Giuliani dijo que \"este hecho destaca la libertad y democracia sindical y va en sinton\u00eda con el norte que tiene ATE C\u00f3rdoba: sector que se abre, se afilia y se eligen delegados y delegadas para organizar y unificar la pelea\".","format":"standard","video":"","gallery":"","source_name":"","source_url":"","via_name":"","via_url":"","override_template":"0","override":[{"template":"1","single_blog_custom":"","parallax":"1","fullscreen":"1","layout":"right-sidebar","sidebar":"default-sidebar","second_sidebar":"default-sidebar","sticky_sidebar":"1","share_position":"top","share_float_style":"share-monocrhome","show_share_counter":"1","show_view_counter":"1","show_featured":"1","show_post_meta":"1","show_post_author":"1","show_post_author_image":"1","show_post_date":"1","post_date_format":"default","post_date_format_custom":"Y\/m\/d","show_post_category":"1","show_post_reading_time":"0","post_reading_time_wpm":"300","show_zoom_button":"0","zoom_button_out_step":"2","zoom_button_in_step":"3","show_post_tag":"1","show_prev_next_post":"1","show_popup_post":"1","number_popup_post":"1","show_author_box":"0","show_post_related":"0","show_inline_post_related":"0"}],"override_image_size":"0","image_override":[{"single_post_thumbnail_size":"crop-500","single_post_gallery_size":"crop-500"}],"trending_post":"0","trending_post_position":"meta","trending_post_label":"Trending","sponsored_post":"0","sponsored_post_label":"Sponsored by","sponsored_post_name":"","sponsored_post_url":"","sponsored_post_logo_enable":"0","sponsored_post_logo":"","sponsored_post_desc":"","disable_ad":"0"},"jnews_primary_category":{"id":""},"jnews_social_meta":{"fb_title":"","fb_description":"","fb_image":"","twitter_title":"","twitter_description":"","twitter_image":""},"jnews_review":[],"enable_review":"0","type":"percentage","name":"","summary":"","brand":"","sku":"","good":[{"good_text":""}],"bad":[{"bad_text":""}],"score_override":"","override_value":"","rating":[{"rating_text":"","rating_number":"10"}],"price":[{"shop":"","price":"","link":"","icon":""}],"jnews_override_counter":{"override_view_counter":"0","view_counter_number":"0","override_share_counter":"0","share_counter_number":"0","override_like_counter":"0","like_counter_number":"0","override_dislike_counter":"0","dislike_counter_number":"0"},"jnews_post_split":{"enable_post_split":"0","post_split":[{"template":"1","tag":"h2","numbering":"asc","mode":"normal","first":"0","enable_toc":"0","toc_type":"normal"}]},"footnotes":""},"categories":[8],"tags":[796,729],"class_list":["post-31402","post","type-post","status-publish","format-standard","has-post-thumbnail","hentry","category-provinciales","tag-elecciones-delegados","tag-universidad-provincial-de-cordoba"],"jetpack_featured_media_url":"https:\/\/atecordoba.org\/wp-content\/uploads\/2022\/04\/20220412_101712-scaled-e1649780523330.jpg","_links":{"self":[{"href":"https:\/\/atecordoba.org\/index.php?rest_route=\/wp\/v2\/posts\/31402","targetHints":{"allow":["GET"]}}],"collection":[{"href":"https:\/\/atecordoba.org\/index.php?rest_route=\/wp\/v2\/posts"}],"about":[{"href":"https:\/\/atecordoba.org\/index.php?rest_route=\/wp\/v2\/types\/post"}],"author":[{"embeddable":true,"href":"https:\/\/atecordoba.org\/index.php?rest_route=\/wp\/v2\/users\/7"}],"replies":[{"embeddable":true,"href":"https:\/\/atecordoba.org\/index.php?rest_route=%2Fwp%2Fv2%2Fcomments&post=31402"}],"version-history":[{"count":2,"href":"https:\/\/atecordoba.org\/index.php?rest_route=\/wp\/v2\/posts\/31402\/revisions"}],"predecessor-version":[{"id":31415,"href":"https:\/\/atecordoba.org\/index.php?rest_route=\/wp\/v2\/posts\/31402\/revisions\/31415"}],"wp:featuredmedia":[{"embeddable":true,"href":"https:\/\/atecordoba.org\/index.php?rest_route=\/wp\/v2\/media\/31408"}],"wp:attachment":[{"href":"https:\/\/atecordoba.org\/index.php?rest_route=%2Fwp%2Fv2%2Fmedia&parent=31402"}],"wp:term":[{"taxonomy":"category","embeddable":true,"href":"https:\/\/atecordoba.org\/index.php?rest_route=%2Fwp%2Fv2%2Fcategories&post=31402"},{"taxonomy":"post_tag","embeddable":true,"href":"https:\/\/atecordoba.org\/index.php?rest_route=%2Fwp%2Fv2%2Ftags&post=31402"}],"curies":[{"name":"wp","href":"https:\/\/api.w.org\/{rel}","templated":true}]}}