{"id":31399,"date":"2022-04-12T11:33:08","date_gmt":"2022-04-12T14:33:08","guid":{"rendered":"https:\/\/atecordoba.org\/?p=31399"},"modified":"2022-04-12T12:27:34","modified_gmt":"2022-04-12T15:27:34","slug":"hoy-comienza-la-capacitacion-en-ley-micaela-para-miembros-del-cdp","status":"publish","type":"post","link":"https:\/\/atecordoba.org\/?p=31399","title":{"rendered":"Hoy comienza la capacitaci\u00f3n en Ley Micaela para miembros del CDP"},"content":{"rendered":"\n<div class=\"wp-block-image\"><figure class=\"aligncenter size-large is-resized\"><img loading=\"lazy\" decoding=\"async\" src=\"https:\/\/atecordoba.org\/wp-content\/uploads\/2022\/04\/micaela-1024x576.jpeg\" alt=\"\" class=\"wp-image-31404\" width=\"768\" height=\"432\" \/><\/figure><\/div>\n\n\n\n<p>Hoy dar\u00e1 comienzo el curso de capacitaci\u00f3n en la Ley Micaela para miembros del Consejo Directivo Provincial (CDP), dictado por docentes de la Facultad de Ciencias Sociales de la Universidad Nacional de C\u00f3rdoba.<\/p>\n\n\n\n<p>La actividad es de car\u00e1cter obligatorio conforme lo establecido por la resoluci\u00f3n 15\/2021 del CDP.<\/p>\n\n\n\n<p>Se trata de una pol\u00edtica que ATE C\u00f3rdoba viene llevando adelante desde la Secretaria de Formaci\u00f3n y el Departamento de G\u00e9neros y Diversidades y es resultado del <a href=\"https:\/\/atecordoba.org\/?p=30302\">convenio que ATE firm\u00f3 con la casa de estudios <\/a>en febrero pasado.<\/p>\n\n\n\n<p>En esta primera clase se desarrollar\u00e1 el M\u00f3dulo 1, en el horario de 15 a 19 horas, en la sede de ATE, Entre R\u00edos 450. <\/p>\n","protected":false},"excerpt":{"rendered":"<p>Hoy dar\u00e1 comienzo el curso de capacitaci\u00f3n en la Ley Micaela para miembros del Consejo Directivo Provincial (CDP), dictado por docentes de la Facultad de Ciencias Sociales de la Universidad Nacional de C\u00f3rdoba. La actividad es de car\u00e1cter obligatorio conforme lo establecido por la resoluci\u00f3n 15\/2021 del CDP. Se trata de una pol\u00edtica que ATE [&hellip;]<\/p>\n","protected":false},"author":7,"featured_media":31404,"comment_status":"open","ping_status":"open","sticky":false,"template":"","format":"standard","meta":{"_exactmetrics_skip_tracking":false,"_exactmetrics_sitenote_active":false,"_exactmetrics_sitenote_note":"","_exactmetrics_sitenote_category":0,"jnews-multi-image_gallery":[],"jnews_single_post":{"subtitle":"La actividad es obligatoria conforme lo establecido por la resoluci\u00f3n 15\/2021 de Comisi\u00f3n Directiva.","format":"standard","video":"","gallery":"","source_name":"","source_url":"","via_name":"","via_url":"","override_template":"0","override":[{"template":"1","single_blog_custom":"","parallax":"1","fullscreen":"1","layout":"right-sidebar","sidebar":"default-sidebar","second_sidebar":"default-sidebar","sticky_sidebar":"1","share_position":"top","share_float_style":"share-monocrhome","show_share_counter":"1","show_view_counter":"1","show_featured":"1","show_post_meta":"1","show_post_author":"1","show_post_author_image":"1","show_post_date":"1","post_date_format":"default","post_date_format_custom":"Y\/m\/d","show_post_category":"1","show_post_reading_time":"0","post_reading_time_wpm":"300","show_zoom_button":"0","zoom_button_out_step":"2","zoom_button_in_step":"3","show_post_tag":"1","show_prev_next_post":"1","show_popup_post":"1","number_popup_post":"1","show_author_box":"0","show_post_related":"0","show_inline_post_related":"0"}],"override_image_size":"0","image_override":[{"single_post_thumbnail_size":"crop-500","single_post_gallery_size":"crop-500"}],"trending_post":"0","trending_post_position":"meta","trending_post_label":"Trending","sponsored_post":"0","sponsored_post_label":"Sponsored by","sponsored_post_name":"","sponsored_post_url":"","sponsored_post_logo_enable":"0","sponsored_post_logo":"","sponsored_post_desc":"","disable_ad":"0"},"jnews_primary_category":{"id":""},"jnews_social_meta":{"fb_title":"","fb_description":"","fb_image":"","twitter_title":"","twitter_description":"","twitter_image":""},"jnews_review":[],"enable_review":"0","type":"percentage","name":"","summary":"","brand":"","sku":"","good":[{"good_text":""}],"bad":[{"bad_text":""}],"score_override":"","override_value":"","rating":[{"rating_text":"","rating_number":"10"}],"price":[{"shop":"","price":"","link":"","icon":""}],"jnews_override_counter":{"override_view_counter":"0","view_counter_number":"0","override_share_counter":"0","share_counter_number":"0","override_like_counter":"0","like_counter_number":"0","override_dislike_counter":"0","dislike_counter_number":"0"},"jnews_post_split":{"enable_post_split":"0","post_split":[{"template":"1","tag":"h2","numbering":"asc","mode":"normal","first":"0","enable_toc":"0","toc_type":"normal"}]},"footnotes":""},"categories":[88,325],"tags":[930],"class_list":["post-31399","post","type-post","status-publish","format-standard","has-post-thumbnail","hentry","category-formacion","category-generos-y-diversidades","tag-ley-micaela"],"jetpack_featured_media_url":"https:\/\/atecordoba.org\/wp-content\/uploads\/2022\/04\/micaela-e1649777236894.jpeg","_links":{"self":[{"href":"https:\/\/atecordoba.org\/index.php?rest_route=\/wp\/v2\/posts\/31399","targetHints":{"allow":["GET"]}}],"collection":[{"href":"https:\/\/atecordoba.org\/index.php?rest_route=\/wp\/v2\/posts"}],"about":[{"href":"https:\/\/atecordoba.org\/index.php?rest_route=\/wp\/v2\/types\/post"}],"author":[{"embeddable":true,"href":"https:\/\/atecordoba.org\/index.php?rest_route=\/wp\/v2\/users\/7"}],"replies":[{"embeddable":true,"href":"https:\/\/atecordoba.org\/index.php?rest_route=%2Fwp%2Fv2%2Fcomments&post=31399"}],"version-history":[{"count":2,"href":"https:\/\/atecordoba.org\/index.php?rest_route=\/wp\/v2\/posts\/31399\/revisions"}],"predecessor-version":[{"id":31405,"href":"https:\/\/atecordoba.org\/index.php?rest_route=\/wp\/v2\/posts\/31399\/revisions\/31405"}],"wp:featuredmedia":[{"embeddable":true,"href":"https:\/\/atecordoba.org\/index.php?rest_route=\/wp\/v2\/media\/31404"}],"wp:attachment":[{"href":"https:\/\/atecordoba.org\/index.php?rest_route=%2Fwp%2Fv2%2Fmedia&parent=31399"}],"wp:term":[{"taxonomy":"category","embeddable":true,"href":"https:\/\/atecordoba.org\/index.php?rest_route=%2Fwp%2Fv2%2Fcategories&post=31399"},{"taxonomy":"post_tag","embeddable":true,"href":"https:\/\/atecordoba.org\/index.php?rest_route=%2Fwp%2Fv2%2Ftags&post=31399"}],"curies":[{"name":"wp","href":"https:\/\/api.w.org\/{rel}","templated":true}]}}