{"id":31390,"date":"2022-04-12T10:48:37","date_gmt":"2022-04-12T13:48:37","guid":{"rendered":"https:\/\/atecordoba.org\/?p=31390"},"modified":"2022-04-12T10:55:11","modified_gmt":"2022-04-12T13:55:11","slug":"la-seccional-realizo-la-asamblea-anual-ordinaria-de-memoria-y-balance-en-la-seccional","status":"publish","type":"post","link":"https:\/\/atecordoba.org\/?p=31390","title":{"rendered":"La seccional realiz\u00f3 la asamblea anual ordinaria de memoria y balance"},"content":{"rendered":"\n<div class=\"wp-block-image\"><figure class=\"aligncenter size-full is-resized\"><img loading=\"lazy\" decoding=\"async\" src=\"https:\/\/atecordoba.org\/wp-content\/uploads\/2022\/04\/WhatsApp-Image-2022-04-11-at-12.49.55-PM.jpeg\" alt=\"\" class=\"wp-image-31391\" width=\"768\" height=\"576\" \/><\/figure><\/div>\n\n\n\n<p>Encabezada por su Secretario General Diego Villegas , la seccional ATE Adelia Mar\u00eda realiz\u00f3 el viernes pasado la asamblea anual ordinaria para tratar memoria y balance de los actuado durante los periodos 2019, 2020 y 2021.<\/p>\n\n\n\n<p>La asamblea aprob\u00f3 los ejercicios de forma un\u00e1nime. <\/p>\n\n\n\n<p>Estuvieron presentes integrantes de comisi\u00f3n directiva como el secretario General Adjunto, Roberto S\u00e1nchez, la secretaria Administrativa, Liliana Morales y el  secretario Gremial, Mariano Baudino, entre otros.<\/p>\n\n\n\n<p>Asimismo, acompa\u00f1aron el acto una delegaci\u00f3n del Consejo Directivo Provincial, encabezada por el secretario General, Federico Giuliani, que felicit\u00f3 el trabajo que esta nueva seccional viene realizando, donde la mayor\u00eda son municipales y hay mucho para seguir creciendo. <\/p>\n\n\n\n<p>Tambi\u00e9n estuvieron el secretario de Finanzas, Ricardo Reyna, de Formaci\u00f3n, C\u00e9sar Theaux, de Prensa y Comunicaci\u00f3n, Julia Giuliani, junto a Rafaela Alcoba, secretaria General de ATE R\u00edo Cuarto.<\/p>\n\n\n\n<figure class=\"wp-block-gallery has-nested-images columns-default is-cropped wp-block-gallery-1 is-layout-flex wp-block-gallery-is-layout-flex\">\n<figure class=\"wp-block-image size-large\"><a href=\"https:\/\/atecordoba.org\/wp-content\/uploads\/2022\/04\/WhatsApp-Image-2022-04-11-at-12.49.58-PM-1.jpeg\"><img loading=\"lazy\" decoding=\"async\" width=\"1024\" height=\"768\" data-id=\"31392\" src=\"https:\/\/atecordoba.org\/wp-content\/uploads\/2022\/04\/WhatsApp-Image-2022-04-11-at-12.49.58-PM-1.jpeg\" alt=\"\" class=\"wp-image-31392\" srcset=\"https:\/\/atecordoba.org\/wp-content\/uploads\/2022\/04\/WhatsApp-Image-2022-04-11-at-12.49.58-PM-1.jpeg 1024w, https:\/\/atecordoba.org\/wp-content\/uploads\/2022\/04\/WhatsApp-Image-2022-04-11-at-12.49.58-PM-1-300x225.jpeg 300w, https:\/\/atecordoba.org\/wp-content\/uploads\/2022\/04\/WhatsApp-Image-2022-04-11-at-12.49.58-PM-1-768x576.jpeg 768w, https:\/\/atecordoba.org\/wp-content\/uploads\/2022\/04\/WhatsApp-Image-2022-04-11-at-12.49.58-PM-1-750x563.jpeg 750w\" sizes=\"auto, (max-width: 1024px) 100vw, 1024px\" \/><\/a><\/figure>\n\n\n\n<figure class=\"wp-block-image size-large\"><a href=\"https:\/\/atecordoba.org\/wp-content\/uploads\/2022\/04\/WhatsApp-Image-2022-04-11-at-12.49.58-PM.jpeg\"><img loading=\"lazy\" decoding=\"async\" width=\"1024\" height=\"768\" data-id=\"31396\" src=\"https:\/\/atecordoba.org\/wp-content\/uploads\/2022\/04\/WhatsApp-Image-2022-04-11-at-12.49.58-PM-1024x768.jpeg\" alt=\"\" class=\"wp-image-31396\" srcset=\"https:\/\/atecordoba.org\/wp-content\/uploads\/2022\/04\/WhatsApp-Image-2022-04-11-at-12.49.58-PM-1024x768.jpeg 1024w, https:\/\/atecordoba.org\/wp-content\/uploads\/2022\/04\/WhatsApp-Image-2022-04-11-at-12.49.58-PM-300x225.jpeg 300w, https:\/\/atecordoba.org\/wp-content\/uploads\/2022\/04\/WhatsApp-Image-2022-04-11-at-12.49.58-PM-768x576.jpeg 768w, https:\/\/atecordoba.org\/wp-content\/uploads\/2022\/04\/WhatsApp-Image-2022-04-11-at-12.49.58-PM-1536x1152.jpeg 1536w, https:\/\/atecordoba.org\/wp-content\/uploads\/2022\/04\/WhatsApp-Image-2022-04-11-at-12.49.58-PM-750x563.jpeg 750w, https:\/\/atecordoba.org\/wp-content\/uploads\/2022\/04\/WhatsApp-Image-2022-04-11-at-12.49.58-PM-1140x855.jpeg 1140w, https:\/\/atecordoba.org\/wp-content\/uploads\/2022\/04\/WhatsApp-Image-2022-04-11-at-12.49.58-PM.jpeg 1600w\" sizes=\"auto, (max-width: 1024px) 100vw, 1024px\" \/><\/a><\/figure>\n\n\n\n<figure class=\"wp-block-image size-large\"><a href=\"https:\/\/atecordoba.org\/wp-content\/uploads\/2022\/04\/WhatsApp-Image-2022-04-11-at-12.49.53-PM-1.jpeg\"><img loading=\"lazy\" decoding=\"async\" width=\"1024\" height=\"576\" data-id=\"31394\" src=\"https:\/\/atecordoba.org\/wp-content\/uploads\/2022\/04\/WhatsApp-Image-2022-04-11-at-12.49.53-PM-1-1024x576.jpeg\" alt=\"\" class=\"wp-image-31394\" srcset=\"https:\/\/atecordoba.org\/wp-content\/uploads\/2022\/04\/WhatsApp-Image-2022-04-11-at-12.49.53-PM-1-1024x576.jpeg 1024w, https:\/\/atecordoba.org\/wp-content\/uploads\/2022\/04\/WhatsApp-Image-2022-04-11-at-12.49.53-PM-1-300x169.jpeg 300w, https:\/\/atecordoba.org\/wp-content\/uploads\/2022\/04\/WhatsApp-Image-2022-04-11-at-12.49.53-PM-1-768x432.jpeg 768w, https:\/\/atecordoba.org\/wp-content\/uploads\/2022\/04\/WhatsApp-Image-2022-04-11-at-12.49.53-PM-1-1536x864.jpeg 1536w, https:\/\/atecordoba.org\/wp-content\/uploads\/2022\/04\/WhatsApp-Image-2022-04-11-at-12.49.53-PM-1-750x422.jpeg 750w, https:\/\/atecordoba.org\/wp-content\/uploads\/2022\/04\/WhatsApp-Image-2022-04-11-at-12.49.53-PM-1-1140x641.jpeg 1140w, https:\/\/atecordoba.org\/wp-content\/uploads\/2022\/04\/WhatsApp-Image-2022-04-11-at-12.49.53-PM-1.jpeg 1599w\" sizes=\"auto, (max-width: 1024px) 100vw, 1024px\" \/><\/a><\/figure>\n\n\n\n<figure class=\"wp-block-image size-large\"><a href=\"https:\/\/atecordoba.org\/wp-content\/uploads\/2022\/04\/WhatsApp-Image-2022-04-11-at-12.49.53-PM.jpeg\"><img loading=\"lazy\" decoding=\"async\" width=\"1024\" height=\"576\" data-id=\"31395\" src=\"https:\/\/atecordoba.org\/wp-content\/uploads\/2022\/04\/WhatsApp-Image-2022-04-11-at-12.49.53-PM-1024x576.jpeg\" alt=\"\" class=\"wp-image-31395\" srcset=\"https:\/\/atecordoba.org\/wp-content\/uploads\/2022\/04\/WhatsApp-Image-2022-04-11-at-12.49.53-PM-1024x576.jpeg 1024w, https:\/\/atecordoba.org\/wp-content\/uploads\/2022\/04\/WhatsApp-Image-2022-04-11-at-12.49.53-PM-300x169.jpeg 300w, https:\/\/atecordoba.org\/wp-content\/uploads\/2022\/04\/WhatsApp-Image-2022-04-11-at-12.49.53-PM-768x432.jpeg 768w, https:\/\/atecordoba.org\/wp-content\/uploads\/2022\/04\/WhatsApp-Image-2022-04-11-at-12.49.53-PM-1536x864.jpeg 1536w, https:\/\/atecordoba.org\/wp-content\/uploads\/2022\/04\/WhatsApp-Image-2022-04-11-at-12.49.53-PM-750x422.jpeg 750w, https:\/\/atecordoba.org\/wp-content\/uploads\/2022\/04\/WhatsApp-Image-2022-04-11-at-12.49.53-PM-1140x641.jpeg 1140w, https:\/\/atecordoba.org\/wp-content\/uploads\/2022\/04\/WhatsApp-Image-2022-04-11-at-12.49.53-PM.jpeg 1599w\" sizes=\"auto, (max-width: 1024px) 100vw, 1024px\" \/><\/a><\/figure>\n\n\n\n<figure class=\"wp-block-image size-large\"><a href=\"https:\/\/atecordoba.org\/wp-content\/uploads\/2022\/04\/WhatsApp-Image-2022-04-11-at-12.49.55-PM-1.jpeg\"><img loading=\"lazy\" decoding=\"async\" width=\"1024\" height=\"460\" data-id=\"31393\" src=\"https:\/\/atecordoba.org\/wp-content\/uploads\/2022\/04\/WhatsApp-Image-2022-04-11-at-12.49.55-PM-1-1024x460.jpeg\" alt=\"\" class=\"wp-image-31393\" srcset=\"https:\/\/atecordoba.org\/wp-content\/uploads\/2022\/04\/WhatsApp-Image-2022-04-11-at-12.49.55-PM-1-1024x460.jpeg 1024w, https:\/\/atecordoba.org\/wp-content\/uploads\/2022\/04\/WhatsApp-Image-2022-04-11-at-12.49.55-PM-1-300x135.jpeg 300w, https:\/\/atecordoba.org\/wp-content\/uploads\/2022\/04\/WhatsApp-Image-2022-04-11-at-12.49.55-PM-1-768x345.jpeg 768w, https:\/\/atecordoba.org\/wp-content\/uploads\/2022\/04\/WhatsApp-Image-2022-04-11-at-12.49.55-PM-1-1536x690.jpeg 1536w, https:\/\/atecordoba.org\/wp-content\/uploads\/2022\/04\/WhatsApp-Image-2022-04-11-at-12.49.55-PM-1-750x337.jpeg 750w, https:\/\/atecordoba.org\/wp-content\/uploads\/2022\/04\/WhatsApp-Image-2022-04-11-at-12.49.55-PM-1-1140x512.jpeg 1140w, https:\/\/atecordoba.org\/wp-content\/uploads\/2022\/04\/WhatsApp-Image-2022-04-11-at-12.49.55-PM-1.jpeg 1600w\" sizes=\"auto, (max-width: 1024px) 100vw, 1024px\" \/><\/a><\/figure>\n<\/figure>\n","protected":false},"excerpt":{"rendered":"<p>Encabezada por su Secretario General Diego Villegas , la seccional ATE Adelia Mar\u00eda realiz\u00f3 el viernes pasado la asamblea anual ordinaria para tratar memoria y balance de los actuado durante los periodos 2019, 2020 y 2021. La asamblea aprob\u00f3 los ejercicios de forma un\u00e1nime. Estuvieron presentes integrantes de comisi\u00f3n directiva como el secretario General Adjunto, [&hellip;]<\/p>\n","protected":false},"author":7,"featured_media":31391,"comment_status":"open","ping_status":"open","sticky":false,"template":"","format":"standard","meta":{"_exactmetrics_skip_tracking":false,"_exactmetrics_sitenote_active":false,"_exactmetrics_sitenote_note":"","_exactmetrics_sitenote_category":0,"jnews-multi-image_gallery":[],"jnews_single_post":{"subtitle":"El secretario General de ATE C\u00f3rdoba, Federico Giuliani, acompa\u00f1\u00f3 e acto y alent\u00f3 a las y los compa\u00f1eros a seguir creciendo en afiliaciones y acci\u00f3n sindical. ","format":"standard","video":"","gallery":"","source_name":"","source_url":"","via_name":"","via_url":"","override_template":"0","override":[{"template":"1","single_blog_custom":"","parallax":"1","fullscreen":"1","layout":"right-sidebar","sidebar":"default-sidebar","second_sidebar":"default-sidebar","sticky_sidebar":"1","share_position":"top","share_float_style":"share-monocrhome","show_share_counter":"1","show_view_counter":"1","show_featured":"1","show_post_meta":"1","show_post_author":"1","show_post_author_image":"1","show_post_date":"1","post_date_format":"default","post_date_format_custom":"Y\/m\/d","show_post_category":"1","show_post_reading_time":"0","post_reading_time_wpm":"300","show_zoom_button":"0","zoom_button_out_step":"2","zoom_button_in_step":"3","show_post_tag":"1","show_prev_next_post":"1","show_popup_post":"1","number_popup_post":"1","show_author_box":"0","show_post_related":"0","show_inline_post_related":"0"}],"override_image_size":"0","image_override":[{"single_post_thumbnail_size":"crop-500","single_post_gallery_size":"crop-500"}],"trending_post":"0","trending_post_position":"meta","trending_post_label":"Trending","sponsored_post":"0","sponsored_post_label":"Sponsored by","sponsored_post_name":"","sponsored_post_url":"","sponsored_post_logo_enable":"0","sponsored_post_logo":"","sponsored_post_desc":"","disable_ad":"0"},"jnews_primary_category":{"id":""},"jnews_social_meta":{"fb_title":"Adelia Mar\u00eda: La seccional realiz\u00f3 la asamblea anual ordinaria de memoria y balance","fb_description":"","fb_image":"","twitter_title":"","twitter_description":"","twitter_image":""},"jnews_review":[],"enable_review":"0","type":"percentage","name":"","summary":"","brand":"","sku":"","good":[{"good_text":""}],"bad":[{"bad_text":""}],"score_override":"","override_value":"","rating":[{"rating_text":"","rating_number":"10"}],"price":[{"shop":"","price":"","link":"","icon":""}],"jnews_override_counter":{"override_view_counter":"0","view_counter_number":"0","override_share_counter":"0","share_counter_number":"0","override_like_counter":"0","like_counter_number":"0","override_dislike_counter":"0","dislike_counter_number":"0"},"jnews_post_split":{"enable_post_split":"0","post_split":[{"template":"1","tag":"h2","numbering":"asc","mode":"normal","first":"0","enable_toc":"0","toc_type":"normal"}]},"footnotes":""},"categories":[149],"tags":[1078],"class_list":["post-31390","post","type-post","status-publish","format-standard","has-post-thumbnail","hentry","category-adelia-maria","tag-memoria-y-balance"],"jetpack_featured_media_url":"https:\/\/atecordoba.org\/wp-content\/uploads\/2022\/04\/WhatsApp-Image-2022-04-11-at-12.49.55-PM-e1649771199177.jpeg","_links":{"self":[{"href":"https:\/\/atecordoba.org\/index.php?rest_route=\/wp\/v2\/posts\/31390","targetHints":{"allow":["GET"]}}],"collection":[{"href":"https:\/\/atecordoba.org\/index.php?rest_route=\/wp\/v2\/posts"}],"about":[{"href":"https:\/\/atecordoba.org\/index.php?rest_route=\/wp\/v2\/types\/post"}],"author":[{"embeddable":true,"href":"https:\/\/atecordoba.org\/index.php?rest_route=\/wp\/v2\/users\/7"}],"replies":[{"embeddable":true,"href":"https:\/\/atecordoba.org\/index.php?rest_route=%2Fwp%2Fv2%2Fcomments&post=31390"}],"version-history":[{"count":2,"href":"https:\/\/atecordoba.org\/index.php?rest_route=\/wp\/v2\/posts\/31390\/revisions"}],"predecessor-version":[{"id":31398,"href":"https:\/\/atecordoba.org\/index.php?rest_route=\/wp\/v2\/posts\/31390\/revisions\/31398"}],"wp:featuredmedia":[{"embeddable":true,"href":"https:\/\/atecordoba.org\/index.php?rest_route=\/wp\/v2\/media\/31391"}],"wp:attachment":[{"href":"https:\/\/atecordoba.org\/index.php?rest_route=%2Fwp%2Fv2%2Fmedia&parent=31390"}],"wp:term":[{"taxonomy":"category","embeddable":true,"href":"https:\/\/atecordoba.org\/index.php?rest_route=%2Fwp%2Fv2%2Fcategories&post=31390"},{"taxonomy":"post_tag","embeddable":true,"href":"https:\/\/atecordoba.org\/index.php?rest_route=%2Fwp%2Fv2%2Ftags&post=31390"}],"curies":[{"name":"wp","href":"https:\/\/api.w.org\/{rel}","templated":true}]}}