{"id":31380,"date":"2022-04-11T14:26:15","date_gmt":"2022-04-11T17:26:15","guid":{"rendered":"https:\/\/atecordoba.org\/?p=31380"},"modified":"2022-04-11T14:26:32","modified_gmt":"2022-04-11T17:26:32","slug":"ministerio-de-trabajo-asamblea-reclama-pronta-apertura-de-paritarias","status":"publish","type":"post","link":"https:\/\/atecordoba.org\/?p=31380","title":{"rendered":"Ministerio de Trabajo: asamblea reclama pronta apertura de paritarias"},"content":{"rendered":"\n<figure class=\"wp-block-gallery has-nested-images columns-default is-cropped wp-block-gallery-1 is-layout-flex wp-block-gallery-is-layout-flex\">\n<figure class=\"wp-block-image size-large\"><img loading=\"lazy\" decoding=\"async\" width=\"1024\" height=\"768\" data-id=\"31385\" src=\"https:\/\/atecordoba.org\/wp-content\/uploads\/2022\/04\/WhatsApp-Image-2022-04-11-at-12.33.50-PM-2-1024x768.jpeg\" alt=\"\" class=\"wp-image-31385\" \/><\/figure>\n\n\n\n<figure class=\"wp-block-image size-large\"><img loading=\"lazy\" decoding=\"async\" width=\"1024\" height=\"768\" data-id=\"31384\" src=\"https:\/\/atecordoba.org\/wp-content\/uploads\/2022\/04\/WhatsApp-Image-2022-04-11-at-12.33.50-PM-1-1-1024x768.jpeg\" alt=\"\" class=\"wp-image-31384\" srcset=\"https:\/\/atecordoba.org\/wp-content\/uploads\/2022\/04\/WhatsApp-Image-2022-04-11-at-12.33.50-PM-1-1-1024x768.jpeg 1024w, https:\/\/atecordoba.org\/wp-content\/uploads\/2022\/04\/WhatsApp-Image-2022-04-11-at-12.33.50-PM-1-1-300x225.jpeg 300w, https:\/\/atecordoba.org\/wp-content\/uploads\/2022\/04\/WhatsApp-Image-2022-04-11-at-12.33.50-PM-1-1-768x576.jpeg 768w, https:\/\/atecordoba.org\/wp-content\/uploads\/2022\/04\/WhatsApp-Image-2022-04-11-at-12.33.50-PM-1-1-1536x1152.jpeg 1536w, https:\/\/atecordoba.org\/wp-content\/uploads\/2022\/04\/WhatsApp-Image-2022-04-11-at-12.33.50-PM-1-1-750x563.jpeg 750w, https:\/\/atecordoba.org\/wp-content\/uploads\/2022\/04\/WhatsApp-Image-2022-04-11-at-12.33.50-PM-1-1-1140x855.jpeg 1140w, https:\/\/atecordoba.org\/wp-content\/uploads\/2022\/04\/WhatsApp-Image-2022-04-11-at-12.33.50-PM-1-1.jpeg 1600w\" sizes=\"auto, (max-width: 1024px) 100vw, 1024px\" \/><\/figure>\n<\/figure>\n\n\n\n<p>En l\u00ednea con lo resuelto en marzo pasado por el Confederal de ATE Nacional, hoy se realiz\u00f3 la primera asamblea en la Agencia Territorial C\u00f3rdoba del Ministerio de Trabajo de la Naci\u00f3n, a partir de la propuesta del secretario General de ATE C\u00f3rdoba, que propuso impulsar el estado de alerta y movilizaci\u00f3n a los organismos nacionales, en perspectiva de las paritarias de pr\u00f3xima apertura.<\/p>\n\n\n\n<p>El secretario de Formaci\u00f3n del Consejo Directivo Provincial y trabajador del organismo, C\u00e9sar Theaux, afirm\u00f3 que &#8220;fue muy importante la concurrencia de compa\u00f1eros y compa\u00f1eras. Se debati\u00f3 la agenda de reclamos, encabezada por la problem\u00e1tica salarial, fij\u00e1ndose una nueva asamblea para el mi\u00e9rcoles 20 de abril!&#8221;.<\/p>\n\n\n\n<p>El dirigente relat\u00f3 que, Adem\u00e1s, se acord\u00f3 &#8220;firmar una nota por sector con el pedido de adelantar paritarias, que se establezca el salario base a partir de la canasta b\u00e1sica que fija la Encuesta Permanente de Hogares de INDEC y ser cargados todos los sectores al expediente de pedida de apertura de paritarias&#8221;.<\/p>\n","protected":false},"excerpt":{"rendered":"<p>En l\u00ednea con lo resuelto en marzo pasado por el Confederal de ATE Nacional, hoy se realiz\u00f3 la primera asamblea en la Agencia Territorial C\u00f3rdoba del Ministerio de Trabajo de la Naci\u00f3n, a partir de la propuesta del secretario General de ATE C\u00f3rdoba, que propuso impulsar el estado de alerta y movilizaci\u00f3n a los organismos [&hellip;]<\/p>\n","protected":false},"author":7,"featured_media":31385,"comment_status":"open","ping_status":"open","sticky":false,"template":"","format":"standard","meta":{"_exactmetrics_skip_tracking":false,"_exactmetrics_sitenote_active":false,"_exactmetrics_sitenote_note":"","_exactmetrics_sitenote_category":0,"jnews-multi-image_gallery":[],"jnews_single_post":{"subtitle":"El sector reclama un salario base que equipare la canasta familiar.","format":"standard","video":"","gallery":"","source_name":"","source_url":"","via_name":"","via_url":"","override_template":"0","override":[{"template":"1","single_blog_custom":"","parallax":"1","fullscreen":"1","layout":"right-sidebar","sidebar":"default-sidebar","second_sidebar":"default-sidebar","sticky_sidebar":"1","share_position":"top","share_float_style":"share-monocrhome","show_share_counter":"1","show_view_counter":"1","show_featured":"1","show_post_meta":"1","show_post_author":"1","show_post_author_image":"1","show_post_date":"1","post_date_format":"default","post_date_format_custom":"Y\/m\/d","show_post_category":"1","show_post_reading_time":"0","post_reading_time_wpm":"300","show_zoom_button":"0","zoom_button_out_step":"2","zoom_button_in_step":"3","show_post_tag":"1","show_prev_next_post":"1","show_popup_post":"1","number_popup_post":"1","show_author_box":"0","show_post_related":"0","show_inline_post_related":"0"}],"override_image_size":"0","image_override":[{"single_post_thumbnail_size":"crop-500","single_post_gallery_size":"crop-500"}],"trending_post":"0","trending_post_position":"meta","trending_post_label":"Trending","sponsored_post":"0","sponsored_post_label":"Sponsored by","sponsored_post_name":"","sponsored_post_url":"","sponsored_post_logo_enable":"0","sponsored_post_logo":"","sponsored_post_desc":"","disable_ad":"0"},"jnews_primary_category":{"id":""},"jnews_social_meta":{"fb_title":"","fb_description":"","fb_image":"","twitter_title":"","twitter_description":"","twitter_image":""},"jnews_review":[],"enable_review":"0","type":"percentage","name":"","summary":"","brand":"","sku":"","good":[{"good_text":""}],"bad":[{"bad_text":""}],"score_override":"","override_value":"","rating":[{"rating_text":"","rating_number":"10"}],"price":[{"shop":"","price":"","link":"","icon":""}],"jnews_override_counter":{"override_view_counter":"0","view_counter_number":"0","override_share_counter":"0","share_counter_number":"0","override_like_counter":"0","like_counter_number":"0","override_dislike_counter":"0","dislike_counter_number":"0"},"jnews_post_split":{"enable_post_split":"0","post_split":[{"template":"1","tag":"h2","numbering":"asc","mode":"normal","first":"0","enable_toc":"0","toc_type":"normal"}]},"footnotes":""},"categories":[18],"tags":[338],"class_list":["post-31380","post","type-post","status-publish","format-standard","has-post-thumbnail","hentry","category-nacionales","tag-ministerio-de-trabajo-de-la-nacion"],"jetpack_featured_media_url":"https:\/\/atecordoba.org\/wp-content\/uploads\/2022\/04\/WhatsApp-Image-2022-04-11-at-12.33.50-PM-2-e1649697916693.jpeg","_links":{"self":[{"href":"https:\/\/atecordoba.org\/index.php?rest_route=\/wp\/v2\/posts\/31380","targetHints":{"allow":["GET"]}}],"collection":[{"href":"https:\/\/atecordoba.org\/index.php?rest_route=\/wp\/v2\/posts"}],"about":[{"href":"https:\/\/atecordoba.org\/index.php?rest_route=\/wp\/v2\/types\/post"}],"author":[{"embeddable":true,"href":"https:\/\/atecordoba.org\/index.php?rest_route=\/wp\/v2\/users\/7"}],"replies":[{"embeddable":true,"href":"https:\/\/atecordoba.org\/index.php?rest_route=%2Fwp%2Fv2%2Fcomments&post=31380"}],"version-history":[{"count":1,"href":"https:\/\/atecordoba.org\/index.php?rest_route=\/wp\/v2\/posts\/31380\/revisions"}],"predecessor-version":[{"id":31386,"href":"https:\/\/atecordoba.org\/index.php?rest_route=\/wp\/v2\/posts\/31380\/revisions\/31386"}],"wp:featuredmedia":[{"embeddable":true,"href":"https:\/\/atecordoba.org\/index.php?rest_route=\/wp\/v2\/media\/31385"}],"wp:attachment":[{"href":"https:\/\/atecordoba.org\/index.php?rest_route=%2Fwp%2Fv2%2Fmedia&parent=31380"}],"wp:term":[{"taxonomy":"category","embeddable":true,"href":"https:\/\/atecordoba.org\/index.php?rest_route=%2Fwp%2Fv2%2Fcategories&post=31380"},{"taxonomy":"post_tag","embeddable":true,"href":"https:\/\/atecordoba.org\/index.php?rest_route=%2Fwp%2Fv2%2Ftags&post=31380"}],"curies":[{"name":"wp","href":"https:\/\/api.w.org\/{rel}","templated":true}]}}