{"id":31377,"date":"2022-04-11T12:46:27","date_gmt":"2022-04-11T15:46:27","guid":{"rendered":"https:\/\/atecordoba.org\/?p=31377"},"modified":"2022-04-11T12:46:33","modified_gmt":"2022-04-11T15:46:33","slug":"paro-en-la-secretaria-de-agricultura-familiar","status":"publish","type":"post","link":"https:\/\/atecordoba.org\/?p=31377","title":{"rendered":"Paro en la Secretar\u00eda de Agricultura Familiar"},"content":{"rendered":"\n<div class=\"wp-block-image\"><figure class=\"aligncenter size-full\"><img decoding=\"async\" src=\"https:\/\/atecordoba.org\/wp-content\/uploads\/2022\/04\/saf_bandera.jpg\" alt=\"\" class=\"wp-image-31378\" \/><\/figure><\/div>\n\n\n\n<p>Ante la falta de respuestas y capacidades para atender los reclamos por parte de la Coordinaci\u00f3n Provincial y Nacional las y los trabajadores de la Secretar\u00eda de Agricultura Familiar realizan hoy un paro de 24 horas convocado por ATE, a los fines de exigir que el ministro de Agricultura Ganader\u00eda y Pesca, Juli\u00e1n Dom\u00ednguez, y dem\u00e1s autoridades competentes habiliten urgentemente la reapertura de la mesa de negociaci\u00f3n a nivel nacional, para poder resolver la situaci\u00f3n paup\u00e9rrima que\u00a0 sufren los trabajadorxs del sector.<\/p>\n\n\n\n<p>En tanto, el mi\u00e9rcoles se realizar\u00e1 una jornada de lucha con protesta frente a la oficina del organismos, en la Plaza de las Am\u00e9ricas, C\u00f3rdoba Capital. <\/p>\n\n\n\n<p>El pliego de demandas es:<\/p>\n\n\n\n<ul class=\"wp-block-list\"><li>Para encontrar soluciones efectivas y terminar con la reincorporaci\u00f3n de todxs lxs compa\u00f1erxs injustamente despedixs durante el macrismo<\/li><li>Para que se cumpla con nuestros derechos de recategorizaciones y zonas<\/li><li>Para tener salarios dignos en el Estado Nacional<\/li><li>Para lograr el descongelamiento de las vacantes<\/li><li>Para el pase a planta permanente de todxs lxs trabajadorxs de la SAFCI.<\/li><li>Por condiciones de trabajo dignas en todo nuestro organismo, totalmente vaciado y desmantelado.<\/li><\/ul>\n\n\n\n<p>\u201cPor todo esto renovamos nuestro compromiso permanente con la lucha colectiva y la democracia sindical y por tal motivo solicitamos al Consejo Directivo Nacional de ATE un plenario de delegados nacionales para delinear el plan de lucha que permita revertir la situaci\u00f3n en que hoy nos encontramos\u201d, sostiene el cuerpo de delegados del sector.&nbsp;<\/p>\n\n\n\n<p>Y agrega que \u201cnuestra asamblea de ATE SAFCI C\u00f3rdoba acord\u00f3 acciones directas de lucha hasta que podamos construir una jornada nacional de protesta y, en ese marco, proponemos acciones para el d\u00eda 21 de abril en el Ministerio de Agricultura, Ganader\u00eda y Pesca en Capital Federal\u201d.<\/p>\n","protected":false},"excerpt":{"rendered":"<p>Ante la falta de respuestas y capacidades para atender los reclamos por parte de la Coordinaci\u00f3n Provincial y Nacional las y los trabajadores de la Secretar\u00eda de Agricultura Familiar realizan hoy un paro de 24 horas convocado por ATE, a los fines de exigir que el ministro de Agricultura Ganader\u00eda y Pesca, Juli\u00e1n Dom\u00ednguez, y [&hellip;]<\/p>\n","protected":false},"author":7,"featured_media":31378,"comment_status":"open","ping_status":"open","sticky":false,"template":"","format":"standard","meta":{"_exactmetrics_skip_tracking":false,"_exactmetrics_sitenote_active":false,"_exactmetrics_sitenote_note":"","_exactmetrics_sitenote_category":0,"jnews-multi-image_gallery":[],"jnews_single_post":{"subtitle":"Las y los trabajadores reclaman que el Ministerio de Agricultura genere una mesa de negociaci\u00f3n para abordar los reclamos del sector.","format":"standard","video":"","gallery":"","source_name":"","source_url":"","via_name":"","via_url":"","override_template":"0","override":[{"template":"1","single_blog_custom":"","parallax":"1","fullscreen":"1","layout":"right-sidebar","sidebar":"default-sidebar","second_sidebar":"default-sidebar","sticky_sidebar":"1","share_position":"top","share_float_style":"share-monocrhome","show_share_counter":"1","show_view_counter":"1","show_featured":"1","show_post_meta":"1","show_post_author":"1","show_post_author_image":"1","show_post_date":"1","post_date_format":"default","post_date_format_custom":"Y\/m\/d","show_post_category":"1","show_post_reading_time":"0","post_reading_time_wpm":"300","show_zoom_button":"0","zoom_button_out_step":"2","zoom_button_in_step":"3","show_post_tag":"1","show_prev_next_post":"1","show_popup_post":"1","number_popup_post":"1","show_author_box":"0","show_post_related":"0","show_inline_post_related":"0"}],"override_image_size":"0","image_override":[{"single_post_thumbnail_size":"crop-500","single_post_gallery_size":"crop-500"}],"trending_post":"0","trending_post_position":"meta","trending_post_label":"Trending","sponsored_post":"0","sponsored_post_label":"Sponsored by","sponsored_post_name":"","sponsored_post_url":"","sponsored_post_logo_enable":"0","sponsored_post_logo":"","sponsored_post_desc":"","disable_ad":"0"},"jnews_primary_category":{"id":""},"jnews_social_meta":{"fb_title":"Nacionales: Paro en la Secretar\u00eda de Agricultura Familiar","fb_description":"","fb_image":"","twitter_title":"","twitter_description":"","twitter_image":""},"jnews_review":[],"enable_review":"0","type":"percentage","name":"","summary":"","brand":"","sku":"","good":[{"good_text":""}],"bad":[{"bad_text":""}],"score_override":"","override_value":"","rating":[{"rating_text":"","rating_number":"10"}],"price":[{"shop":"","price":"","link":"","icon":""}],"jnews_override_counter":{"override_view_counter":"0","view_counter_number":"0","override_share_counter":"0","share_counter_number":"0","override_like_counter":"0","like_counter_number":"0","override_dislike_counter":"0","dislike_counter_number":"0"},"jnews_post_split":{"enable_post_split":"0","post_split":[{"template":"1","tag":"h2","numbering":"asc","mode":"normal","first":"0","enable_toc":"0","toc_type":"normal"}]},"footnotes":""},"categories":[18],"tags":[962],"class_list":["post-31377","post","type-post","status-publish","format-standard","has-post-thumbnail","hentry","category-nacionales","tag-secretaria-de-agricultura-familiar"],"jetpack_featured_media_url":"https:\/\/atecordoba.org\/wp-content\/uploads\/2022\/04\/saf_bandera-e1649691959718.jpg","_links":{"self":[{"href":"https:\/\/atecordoba.org\/index.php?rest_route=\/wp\/v2\/posts\/31377","targetHints":{"allow":["GET"]}}],"collection":[{"href":"https:\/\/atecordoba.org\/index.php?rest_route=\/wp\/v2\/posts"}],"about":[{"href":"https:\/\/atecordoba.org\/index.php?rest_route=\/wp\/v2\/types\/post"}],"author":[{"embeddable":true,"href":"https:\/\/atecordoba.org\/index.php?rest_route=\/wp\/v2\/users\/7"}],"replies":[{"embeddable":true,"href":"https:\/\/atecordoba.org\/index.php?rest_route=%2Fwp%2Fv2%2Fcomments&post=31377"}],"version-history":[{"count":1,"href":"https:\/\/atecordoba.org\/index.php?rest_route=\/wp\/v2\/posts\/31377\/revisions"}],"predecessor-version":[{"id":31379,"href":"https:\/\/atecordoba.org\/index.php?rest_route=\/wp\/v2\/posts\/31377\/revisions\/31379"}],"wp:featuredmedia":[{"embeddable":true,"href":"https:\/\/atecordoba.org\/index.php?rest_route=\/wp\/v2\/media\/31378"}],"wp:attachment":[{"href":"https:\/\/atecordoba.org\/index.php?rest_route=%2Fwp%2Fv2%2Fmedia&parent=31377"}],"wp:term":[{"taxonomy":"category","embeddable":true,"href":"https:\/\/atecordoba.org\/index.php?rest_route=%2Fwp%2Fv2%2Fcategories&post=31377"},{"taxonomy":"post_tag","embeddable":true,"href":"https:\/\/atecordoba.org\/index.php?rest_route=%2Fwp%2Fv2%2Ftags&post=31377"}],"curies":[{"name":"wp","href":"https:\/\/api.w.org\/{rel}","templated":true}]}}