{"id":31372,"date":"2022-04-11T12:25:37","date_gmt":"2022-04-11T15:25:37","guid":{"rendered":"https:\/\/atecordoba.org\/?p=31372"},"modified":"2022-04-11T12:26:16","modified_gmt":"2022-04-11T15:26:16","slug":"ate-pidio-al-gobierno-adelantar-la-convocatoria-a-la-paritaria-2022","status":"publish","type":"post","link":"https:\/\/atecordoba.org\/?p=31372","title":{"rendered":"ATE pidi\u00f3 al Gobierno adelantar la convocatoria a la paritaria 2022"},"content":{"rendered":"\n<div class=\"wp-block-image\"><figure class=\"aligncenter size-full\"><img decoding=\"async\" src=\"https:\/\/atecordoba.org\/wp-content\/uploads\/2022\/04\/nota-a-morini-de-CDN.webp\" alt=\"\" class=\"wp-image-31373\" \/><\/figure><\/div>\n\n\n\n<p>En notas enviadas al ministro de Trabajo, Claudio Moroni, y a la Secretaria de Empleo P\u00fablico, Ana Castellani, ATE pidi\u00f3 el pasado jueves 7 de abril la urgente revisi\u00f3n del acuerdo salarial y el adelanto de la convocatoria a la paritaria nacional 2022, para alcanzar aumentos \u00abpor sobre la inflaci\u00f3n, redistribuyendo la riqueza en nuestra Patria\u00bb.<\/p>\n\n\n\n<p>\u00abEl cierre de la paritaria nacional 2021 logr\u00f3 niveles de recuperaci\u00f3n del salario por encima de la inflaci\u00f3n, pero r\u00e1pidamente la voracidad de los grupos econ\u00f3micos gener\u00f3 una escalada de precios que destruyen el poder adquisitivo de nuestros ingresos, arrastrando a muchos trabajadores y trabajadoras estatales debajo de la l\u00ednea de pobreza\u00bb, fundament\u00f3 el gremio que conduce Hugo \u00abCachorro\u00bb Godoy.<\/p>\n\n\n\n<p>En la misiva, tambi\u00e9n expres\u00f3 su apoyo al proyecto de creaci\u00f3n del Fondo Nacional para la cancelaci\u00f3n de la deuda con el FMI, presentado por el bloque de senadores del Frente de Todos y respaldado por la vicepresidenta Cristina Fern\u00e1ndez de Kirchner, actualmente en tratamiento en comisiones del Senado de la Naci\u00f3n.<\/p>\n\n\n\n<p>\u00abEn el marco del acuerdo con el Fondo Monetario Internacional, reafirmamos que la \u00fanica salida es que la deuda la paguen quienes la fugaron\u00bb, indicaron.<\/p>\n\n\n\n<p>La nota lleva la firma de Godoy y del paritario nacional, Flavio Vergara.<\/p>\n","protected":false},"excerpt":{"rendered":"<p>En notas enviadas al ministro de Trabajo, Claudio Moroni, y a la Secretaria de Empleo P\u00fablico, Ana Castellani, ATE pidi\u00f3 el pasado jueves 7 de abril la urgente revisi\u00f3n del acuerdo salarial y el adelanto de la convocatoria a la paritaria nacional 2022, para alcanzar aumentos \u00abpor sobre la inflaci\u00f3n, redistribuyendo la riqueza en nuestra [&hellip;]<\/p>\n","protected":false},"author":7,"featured_media":31373,"comment_status":"open","ping_status":"open","sticky":false,"template":"","format":"standard","meta":{"_exactmetrics_skip_tracking":false,"_exactmetrics_sitenote_active":false,"_exactmetrics_sitenote_note":"","_exactmetrics_sitenote_category":0,"jnews-multi-image_gallery":[],"jnews_single_post":{"subtitle":"El planteo al Ministerio de Trabajo obedece a la necesidad de alcanzar \"aumentos por sobre la inflaci\u00f3n\".","format":"standard","video":"","gallery":"","source_name":"","source_url":"","via_name":"","via_url":"","override_template":"0","override":[{"template":"1","single_blog_custom":"","parallax":"1","fullscreen":"1","layout":"right-sidebar","sidebar":"default-sidebar","second_sidebar":"default-sidebar","sticky_sidebar":"1","share_position":"top","share_float_style":"share-monocrhome","show_share_counter":"1","show_view_counter":"1","show_featured":"1","show_post_meta":"1","show_post_author":"1","show_post_author_image":"1","show_post_date":"1","post_date_format":"default","post_date_format_custom":"Y\/m\/d","show_post_category":"1","show_post_reading_time":"0","post_reading_time_wpm":"300","show_zoom_button":"0","zoom_button_out_step":"2","zoom_button_in_step":"3","show_post_tag":"1","show_prev_next_post":"1","show_popup_post":"1","number_popup_post":"1","show_author_box":"0","show_post_related":"0","show_inline_post_related":"0"}],"override_image_size":"0","image_override":[{"single_post_thumbnail_size":"crop-500","single_post_gallery_size":"crop-500"}],"trending_post":"0","trending_post_position":"meta","trending_post_label":"Trending","sponsored_post":"0","sponsored_post_label":"Sponsored by","sponsored_post_name":"","sponsored_post_url":"","sponsored_post_logo_enable":"0","sponsored_post_logo":"","sponsored_post_desc":"","disable_ad":"0"},"jnews_primary_category":{"id":""},"jnews_social_meta":{"fb_title":"Nacionales: ATE pidi\u00f3 al Gobierno adelantar la convocatoria a la paritaria 2022","fb_description":"","fb_image":"","twitter_title":"","twitter_description":"","twitter_image":""},"jnews_review":[],"enable_review":"0","type":"percentage","name":"","summary":"","brand":"","sku":"","good":[{"good_text":""}],"bad":[{"bad_text":""}],"score_override":"","override_value":"","rating":[{"rating_text":"","rating_number":"10"}],"price":[{"shop":"","price":"","link":"","icon":""}],"jnews_override_counter":{"override_view_counter":"0","view_counter_number":"0","override_share_counter":"0","share_counter_number":"0","override_like_counter":"0","like_counter_number":"0","override_dislike_counter":"0","dislike_counter_number":"0"},"jnews_post_split":{"enable_post_split":"0","post_split":[{"template":"1","tag":"h2","numbering":"asc","mode":"normal","first":"0","enable_toc":"0","toc_type":"normal"}]},"footnotes":""},"categories":[18],"tags":[383],"class_list":["post-31372","post","type-post","status-publish","format-standard","has-post-thumbnail","hentry","category-nacionales","tag-paritarias"],"jetpack_featured_media_url":"https:\/\/atecordoba.org\/wp-content\/uploads\/2022\/04\/nota-a-morini-de-CDN-e1649690726160.webp","_links":{"self":[{"href":"https:\/\/atecordoba.org\/index.php?rest_route=\/wp\/v2\/posts\/31372","targetHints":{"allow":["GET"]}}],"collection":[{"href":"https:\/\/atecordoba.org\/index.php?rest_route=\/wp\/v2\/posts"}],"about":[{"href":"https:\/\/atecordoba.org\/index.php?rest_route=\/wp\/v2\/types\/post"}],"author":[{"embeddable":true,"href":"https:\/\/atecordoba.org\/index.php?rest_route=\/wp\/v2\/users\/7"}],"replies":[{"embeddable":true,"href":"https:\/\/atecordoba.org\/index.php?rest_route=%2Fwp%2Fv2%2Fcomments&post=31372"}],"version-history":[{"count":1,"href":"https:\/\/atecordoba.org\/index.php?rest_route=\/wp\/v2\/posts\/31372\/revisions"}],"predecessor-version":[{"id":31374,"href":"https:\/\/atecordoba.org\/index.php?rest_route=\/wp\/v2\/posts\/31372\/revisions\/31374"}],"wp:featuredmedia":[{"embeddable":true,"href":"https:\/\/atecordoba.org\/index.php?rest_route=\/wp\/v2\/media\/31373"}],"wp:attachment":[{"href":"https:\/\/atecordoba.org\/index.php?rest_route=%2Fwp%2Fv2%2Fmedia&parent=31372"}],"wp:term":[{"taxonomy":"category","embeddable":true,"href":"https:\/\/atecordoba.org\/index.php?rest_route=%2Fwp%2Fv2%2Fcategories&post=31372"},{"taxonomy":"post_tag","embeddable":true,"href":"https:\/\/atecordoba.org\/index.php?rest_route=%2Fwp%2Fv2%2Ftags&post=31372"}],"curies":[{"name":"wp","href":"https:\/\/api.w.org\/{rel}","templated":true}]}}