{"id":31369,"date":"2022-04-11T12:18:45","date_gmt":"2022-04-11T15:18:45","guid":{"rendered":"https:\/\/atecordoba.org\/?p=31369"},"modified":"2022-04-11T12:33:44","modified_gmt":"2022-04-11T15:33:44","slug":"la-universidad-provincial-elige-manana-su-cuerpo-de-delegados-as-de-ate","status":"publish","type":"post","link":"https:\/\/atecordoba.org\/?p=31369","title":{"rendered":"La Universidad Provincial elige ma\u00f1ana su cuerpo de delegados\/as de ATE"},"content":{"rendered":"\n<div class=\"wp-block-image\"><figure class=\"aligncenter size-large is-resized\"><img loading=\"lazy\" decoding=\"async\" src=\"https:\/\/atecordoba.org\/wp-content\/uploads\/2022\/04\/IMG-20220409-WA0026-1-1024x1024.jpg\" alt=\"\" class=\"wp-image-31370\" width=\"768\" height=\"768\" \/><\/figure><\/div>\n\n\n\n<p>Ma\u00f1ana martes 12 de abril se llevar\u00e1 a cabo la elecci\u00f3n de delegados y delegadas de ATE C\u00f3rdoba en la Universidad Provincial. Se trata de una elecci\u00f3n muy importante debido al grado de persecuci\u00f3n y discriminaci\u00f3n que las autoridades pretendieron imponer a nuestro gremio desde ya hace tiempo. <\/p>\n\n\n\n<p>Sin embargo, ATE continu\u00f3 su crecimiento organizativo en el organismo provincial y ma\u00f1ana est\u00e1 en condiciones de presentar seis candidatos que ejercer\u00e1n la representaci\u00f3n de las y los trabajadores frente a la patronal universitaria: Juan Sebasti\u00e1n Valfr\u00e9, Ana Bel\u00e9n Zwilling, Alfonso Teresa Garc\u00eda, Marcela Catalina Mambrini y F\u00e9lix Tapia. Suplemente: Andrea Ruiz.<\/p>\n\n\n\n<p>La elecci\u00f3n se va a desarrollar desde las 9 horas y hasta las 18, y la urna estar\u00e1 ubicada en la Faculta de Arte y Dise\u00f1o, en la galer\u00eda de la Figui y de la Spili.<\/p>\n\n\n\n<blockquote class=\"wp-block-quote has-text-align-center is-layout-flow wp-block-quote-is-layout-flow\"><p><strong>Por una nueva alternativa g<\/strong>r<strong>emial, comprometida a responder a los intereses y necesidades de lxs trabajadorxs. Para seguir planteando que todxs lxs trabajadadorxs puedan regularizar su situaci\u00f3n. Por una participaci\u00f3n sin exclusiones en la vida democr\u00e1tica de la Universidad.<\/strong><\/p><\/blockquote>\n\n\n\n<p><\/p>\n","protected":false},"excerpt":{"rendered":"<p>Ma\u00f1ana martes 12 de abril se llevar\u00e1 a cabo la elecci\u00f3n de delegados y delegadas de ATE C\u00f3rdoba en la Universidad Provincial. Se trata de una elecci\u00f3n muy importante debido al grado de persecuci\u00f3n y discriminaci\u00f3n que las autoridades pretendieron imponer a nuestro gremio desde ya hace tiempo. Sin embargo, ATE continu\u00f3 su crecimiento organizativo [&hellip;]<\/p>\n","protected":false},"author":7,"featured_media":31370,"comment_status":"open","ping_status":"open","sticky":false,"template":"","format":"standard","meta":{"_exactmetrics_skip_tracking":false,"_exactmetrics_sitenote_active":false,"_exactmetrics_sitenote_note":"","_exactmetrics_sitenote_category":0,"jnews-multi-image_gallery":[],"jnews_single_post":{"subtitle":"La jornada electoral se extender\u00e1 de 9 a 18 horas y la urna estar\u00e1 ubicada en la Faculta de Arte y Dise\u00f1o.","format":"standard","video":"","gallery":"","source_name":"","source_url":"","via_name":"","via_url":"","override_template":"0","override":[{"template":"1","single_blog_custom":"","parallax":"1","fullscreen":"1","layout":"right-sidebar","sidebar":"default-sidebar","second_sidebar":"default-sidebar","sticky_sidebar":"1","share_position":"top","share_float_style":"share-monocrhome","show_share_counter":"1","show_view_counter":"1","show_featured":"1","show_post_meta":"1","show_post_author":"1","show_post_author_image":"1","show_post_date":"1","post_date_format":"default","post_date_format_custom":"Y\/m\/d","show_post_category":"1","show_post_reading_time":"0","post_reading_time_wpm":"300","show_zoom_button":"0","zoom_button_out_step":"2","zoom_button_in_step":"3","show_post_tag":"1","show_prev_next_post":"1","show_popup_post":"1","number_popup_post":"1","show_author_box":"0","show_post_related":"0","show_inline_post_related":"0"}],"override_image_size":"0","image_override":[{"single_post_thumbnail_size":"crop-500","single_post_gallery_size":"crop-500"}],"trending_post":"0","trending_post_position":"meta","trending_post_label":"Trending","sponsored_post":"0","sponsored_post_label":"Sponsored by","sponsored_post_name":"","sponsored_post_url":"","sponsored_post_logo_enable":"0","sponsored_post_logo":"","sponsored_post_desc":"","disable_ad":"0"},"jnews_primary_category":{"id":""},"jnews_social_meta":{"fb_title":"","fb_description":"","fb_image":"","twitter_title":"","twitter_description":"","twitter_image":""},"jnews_review":[],"enable_review":"0","type":"percentage","name":"","summary":"","brand":"","sku":"","good":[{"good_text":""}],"bad":[{"bad_text":""}],"score_override":"","override_value":"","rating":[{"rating_text":"","rating_number":"10"}],"price":[{"shop":"","price":"","link":"","icon":""}],"jnews_override_counter":{"override_view_counter":"0","view_counter_number":"0","override_share_counter":"0","share_counter_number":"0","override_like_counter":"0","like_counter_number":"0","override_dislike_counter":"0","dislike_counter_number":"0"},"jnews_post_split":{"enable_post_split":"0","post_split":[{"template":"1","tag":"h2","numbering":"asc","mode":"normal","first":"0","enable_toc":"0","toc_type":"normal"}]},"footnotes":""},"categories":[8],"tags":[729],"class_list":["post-31369","post","type-post","status-publish","format-standard","has-post-thumbnail","hentry","category-provinciales","tag-universidad-provincial-de-cordoba"],"jetpack_featured_media_url":"https:\/\/atecordoba.org\/wp-content\/uploads\/2022\/04\/IMG-20220409-WA0026-1-e1649690265338.jpg","_links":{"self":[{"href":"https:\/\/atecordoba.org\/index.php?rest_route=\/wp\/v2\/posts\/31369","targetHints":{"allow":["GET"]}}],"collection":[{"href":"https:\/\/atecordoba.org\/index.php?rest_route=\/wp\/v2\/posts"}],"about":[{"href":"https:\/\/atecordoba.org\/index.php?rest_route=\/wp\/v2\/types\/post"}],"author":[{"embeddable":true,"href":"https:\/\/atecordoba.org\/index.php?rest_route=\/wp\/v2\/users\/7"}],"replies":[{"embeddable":true,"href":"https:\/\/atecordoba.org\/index.php?rest_route=%2Fwp%2Fv2%2Fcomments&post=31369"}],"version-history":[{"count":2,"href":"https:\/\/atecordoba.org\/index.php?rest_route=\/wp\/v2\/posts\/31369\/revisions"}],"predecessor-version":[{"id":31376,"href":"https:\/\/atecordoba.org\/index.php?rest_route=\/wp\/v2\/posts\/31369\/revisions\/31376"}],"wp:featuredmedia":[{"embeddable":true,"href":"https:\/\/atecordoba.org\/index.php?rest_route=\/wp\/v2\/media\/31370"}],"wp:attachment":[{"href":"https:\/\/atecordoba.org\/index.php?rest_route=%2Fwp%2Fv2%2Fmedia&parent=31369"}],"wp:term":[{"taxonomy":"category","embeddable":true,"href":"https:\/\/atecordoba.org\/index.php?rest_route=%2Fwp%2Fv2%2Fcategories&post=31369"},{"taxonomy":"post_tag","embeddable":true,"href":"https:\/\/atecordoba.org\/index.php?rest_route=%2Fwp%2Fv2%2Ftags&post=31369"}],"curies":[{"name":"wp","href":"https:\/\/api.w.org\/{rel}","templated":true}]}}