{"id":31363,"date":"2022-04-11T11:01:20","date_gmt":"2022-04-11T14:01:20","guid":{"rendered":"https:\/\/atecordoba.org\/?p=31363"},"modified":"2022-04-11T11:44:11","modified_gmt":"2022-04-11T14:44:11","slug":"conicet-ate-reclamo-por-la-falta-de-cobertura-a-becarios","status":"publish","type":"post","link":"https:\/\/atecordoba.org\/?p=31363","title":{"rendered":"CONICET: ATE reclam\u00f3 por la falta de cobertura a becarias y becarios"},"content":{"rendered":"\n<div class=\"wp-block-image\"><figure class=\"aligncenter size-large is-resized\"><img loading=\"lazy\" decoding=\"async\" src=\"https:\/\/atecordoba.org\/wp-content\/uploads\/2022\/04\/Conicet_comunicado-naiconal-677x1024.webp\" alt=\"\" class=\"wp-image-31364\" width=\"508\" height=\"768\" srcset=\"https:\/\/atecordoba.org\/wp-content\/uploads\/2022\/04\/Conicet_comunicado-naiconal-677x1024.webp 677w, https:\/\/atecordoba.org\/wp-content\/uploads\/2022\/04\/Conicet_comunicado-naiconal-198x300.webp 198w, https:\/\/atecordoba.org\/wp-content\/uploads\/2022\/04\/Conicet_comunicado-naiconal.webp 720w\" sizes=\"auto, (max-width: 508px) 100vw, 508px\" \/><\/figure><\/div>\n\n\n\n<p>La ATE CONICET envi\u00f3 una carta a la presidenta del CONICET, Ana Franchi, en la que denuncia la interrupci\u00f3n de la cobertura de salud (UP) desde el 31\/03 de aquellas personas que poseen pr\u00f3rroga de becas.<\/p>\n\n\n\n<p>En el texto que exige una urgente resoluci\u00f3n la sectorial solicita a Franchi que con suma urgencia emita \u201cuna resoluci\u00f3n a la situaci\u00f3n de cobertura m\u00e9dica (a trav\u00e9s de UP) del conjunto de personas cuyas becas (doctorales, de finalizaci\u00f3n y postdoctorales) originalmente finalizaban el 31\/03\/2022 pero que han sido prorrogadas\u201d.<\/p>\n\n\n\n<p>Le informa la sectorial que \u201chemos recibido decenas de reclamos de personas que a partir del 01\/04\/2022, intentaron usar la cobertura m\u00e9dica y se encontraron con que hab\u00edan sido dadas de bajas\u201d. \u201cDesde las distintas dependencias del CONICET a los que han consultado no se ha comunicado ninguna respuesta clara en relaci\u00f3n a la fecha exacta a partir de la cual contar\u00e1n con cobertura de salud nuevamente\u201d, agrega.<\/p>\n\n\n\n<p>Para ATE se trata esta de \u201cuna situaci\u00f3n que produce una vulneraci\u00f3n grav\u00edsima a los derechos de becarias y becarios por lo que solicitamos que cuanto antes, se realicen las gestiones para regularizar la situaci\u00f3n y se informe a las personas afectadas de manera clara e inmediata\u201d.<\/p>\n","protected":false},"excerpt":{"rendered":"<p>La ATE CONICET envi\u00f3 una carta a la presidenta del CONICET, Ana Franchi, en la que denuncia la interrupci\u00f3n de la cobertura de salud (UP) desde el 31\/03 de aquellas personas que poseen pr\u00f3rroga de becas. En el texto que exige una urgente resoluci\u00f3n la sectorial solicita a Franchi que con suma urgencia emita \u201cuna [&hellip;]<\/p>\n","protected":false},"author":7,"featured_media":31364,"comment_status":"open","ping_status":"open","sticky":false,"template":"","format":"standard","meta":{"_exactmetrics_skip_tracking":false,"_exactmetrics_sitenote_active":false,"_exactmetrics_sitenote_note":"","_exactmetrics_sitenote_category":0,"jnews-multi-image_gallery":[],"jnews_single_post":{"subtitle":"Para ATE se vulneran los derechos que tienen estas trabajadoras y trabajadores del Ministerio de Ciencia, Tecnolog\u00eda e Innovaci\u00f3n de la Naci\u00f3n.","format":"standard","video":"","gallery":"","source_name":"","source_url":"","via_name":"","via_url":"","override_template":"0","override":[{"template":"1","single_blog_custom":"","parallax":"1","fullscreen":"1","layout":"right-sidebar","sidebar":"default-sidebar","second_sidebar":"default-sidebar","sticky_sidebar":"1","share_position":"top","share_float_style":"share-monocrhome","show_share_counter":"1","show_view_counter":"1","show_featured":"1","show_post_meta":"1","show_post_author":"1","show_post_author_image":"1","show_post_date":"1","post_date_format":"default","post_date_format_custom":"Y\/m\/d","show_post_category":"1","show_post_reading_time":"0","post_reading_time_wpm":"300","show_zoom_button":"0","zoom_button_out_step":"2","zoom_button_in_step":"3","show_post_tag":"1","show_prev_next_post":"1","show_popup_post":"1","number_popup_post":"1","show_author_box":"0","show_post_related":"0","show_inline_post_related":"0"}],"override_image_size":"0","image_override":[{"single_post_thumbnail_size":"crop-500","single_post_gallery_size":"crop-500"}],"trending_post":"0","trending_post_position":"meta","trending_post_label":"Trending","sponsored_post":"0","sponsored_post_label":"Sponsored by","sponsored_post_name":"","sponsored_post_url":"","sponsored_post_logo_enable":"0","sponsored_post_logo":"","sponsored_post_desc":"","disable_ad":"0"},"jnews_primary_category":{"id":""},"jnews_social_meta":{"fb_title":"","fb_description":"","fb_image":"","twitter_title":"","twitter_description":"","twitter_image":""},"jnews_review":[],"enable_review":"0","type":"percentage","name":"","summary":"","brand":"","sku":"","good":[{"good_text":""}],"bad":[{"bad_text":""}],"score_override":"","override_value":"","rating":[{"rating_text":"","rating_number":"10"}],"price":[{"shop":"","price":"","link":"","icon":""}],"jnews_override_counter":{"override_view_counter":"0","view_counter_number":"0","override_share_counter":"0","share_counter_number":"0","override_like_counter":"0","like_counter_number":"0","override_dislike_counter":"0","dislike_counter_number":"0"},"jnews_post_split":{"enable_post_split":"0","post_split":[{"template":"1","tag":"h2","numbering":"asc","mode":"normal","first":"0","enable_toc":"0","toc_type":"normal"}]},"footnotes":""},"categories":[18],"tags":[61],"class_list":["post-31363","post","type-post","status-publish","format-standard","has-post-thumbnail","hentry","category-nacionales","tag-conicet"],"jetpack_featured_media_url":"https:\/\/atecordoba.org\/wp-content\/uploads\/2022\/04\/Conicet_comunicado-naiconal.webp","_links":{"self":[{"href":"https:\/\/atecordoba.org\/index.php?rest_route=\/wp\/v2\/posts\/31363","targetHints":{"allow":["GET"]}}],"collection":[{"href":"https:\/\/atecordoba.org\/index.php?rest_route=\/wp\/v2\/posts"}],"about":[{"href":"https:\/\/atecordoba.org\/index.php?rest_route=\/wp\/v2\/types\/post"}],"author":[{"embeddable":true,"href":"https:\/\/atecordoba.org\/index.php?rest_route=\/wp\/v2\/users\/7"}],"replies":[{"embeddable":true,"href":"https:\/\/atecordoba.org\/index.php?rest_route=%2Fwp%2Fv2%2Fcomments&post=31363"}],"version-history":[{"count":2,"href":"https:\/\/atecordoba.org\/index.php?rest_route=\/wp\/v2\/posts\/31363\/revisions"}],"predecessor-version":[{"id":31368,"href":"https:\/\/atecordoba.org\/index.php?rest_route=\/wp\/v2\/posts\/31363\/revisions\/31368"}],"wp:featuredmedia":[{"embeddable":true,"href":"https:\/\/atecordoba.org\/index.php?rest_route=\/wp\/v2\/media\/31364"}],"wp:attachment":[{"href":"https:\/\/atecordoba.org\/index.php?rest_route=%2Fwp%2Fv2%2Fmedia&parent=31363"}],"wp:term":[{"taxonomy":"category","embeddable":true,"href":"https:\/\/atecordoba.org\/index.php?rest_route=%2Fwp%2Fv2%2Fcategories&post=31363"},{"taxonomy":"post_tag","embeddable":true,"href":"https:\/\/atecordoba.org\/index.php?rest_route=%2Fwp%2Fv2%2Ftags&post=31363"}],"curies":[{"name":"wp","href":"https:\/\/api.w.org\/{rel}","templated":true}]}}