{"id":31315,"date":"2022-04-08T13:07:20","date_gmt":"2022-04-08T16:07:20","guid":{"rendered":"https:\/\/atecordoba.org\/?p=31315"},"modified":"2022-04-08T13:07:26","modified_gmt":"2022-04-08T16:07:26","slug":"dolor-por-la-muerte-del-companero-eugenio-talbot-wright","status":"publish","type":"post","link":"https:\/\/atecordoba.org\/?p=31315","title":{"rendered":"Dolor por la muerte del compa\u00f1ero Eugenio Talbot Wright"},"content":{"rendered":"\n<div class=\"wp-block-image\"><figure class=\"alignleft size-large is-resized\"><img loading=\"lazy\" decoding=\"async\" src=\"https:\/\/atecordoba.org\/wp-content\/uploads\/2022\/04\/flyer-eugenio-1024x909.jpeg\" alt=\"\" class=\"wp-image-31316\" width=\"591\" height=\"525\" srcset=\"https:\/\/atecordoba.org\/wp-content\/uploads\/2022\/04\/flyer-eugenio-1024x909.jpeg 1024w, https:\/\/atecordoba.org\/wp-content\/uploads\/2022\/04\/flyer-eugenio-300x266.jpeg 300w, https:\/\/atecordoba.org\/wp-content\/uploads\/2022\/04\/flyer-eugenio-768x682.jpeg 768w, https:\/\/atecordoba.org\/wp-content\/uploads\/2022\/04\/flyer-eugenio-750x666.jpeg 750w, https:\/\/atecordoba.org\/wp-content\/uploads\/2022\/04\/flyer-eugenio-1140x1013.jpeg 1140w, https:\/\/atecordoba.org\/wp-content\/uploads\/2022\/04\/flyer-eugenio.jpeg 1216w\" sizes=\"auto, (max-width: 591px) 100vw, 591px\" \/><\/figure><\/div>\n\n\n\n<p>Falleci\u00f3 ayer jueves\u00a0el compa\u00f1ero Eugenio Talbot Wright, integrante del Departamento de G\u00e9neros y Diversidades del Consejo Directivo Provincial, activista trans y militante por los derechos humanos. Fue un activo militante gremial en ATE, donde se incorpor\u00f3 a partir de ser convocado a integrar el \u00e1rea de memoria de la Subsecretar\u00eda de Pol\u00edticas de Diversidad, del Ministerio de Mujeres G\u00e9nero y Diversidad de la Naci\u00f3n, su primer trabajo formal en sus casi 50 a\u00f1os.\u00a0<\/p>\n\n\n\n<p>Hijo de H\u00e9ctor Talbot Wright, militante de la organizaci\u00f3n Montoneros, secuestrado y asesinado en la ESMA el d\u00eda 16 de octubre del 1976, comenz\u00f3 su militancia en Familiares de Desaparecidos y Detenidos por Razones Pol\u00edticas de C\u00f3rdoba y luego en H.I.J.O.S.&nbsp;\u00c9l mismo fue un sobreviviente del terrorismo de estado de la \u00faltima dictadura militar, contexto en el que comenz\u00f3 a vivir su identidad de g\u00e9nero.&nbsp;<\/p>\n\n\n\n<p>A finales de los 80 particip\u00f3 de la formaci\u00f3n de las primeras organizaciones LGTB de C\u00f3rdoba con las cuales lograron, en 1995, derogar el art\u00edculo 19 del viejo C\u00f3digo de Faltas que habilitaba a la polic\u00eda a perpetuar la criminalizaci\u00f3n y violencia represiva contra las personas trans y travestis, a\u00fan en democracia.<\/p>\n\n\n\n<p>Expulsado de la UNC en los 90&#8242; por su identidad de g\u00e9nero, tal como \u00e9l mismo cont\u00f3, en los \u00faltimos a\u00f1os hab\u00eda vuelto a las aulas de la Casa de Trejo a estudiar la carrera de Comunicaci\u00f3n Social.<\/p>\n\n\n\n<p>En un pa\u00eds d\u00f3nde la violencia y exclusi\u00f3n estructural expone a las personas trans y travestis a una expectativa de vida de 35 a 45 a\u00f1os,\u00a0Eugenio Talbot Wright era uno de los varones trans m\u00e1s viejos de la Argentina.\u00a0<em>&#8220;Nosotros y nosotras no aprendimos a pensarnos de ac\u00e1 al futuro&#8221;<\/em>, se\u00f1al\u00f3 con crudeza en un\u00a0<a href=\"https:\/\/www.youtube.com\/watch?v=jzuQr8vghnE&amp;t=207s&amp;ab_channel=LRA7RadioNacionalC%C3%B3rdoba\">conversatorio organizado por el \u00c1rea de G\u00e9neros de Radio Nacional C\u00f3rdoba sobre la Ley de inclusi\u00f3n laboral trans y travesti<\/a>\u00a0en julio del a\u00f1o pasado.\u00a0<\/p>\n\n\n\n<p>La noticia gener\u00f3 pesar en la comunidad LGTBIQ, organizaciones feministas y de derechos humanos con quienes comparti\u00f3 su trayectoria militante. H.I.J.O.S C\u00f3rdoba record\u00f3 su tarea en el programa de radio &#8220;La lucha que nos pari\u00f3&#8221;. Desde ATE destacamos su huella en el activismo gremial: &#8220;no hay palabras para describir el dolor por tu partida: s\u00ed las hay para enunciarte con toda seguridad que tu paso por ATE C\u00f3rdoba ha dejado una huella indeleble que marca la senda hacia el futuro&#8221;, dijo nuestra secretaria de Prensa, Julia Giuliani, consultada por Radio Nacional. <\/p>\n\n\n\n<p>Giuliani lo describi\u00f3 como &#8220;un tipo muy generoso, muy sensato, muy inteligente, con ganas de hacer, de interpelarnos a cambiar para ser mejores&#8221;.<\/p>\n\n\n\n<p><\/p>\n","protected":false},"excerpt":{"rendered":"<p>Falleci\u00f3 ayer jueves\u00a0el compa\u00f1ero Eugenio Talbot Wright, integrante del Departamento de G\u00e9neros y Diversidades del Consejo Directivo Provincial, activista trans y militante por los derechos humanos. Fue un activo militante gremial en ATE, donde se incorpor\u00f3 a partir de ser convocado a integrar el \u00e1rea de memoria de la Subsecretar\u00eda de Pol\u00edticas de Diversidad, del [&hellip;]<\/p>\n","protected":false},"author":7,"featured_media":31317,"comment_status":"open","ping_status":"open","sticky":false,"template":"","format":"standard","meta":{"_exactmetrics_skip_tracking":false,"_exactmetrics_sitenote_active":false,"_exactmetrics_sitenote_note":"","_exactmetrics_sitenote_category":0,"jnews-multi-image_gallery":[],"jnews_single_post":{"subtitle":"Desde ATE lo despedimos con cari\u00f1o y reconocimiento al fundamental aporte que realiz\u00f3 para mejorar nuestra pol\u00edtica de g\u00e9neros y la perspectiva sobre las diversidades. \u00a1Hasta siempre Eugenio!","format":"standard","video":"","gallery":"","source_name":"","source_url":"","via_name":"","via_url":"","override_template":"0","override":[{"template":"1","single_blog_custom":"","parallax":"1","fullscreen":"1","layout":"right-sidebar","sidebar":"default-sidebar","second_sidebar":"default-sidebar","sticky_sidebar":"1","share_position":"top","share_float_style":"share-monocrhome","show_share_counter":"1","show_view_counter":"1","show_featured":"1","show_post_meta":"1","show_post_author":"1","show_post_author_image":"1","show_post_date":"1","post_date_format":"default","post_date_format_custom":"Y\/m\/d","show_post_category":"1","show_post_reading_time":"0","post_reading_time_wpm":"300","show_zoom_button":"0","zoom_button_out_step":"2","zoom_button_in_step":"3","show_post_tag":"1","show_prev_next_post":"1","show_popup_post":"1","number_popup_post":"1","show_author_box":"0","show_post_related":"0","show_inline_post_related":"0"}],"override_image_size":"0","image_override":[{"single_post_thumbnail_size":"crop-500","single_post_gallery_size":"crop-500"}],"trending_post":"0","trending_post_position":"meta","trending_post_label":"Trending","sponsored_post":"0","sponsored_post_label":"Sponsored by","sponsored_post_name":"","sponsored_post_url":"","sponsored_post_logo_enable":"0","sponsored_post_logo":"","sponsored_post_desc":"","disable_ad":"0"},"jnews_primary_category":{"id":""},"jnews_social_meta":{"fb_title":"","fb_description":"","fb_image":"","twitter_title":"","twitter_description":"","twitter_image":""},"jnews_review":[],"enable_review":"0","type":"percentage","name":"","summary":"","brand":"","sku":"","good":[{"good_text":""}],"bad":[{"bad_text":""}],"score_override":"","override_value":"","rating":[{"rating_text":"","rating_number":"10"}],"price":[{"shop":"","price":"","link":"","icon":""}],"jnews_override_counter":{"override_view_counter":"0","view_counter_number":"0","override_share_counter":"0","share_counter_number":"0","override_like_counter":"0","like_counter_number":"0","override_dislike_counter":"0","dislike_counter_number":"0"},"jnews_post_split":{"enable_post_split":"0","post_split":[{"template":"1","tag":"h2","numbering":"asc","mode":"normal","first":"0","enable_toc":"0","toc_type":"normal"}]},"footnotes":""},"categories":[341],"tags":[1079],"class_list":["post-31315","post","type-post","status-publish","format-standard","has-post-thumbnail","hentry","category-cdp","tag-fallecio-eugenio-talbot"],"jetpack_featured_media_url":"https:\/\/atecordoba.org\/wp-content\/uploads\/2022\/04\/flyer-protada-e1649434031287.jpeg","_links":{"self":[{"href":"https:\/\/atecordoba.org\/index.php?rest_route=\/wp\/v2\/posts\/31315","targetHints":{"allow":["GET"]}}],"collection":[{"href":"https:\/\/atecordoba.org\/index.php?rest_route=\/wp\/v2\/posts"}],"about":[{"href":"https:\/\/atecordoba.org\/index.php?rest_route=\/wp\/v2\/types\/post"}],"author":[{"embeddable":true,"href":"https:\/\/atecordoba.org\/index.php?rest_route=\/wp\/v2\/users\/7"}],"replies":[{"embeddable":true,"href":"https:\/\/atecordoba.org\/index.php?rest_route=%2Fwp%2Fv2%2Fcomments&post=31315"}],"version-history":[{"count":1,"href":"https:\/\/atecordoba.org\/index.php?rest_route=\/wp\/v2\/posts\/31315\/revisions"}],"predecessor-version":[{"id":31318,"href":"https:\/\/atecordoba.org\/index.php?rest_route=\/wp\/v2\/posts\/31315\/revisions\/31318"}],"wp:featuredmedia":[{"embeddable":true,"href":"https:\/\/atecordoba.org\/index.php?rest_route=\/wp\/v2\/media\/31317"}],"wp:attachment":[{"href":"https:\/\/atecordoba.org\/index.php?rest_route=%2Fwp%2Fv2%2Fmedia&parent=31315"}],"wp:term":[{"taxonomy":"category","embeddable":true,"href":"https:\/\/atecordoba.org\/index.php?rest_route=%2Fwp%2Fv2%2Fcategories&post=31315"},{"taxonomy":"post_tag","embeddable":true,"href":"https:\/\/atecordoba.org\/index.php?rest_route=%2Fwp%2Fv2%2Ftags&post=31315"}],"curies":[{"name":"wp","href":"https:\/\/api.w.org\/{rel}","templated":true}]}}