{"id":31305,"date":"2022-04-08T12:31:55","date_gmt":"2022-04-08T15:31:55","guid":{"rendered":"https:\/\/atecordoba.org\/?p=31305"},"modified":"2022-04-08T12:49:55","modified_gmt":"2022-04-08T15:49:55","slug":"con-la-obra-de-la-perra-castro-hacemos-arte-sobre-el-pasado-para-construir-futuro","status":"publish","type":"post","link":"https:\/\/atecordoba.org\/?p=31305","title":{"rendered":"&#8220;Con la obra de La Perra Castro hacemos arte sobre el pasado para construir futuro&#8221;"},"content":{"rendered":"\n<div class=\"wp-block-image\"><figure class=\"alignleft size-large is-resized\"><img loading=\"lazy\" decoding=\"async\" src=\"https:\/\/atecordoba.org\/wp-content\/uploads\/2022\/04\/WhatsApp-Image-2022-04-06-at-10.17.32-PM-1-682x1024.jpeg\" alt=\"\" class=\"wp-image-31309\" width=\"418\" height=\"627\" \/><figcaption>Ariel Mart\u00ednez Mor\u00e1n, director de la obra de teatro.<\/figcaption><\/figure><\/div>\n\n\n\n<p>En una charla con el nuevo director de la obra de teatro &#8216;La Perra Castro, el olvidado&#8217;, Ariel Mart\u00ednez Mor\u00e1n cuenta como asume el desaf\u00edo de dar su mirada sobre un personaje que fue fundamental en el Cordobazo y en la historia grande de ATE y que hoy est\u00e1 rescatando del ostracismo la conducci\u00f3n de ATE C\u00f3rdoba.<\/p>\n\n\n\n<p>Mart\u00ednez mor\u00e1n ser\u00e1 el nuevo director de la puesta, en reemplazo de Sebastian Berenger, en tanto el actor Esteban Vallejos reemplaza a Ricardo Tamburrano como protagonista de la obra teatral. <\/p>\n\n\n\n<p>&#8220;Cuando me enter\u00e9 de todo esto, me convocaron y habl\u00e9 con Fede me dio mucha felicidad&#8221;, cuenta el director.<\/p>\n\n\n\n<p>La obra experimenta una adaptaci\u00f3n desde su puesta original, ahora bajo la mirada e impulso de Mart\u00ednez Mor\u00e1n. &#8220;Estamos meditando y pensando con cada decisi\u00f3n que tomamos en relaci\u00f3n a que se dice y que se saca, que omito o que agrego. De la obra original de Sebasti\u00e1n Berenger, vamos a hacer una versi\u00f3n, con un actor cordob\u00e9s y un director tambi\u00e9n cordob\u00e9s&#8221;.<\/p>\n\n\n\n<p>El director considera que &#8220;el arte, el teatro, tiene que aportar una mira sensible sobre la realidad y adem\u00e1s tiene que emocionar. En el caso particular de La Perra que por algo la obra lo llama \u2018el olvidado\u2019, el objetivo es ponerlo en el lugar hist\u00f3rico que se merece, construyendo una \u00e9pica particular para que el gremio se identifique. Desde el arte estamos construyendo el mito de La Perra&#8221;.<\/p>\n\n\n\n<p>En ese sentido es que afirma que &#8220;la clave es poner a La Perra en un contexto actualizado. Hablamos de un cordob\u00e9s que fue diputado, militante, dirigente de ATE muy comprometido y que tiene una participaci\u00f3n en el Cordobazo pero desde una mirada m\u00e1s presente y m\u00e1s actual en todos los sentidos. Porque la historia no solo sirve para estar bonita en su rinc\u00f3n, sino que tiene que ser la argamasa de la realidad que construimos. Actualizar la obra con los c\u00f3digos de ahora es la clave para poder construir esa \u00e9pica que necesitamos, para que el p\u00fablico de hoy se pueda identificar, con los c\u00f3digos de hoy, sobre hechos del pasado que queremos resaltar&#8221;.<\/p>\n\n\n\n<p>Mirta habla con su hermano en la d\u00e9cada de los \u201980, donde est\u00e1 ubicada la obra, y charlan sobre una an\u00e9cdota familiar atravesada por el Cordobazo.<\/p>\n\n\n\n<p>Ariel es primo de David Moreno, un ni\u00f1o que result\u00f3 v\u00edctima de la represi\u00f3n policial en barrio Arg\u00fcello, durante el 19 y 20 de diciembre de 2001. En ese marco, el director sostiene que &#8220;la historia suele transformar a las v\u00edctimas en victimarios y ante eso planteamos una mirada reivindicadora de la historia, porque estamos frente a una batalla cultural permanente, y no solo para que se quede en el pasado, que nos d\u00e9 herramientas para construir futuro&#8221;.<\/p>\n\n\n\n<p>La obra tendr\u00e1 la participaci\u00f3n de Mirta Castro, hermana de la Perra, y tendr\u00e1 funciones 29 de abril en San Francisco, en el marco del XXIV Congreso Provincial de ATE C\u00f3rdoba, en Mayo cerca de la fecha del C\u00f3rdobazo, en proximidades del 27 de junio para celebrar el D\u00eda del Trabajador Estatal y tambi\u00e9n est\u00e1 prevista una nueva funci\u00f3n en noviembre de este a\u00f1o. <\/p>\n\n\n\n<figure class=\"wp-block-gallery has-nested-images columns-default is-cropped wp-block-gallery-1 is-layout-flex wp-block-gallery-is-layout-flex\">\n<figure class=\"wp-block-image size-full\"><img loading=\"lazy\" decoding=\"async\" width=\"641\" height=\"912\" data-id=\"31313\" src=\"https:\/\/atecordoba.org\/wp-content\/uploads\/2022\/04\/WhatsApp-Image-2022-04-06-at-10.17.33-PM.jpeg\" alt=\"\" class=\"wp-image-31313\" srcset=\"https:\/\/atecordoba.org\/wp-content\/uploads\/2022\/04\/WhatsApp-Image-2022-04-06-at-10.17.33-PM.jpeg 641w, https:\/\/atecordoba.org\/wp-content\/uploads\/2022\/04\/WhatsApp-Image-2022-04-06-at-10.17.33-PM-211x300.jpeg 211w\" sizes=\"auto, (max-width: 641px) 100vw, 641px\" \/><figcaption>el protagonista de la obra.<\/figcaption><\/figure>\n\n\n\n<figure class=\"wp-block-image size-large\"><img loading=\"lazy\" decoding=\"async\" width=\"1024\" height=\"579\" data-id=\"31310\" src=\"https:\/\/atecordoba.org\/wp-content\/uploads\/2022\/04\/WhatsApp-Image-2022-04-06-at-10.17.06-PM-1024x579.jpeg\" alt=\"\" class=\"wp-image-31310\" srcset=\"https:\/\/atecordoba.org\/wp-content\/uploads\/2022\/04\/WhatsApp-Image-2022-04-06-at-10.17.06-PM-1024x579.jpeg 1024w, https:\/\/atecordoba.org\/wp-content\/uploads\/2022\/04\/WhatsApp-Image-2022-04-06-at-10.17.06-PM-300x170.jpeg 300w, https:\/\/atecordoba.org\/wp-content\/uploads\/2022\/04\/WhatsApp-Image-2022-04-06-at-10.17.06-PM-768x434.jpeg 768w, https:\/\/atecordoba.org\/wp-content\/uploads\/2022\/04\/WhatsApp-Image-2022-04-06-at-10.17.06-PM-750x424.jpeg 750w, https:\/\/atecordoba.org\/wp-content\/uploads\/2022\/04\/WhatsApp-Image-2022-04-06-at-10.17.06-PM-1140x645.jpeg 1140w, https:\/\/atecordoba.org\/wp-content\/uploads\/2022\/04\/WhatsApp-Image-2022-04-06-at-10.17.06-PM.jpeg 1280w\" sizes=\"auto, (max-width: 1024px) 100vw, 1024px\" \/><figcaption>El actor Esteban Vallejos junto a Mirta Castro.<\/figcaption><\/figure>\n\n\n\n<figure class=\"wp-block-image size-large\"><img loading=\"lazy\" decoding=\"async\" width=\"1024\" height=\"581\" data-id=\"31312\" src=\"https:\/\/atecordoba.org\/wp-content\/uploads\/2022\/04\/WhatsApp-Image-2022-04-06-at-10.17.09-PM-2-1024x581.jpeg\" alt=\"\" class=\"wp-image-31312\" srcset=\"https:\/\/atecordoba.org\/wp-content\/uploads\/2022\/04\/WhatsApp-Image-2022-04-06-at-10.17.09-PM-2-1024x581.jpeg 1024w, https:\/\/atecordoba.org\/wp-content\/uploads\/2022\/04\/WhatsApp-Image-2022-04-06-at-10.17.09-PM-2-300x170.jpeg 300w, https:\/\/atecordoba.org\/wp-content\/uploads\/2022\/04\/WhatsApp-Image-2022-04-06-at-10.17.09-PM-2-768x436.jpeg 768w, https:\/\/atecordoba.org\/wp-content\/uploads\/2022\/04\/WhatsApp-Image-2022-04-06-at-10.17.09-PM-2-750x425.jpeg 750w, https:\/\/atecordoba.org\/wp-content\/uploads\/2022\/04\/WhatsApp-Image-2022-04-06-at-10.17.09-PM-2-1140x647.jpeg 1140w, https:\/\/atecordoba.org\/wp-content\/uploads\/2022\/04\/WhatsApp-Image-2022-04-06-at-10.17.09-PM-2.jpeg 1280w\" sizes=\"auto, (max-width: 1024px) 100vw, 1024px\" \/><figcaption>Actor y director en un parate del ensayo.<\/figcaption><\/figure>\n<\/figure>\n\n\n\n<p><\/p>\n","protected":false},"excerpt":{"rendered":"<p>En una charla con el nuevo director de la obra de teatro &#8216;La Perra Castro, el olvidado&#8217;, Ariel Mart\u00ednez Mor\u00e1n cuenta como asume el desaf\u00edo de dar su mirada sobre un personaje que fue fundamental en el Cordobazo y en la historia grande de ATE y que hoy est\u00e1 rescatando del ostracismo la conducci\u00f3n de [&hellip;]<\/p>\n","protected":false},"author":7,"featured_media":31311,"comment_status":"open","ping_status":"open","sticky":false,"template":"","format":"standard","meta":{"_exactmetrics_skip_tracking":false,"_exactmetrics_sitenote_active":false,"_exactmetrics_sitenote_note":"","_exactmetrics_sitenote_category":0,"jnews-multi-image_gallery":[],"jnews_single_post":{"subtitle":"El director de la obra de teatro 'La Perra Castro, el olvidado', que se repone en san Francisco el 29 de abril, cuenta sus impresiones mientras dirige los ensayos y reflexiona sobre la historia y su trascendencia aqu\u00ed y ahora. ","format":"standard","video":"","gallery":"","source_name":"","source_url":"","via_name":"","via_url":"","override_template":"0","override":[{"template":"1","single_blog_custom":"","parallax":"1","fullscreen":"1","layout":"right-sidebar","sidebar":"default-sidebar","second_sidebar":"default-sidebar","sticky_sidebar":"1","share_position":"top","share_float_style":"share-monocrhome","show_share_counter":"1","show_view_counter":"1","show_featured":"1","show_post_meta":"1","show_post_author":"1","show_post_author_image":"1","show_post_date":"1","post_date_format":"default","post_date_format_custom":"Y\/m\/d","show_post_category":"1","show_post_reading_time":"0","post_reading_time_wpm":"300","show_zoom_button":"0","zoom_button_out_step":"2","zoom_button_in_step":"3","show_post_tag":"1","show_prev_next_post":"1","show_popup_post":"1","number_popup_post":"1","show_author_box":"0","show_post_related":"0","show_inline_post_related":"0"}],"override_image_size":"0","image_override":[{"single_post_thumbnail_size":"crop-500","single_post_gallery_size":"crop-500"}],"trending_post":"0","trending_post_position":"meta","trending_post_label":"Trending","sponsored_post":"0","sponsored_post_label":"Sponsored by","sponsored_post_name":"","sponsored_post_url":"","sponsored_post_logo_enable":"0","sponsored_post_logo":"","sponsored_post_desc":"","disable_ad":"0"},"jnews_primary_category":{"id":""},"jnews_social_meta":{"fb_title":"","fb_description":"","fb_image":"","twitter_title":"","twitter_description":"","twitter_image":""},"jnews_review":[],"enable_review":"0","type":"percentage","name":"","summary":"","brand":"","sku":"","good":[{"good_text":""}],"bad":[{"bad_text":""}],"score_override":"","override_value":"","rating":[{"rating_text":"","rating_number":"10"}],"price":[{"shop":"","price":"","link":"","icon":""}],"jnews_override_counter":{"override_view_counter":"0","view_counter_number":"0","override_share_counter":"0","share_counter_number":"0","override_like_counter":"0","like_counter_number":"0","override_dislike_counter":"0","dislike_counter_number":"0"},"jnews_post_split":{"enable_post_split":"0","post_split":[{"template":"1","tag":"h2","numbering":"asc","mode":"normal","first":"0","enable_toc":"0","toc_type":"normal"}]},"footnotes":""},"categories":[341,972],"tags":[720],"class_list":["post-31305","post","type-post","status-publish","format-standard","has-post-thumbnail","hentry","category-cdp","category-culturas","tag-obra-de-teatro"],"jetpack_featured_media_url":"https:\/\/atecordoba.org\/wp-content\/uploads\/2022\/04\/WhatsApp-Image-2022-04-06-at-10.17.32-PM-e1649432988276.jpeg","_links":{"self":[{"href":"https:\/\/atecordoba.org\/index.php?rest_route=\/wp\/v2\/posts\/31305","targetHints":{"allow":["GET"]}}],"collection":[{"href":"https:\/\/atecordoba.org\/index.php?rest_route=\/wp\/v2\/posts"}],"about":[{"href":"https:\/\/atecordoba.org\/index.php?rest_route=\/wp\/v2\/types\/post"}],"author":[{"embeddable":true,"href":"https:\/\/atecordoba.org\/index.php?rest_route=\/wp\/v2\/users\/7"}],"replies":[{"embeddable":true,"href":"https:\/\/atecordoba.org\/index.php?rest_route=%2Fwp%2Fv2%2Fcomments&post=31305"}],"version-history":[{"count":1,"href":"https:\/\/atecordoba.org\/index.php?rest_route=\/wp\/v2\/posts\/31305\/revisions"}],"predecessor-version":[{"id":31314,"href":"https:\/\/atecordoba.org\/index.php?rest_route=\/wp\/v2\/posts\/31305\/revisions\/31314"}],"wp:featuredmedia":[{"embeddable":true,"href":"https:\/\/atecordoba.org\/index.php?rest_route=\/wp\/v2\/media\/31311"}],"wp:attachment":[{"href":"https:\/\/atecordoba.org\/index.php?rest_route=%2Fwp%2Fv2%2Fmedia&parent=31305"}],"wp:term":[{"taxonomy":"category","embeddable":true,"href":"https:\/\/atecordoba.org\/index.php?rest_route=%2Fwp%2Fv2%2Fcategories&post=31305"},{"taxonomy":"post_tag","embeddable":true,"href":"https:\/\/atecordoba.org\/index.php?rest_route=%2Fwp%2Fv2%2Ftags&post=31305"}],"curies":[{"name":"wp","href":"https:\/\/api.w.org\/{rel}","templated":true}]}}