{"id":3128,"date":"2013-08-28T18:09:22","date_gmt":"2013-08-28T21:09:22","guid":{"rendered":"http:\/\/www.atecordoba.org\/?p=3128"},"modified":"2013-08-28T18:09:22","modified_gmt":"2013-08-28T21:09:22","slug":"pegatrina-militante","status":"publish","type":"post","link":"https:\/\/atecordoba.org\/?p=3128","title":{"rendered":"Pegatina militante"},"content":{"rendered":"<p style=\"text-align: left;\"><em>Varias cuadrillas de compa\u00f1eros se pusieron anoche el mameluco militante para pegatinerar en C\u00f3rdoba Capital por el reconocimiento a ATE en la provincia y municipios cordobeses, tal como lo confirm\u00f3 la justicia de trabajo. Algunas im\u00e1genes.<a href=\"http:\/\/www.atecordoba.org\/wp-content\/uploads\/2013\/08\/IMG_4830.jpg\"><img loading=\"lazy\" decoding=\"async\" class=\" wp-image-3129 aligncenter\" alt=\"IMG_4830\" src=\"http:\/\/www.atecordoba.org\/wp-content\/uploads\/2013\/08\/IMG_4830-1024x768.jpg\" width=\"614\" height=\"461\" \/><\/a> <a href=\"http:\/\/www.atecordoba.org\/wp-content\/uploads\/2013\/08\/IMG_4832.jpg\"><img loading=\"lazy\" decoding=\"async\" class=\" wp-image-3130 aligncenter\" alt=\"IMG_4832\" src=\"http:\/\/www.atecordoba.org\/wp-content\/uploads\/2013\/08\/IMG_4832-1024x768.jpg\" width=\"614\" height=\"461\" \/><\/a> <a href=\"http:\/\/www.atecordoba.org\/wp-content\/uploads\/2013\/08\/IMG02319-20130827-2259.jpg\"><img loading=\"lazy\" decoding=\"async\" class=\" wp-image-3131 aligncenter\" alt=\"IMG02319-20130827-2259\" src=\"http:\/\/www.atecordoba.org\/wp-content\/uploads\/2013\/08\/IMG02319-20130827-2259-1024x768.jpg\" width=\"614\" height=\"461\" \/><\/a> <a href=\"http:\/\/www.atecordoba.org\/wp-content\/uploads\/2013\/08\/IMG02320-20130827-2259.jpg\"><img loading=\"lazy\" decoding=\"async\" class=\" wp-image-3132 aligncenter\" alt=\"IMG02320-20130827-2259\" src=\"http:\/\/www.atecordoba.org\/wp-content\/uploads\/2013\/08\/IMG02320-20130827-2259-1024x768.jpg\" width=\"614\" height=\"461\" \/><\/a> <a href=\"http:\/\/www.atecordoba.org\/wp-content\/uploads\/2013\/08\/IMG02322-20130827-2300.jpg\"><img loading=\"lazy\" decoding=\"async\" class=\"wp-image-3133 aligncenter\" alt=\"IMG02322-20130827-2300\" src=\"http:\/\/www.atecordoba.org\/wp-content\/uploads\/2013\/08\/IMG02322-20130827-2300-768x1024.jpg\" width=\"599\" height=\"798\" \/><\/a> <a href=\"http:\/\/www.atecordoba.org\/wp-content\/uploads\/2013\/08\/IMG02328-20130828-0002.jpg\"><img loading=\"lazy\" decoding=\"async\" class=\" wp-image-3134 aligncenter\" alt=\"IMG02328-20130828-0002\" src=\"http:\/\/www.atecordoba.org\/wp-content\/uploads\/2013\/08\/IMG02328-20130828-0002-768x1024.jpg\" width=\"614\" height=\"819\" \/><\/a> <a href=\"http:\/\/www.atecordoba.org\/wp-content\/uploads\/2013\/08\/IMG02330-20130828-0012.jpg\"><img loading=\"lazy\" decoding=\"async\" class=\" wp-image-3135 aligncenter\" alt=\"IMG02330-20130828-0012\" src=\"http:\/\/www.atecordoba.org\/wp-content\/uploads\/2013\/08\/IMG02330-20130828-0012-1024x768.jpg\" width=\"614\" height=\"461\" \/><\/a> <a href=\"http:\/\/www.atecordoba.org\/wp-content\/uploads\/2013\/08\/IMG02332-20130828-0013.jpg\"><img loading=\"lazy\" decoding=\"async\" class=\" wp-image-3136 aligncenter\" alt=\"IMG02332-20130828-0013\" src=\"http:\/\/www.atecordoba.org\/wp-content\/uploads\/2013\/08\/IMG02332-20130828-0013-1024x768.jpg\" width=\"614\" height=\"461\" \/><\/a> <a href=\"http:\/\/www.atecordoba.org\/wp-content\/uploads\/2013\/08\/IMG_4818.jpg\"><img loading=\"lazy\" decoding=\"async\" class=\" wp-image-3137 aligncenter\" alt=\"IMG_4818\" src=\"http:\/\/www.atecordoba.org\/wp-content\/uploads\/2013\/08\/IMG_4818-1024x768.jpg\" width=\"614\" height=\"461\" \/><\/a> <a href=\"http:\/\/www.atecordoba.org\/wp-content\/uploads\/2013\/08\/IMG_4819.jpg\"><img loading=\"lazy\" decoding=\"async\" class=\" wp-image-3138 aligncenter\" alt=\"IMG_4819\" src=\"http:\/\/www.atecordoba.org\/wp-content\/uploads\/2013\/08\/IMG_4819-1024x768.jpg\" width=\"614\" height=\"461\" \/><\/a> <a href=\"http:\/\/www.atecordoba.org\/wp-content\/uploads\/2013\/08\/IMG_4820.jpg\"><img loading=\"lazy\" decoding=\"async\" class=\" wp-image-3139 aligncenter\" alt=\"IMG_4820\" src=\"http:\/\/www.atecordoba.org\/wp-content\/uploads\/2013\/08\/IMG_4820-1024x768.jpg\" width=\"614\" height=\"461\" \/><\/a> <a href=\"http:\/\/www.atecordoba.org\/wp-content\/uploads\/2013\/08\/IMG_4821.jpg\"><img loading=\"lazy\" decoding=\"async\" class=\" wp-image-3140 aligncenter\" alt=\"IMG_4821\" src=\"http:\/\/www.atecordoba.org\/wp-content\/uploads\/2013\/08\/IMG_4821-1024x768.jpg\" width=\"614\" height=\"461\" \/><\/a> <a href=\"http:\/\/www.atecordoba.org\/wp-content\/uploads\/2013\/08\/IMG_4822.jpg\"><img loading=\"lazy\" decoding=\"async\" class=\" wp-image-3141 aligncenter\" alt=\"IMG_4822\" src=\"http:\/\/www.atecordoba.org\/wp-content\/uploads\/2013\/08\/IMG_4822-1024x768.jpg\" width=\"614\" height=\"461\" \/><\/a> <a href=\"http:\/\/www.atecordoba.org\/wp-content\/uploads\/2013\/08\/IMG_4823.jpg\"><img loading=\"lazy\" decoding=\"async\" class=\" wp-image-3142 aligncenter\" alt=\"IMG_4823\" src=\"http:\/\/www.atecordoba.org\/wp-content\/uploads\/2013\/08\/IMG_4823-1024x768.jpg\" width=\"614\" height=\"461\" \/><\/a> <a href=\"http:\/\/www.atecordoba.org\/wp-content\/uploads\/2013\/08\/IMG_4824.jpg\"><img loading=\"lazy\" decoding=\"async\" class=\" wp-image-3143 aligncenter\" alt=\"IMG_4824\" src=\"http:\/\/www.atecordoba.org\/wp-content\/uploads\/2013\/08\/IMG_4824-1024x768.jpg\" width=\"614\" height=\"461\" \/><\/a> <a href=\"http:\/\/www.atecordoba.org\/wp-content\/uploads\/2013\/08\/IMG_4825.jpg\"><img loading=\"lazy\" decoding=\"async\" class=\" wp-image-3144 aligncenter\" alt=\"IMG_4825\" src=\"http:\/\/www.atecordoba.org\/wp-content\/uploads\/2013\/08\/IMG_4825-1024x768.jpg\" width=\"614\" height=\"461\" \/><\/a> <a href=\"http:\/\/www.atecordoba.org\/wp-content\/uploads\/2013\/08\/IMG_4826.jpg\"><img loading=\"lazy\" decoding=\"async\" class=\" wp-image-3145 aligncenter\" alt=\"IMG_4826\" src=\"http:\/\/www.atecordoba.org\/wp-content\/uploads\/2013\/08\/IMG_4826-1024x768.jpg\" width=\"614\" height=\"461\" \/><\/a> <a href=\"http:\/\/www.atecordoba.org\/wp-content\/uploads\/2013\/08\/IMG_4827.jpg\"><img loading=\"lazy\" decoding=\"async\" class=\" wp-image-3146 aligncenter\" alt=\"IMG_4827\" src=\"http:\/\/www.atecordoba.org\/wp-content\/uploads\/2013\/08\/IMG_4827-1024x768.jpg\" width=\"614\" height=\"461\" \/><\/a> <a href=\"http:\/\/www.atecordoba.org\/wp-content\/uploads\/2013\/08\/IMG_4828.jpg\"><img loading=\"lazy\" decoding=\"async\" class=\" wp-image-3147 aligncenter\" alt=\"IMG_4828\" src=\"http:\/\/www.atecordoba.org\/wp-content\/uploads\/2013\/08\/IMG_4828-1024x768.jpg\" width=\"614\" height=\"461\" \/><\/a> <a href=\"http:\/\/www.atecordoba.org\/wp-content\/uploads\/2013\/08\/IMG_4829.jpg\"><img loading=\"lazy\" decoding=\"async\" class=\" wp-image-3148 aligncenter\" alt=\"IMG_4829\" src=\"http:\/\/www.atecordoba.org\/wp-content\/uploads\/2013\/08\/IMG_4829-1024x768.jpg\" width=\"614\" height=\"461\" \/><\/a><\/em><\/p>\n","protected":false},"excerpt":{"rendered":"<p>Varias cuadrillas de compa\u00f1eros se pusieron anoche el mameluco militante para pegatinerar en C\u00f3rdoba Capital por el reconocimiento a ATE en la provincia y municipios cordobeses, tal como lo confirm\u00f3 la justicia de trabajo. Algunas im\u00e1genes.<\/p>\n","protected":false},"author":1,"featured_media":19220,"comment_status":"open","ping_status":"open","sticky":false,"template":"","format":"standard","meta":{"_exactmetrics_skip_tracking":false,"_exactmetrics_sitenote_active":false,"_exactmetrics_sitenote_note":"","_exactmetrics_sitenote_category":0,"jnews-multi-image_gallery":[],"jnews_single_post":[],"jnews_primary_category":[],"jnews_social_meta":[],"jnews_review":[],"enable_review":"","type":"","name":"","summary":"","brand":"","sku":"","good":[],"bad":[],"score_override":"","override_value":"","rating":[],"price":[],"jnews_override_counter":[],"jnews_post_split":[],"footnotes":""},"categories":[1],"tags":[],"class_list":["post-3128","post","type-post","status-publish","format-standard","has-post-thumbnail","hentry","category-sin-categoria"],"jetpack_featured_media_url":"https:\/\/atecordoba.org\/wp-content\/uploads\/2020\/05\/logo-nuevochico-e1561581322808.png","_links":{"self":[{"href":"https:\/\/atecordoba.org\/index.php?rest_route=\/wp\/v2\/posts\/3128","targetHints":{"allow":["GET"]}}],"collection":[{"href":"https:\/\/atecordoba.org\/index.php?rest_route=\/wp\/v2\/posts"}],"about":[{"href":"https:\/\/atecordoba.org\/index.php?rest_route=\/wp\/v2\/types\/post"}],"author":[{"embeddable":true,"href":"https:\/\/atecordoba.org\/index.php?rest_route=\/wp\/v2\/users\/1"}],"replies":[{"embeddable":true,"href":"https:\/\/atecordoba.org\/index.php?rest_route=%2Fwp%2Fv2%2Fcomments&post=3128"}],"version-history":[{"count":0,"href":"https:\/\/atecordoba.org\/index.php?rest_route=\/wp\/v2\/posts\/3128\/revisions"}],"wp:featuredmedia":[{"embeddable":true,"href":"https:\/\/atecordoba.org\/index.php?rest_route=\/wp\/v2\/media\/19220"}],"wp:attachment":[{"href":"https:\/\/atecordoba.org\/index.php?rest_route=%2Fwp%2Fv2%2Fmedia&parent=3128"}],"wp:term":[{"taxonomy":"category","embeddable":true,"href":"https:\/\/atecordoba.org\/index.php?rest_route=%2Fwp%2Fv2%2Fcategories&post=3128"},{"taxonomy":"post_tag","embeddable":true,"href":"https:\/\/atecordoba.org\/index.php?rest_route=%2Fwp%2Fv2%2Ftags&post=3128"}],"curies":[{"name":"wp","href":"https:\/\/api.w.org\/{rel}","templated":true}]}}