{"id":31271,"date":"2022-04-07T12:13:00","date_gmt":"2022-04-07T15:13:00","guid":{"rendered":"https:\/\/atecordoba.org\/?p=31271"},"modified":"2022-04-07T13:23:22","modified_gmt":"2022-04-07T16:23:22","slug":"cruz-del-eje-aprobo-memoria-y-balance-y-eligio-sus-congresales-para-el-xxiv-congreso-provincial","status":"publish","type":"post","link":"https:\/\/atecordoba.org\/?p=31271","title":{"rendered":"Cruz del Eje aprob\u00f3 memoria y balance y eligi\u00f3 sus congresales para el XXIV Congreso Provincial"},"content":{"rendered":"\n<div class=\"wp-block-image\"><figure class=\"aligncenter size-large is-resized\"><img loading=\"lazy\" decoding=\"async\" src=\"https:\/\/atecordoba.org\/wp-content\/uploads\/2022\/04\/mejorada-1024x576.jpg\" alt=\"\" class=\"wp-image-31272\" width=\"768\" height=\"432\" \/><\/figure><\/div>\n\n\n\n<p>Ayer se realiz\u00f3 la asamblea anual de ATE Cruz del Eje donde la conducci\u00f3n de la seccional present\u00f3 Memoria y Balance de lo actuado en 2021.<\/p>\n\n\n\n<p>La asamblea estuvo precedida por el secretario General de la seccional, Daniel Allende, y cont\u00f3 con la presencia del secretario General de ATE C\u00f3rdoba, Federico Giuliani, junto a una delegaci\u00f3n del Consejo Directivo Provincial integrada por el secretario de Formaci\u00f3n, C\u00e9sar Theaux, su par de Finanzas, Ricardo Reyna, y el Pro Finanzas, Diego Ch\u00e1vez.<\/p>\n\n\n\n<p>La reuni\u00f3n se realiz\u00f3 en el hotel del IOSFA en La Falda y los congresales aprobaron lo presentado por unanimidad. Posteriormente se eligi\u00f3 a los 13 congresales que estar\u00e1n en el XXIV Congreso Provincial que se celebrar\u00e1 el pr\u00f3ximo 29 de abril en San Francisco.<\/p>\n\n\n\n<figure class=\"wp-block-gallery has-nested-images columns-default is-cropped wp-block-gallery-1 is-layout-flex wp-block-gallery-is-layout-flex\">\n<figure class=\"wp-block-image size-large\"><a href=\"https:\/\/atecordoba.org\/wp-content\/uploads\/2022\/04\/IMG-20220406-WA0023.jpg\"><img loading=\"lazy\" decoding=\"async\" width=\"1280\" height=\"720\" data-id=\"31274\" src=\"https:\/\/atecordoba.org\/wp-content\/uploads\/2022\/04\/IMG-20220406-WA0023.jpg\" alt=\"\" class=\"wp-image-31274\" srcset=\"https:\/\/atecordoba.org\/wp-content\/uploads\/2022\/04\/IMG-20220406-WA0023.jpg 1280w, https:\/\/atecordoba.org\/wp-content\/uploads\/2022\/04\/IMG-20220406-WA0023-300x169.jpg 300w, https:\/\/atecordoba.org\/wp-content\/uploads\/2022\/04\/IMG-20220406-WA0023-1024x576.jpg 1024w, https:\/\/atecordoba.org\/wp-content\/uploads\/2022\/04\/IMG-20220406-WA0023-768x432.jpg 768w, https:\/\/atecordoba.org\/wp-content\/uploads\/2022\/04\/IMG-20220406-WA0023-750x422.jpg 750w, https:\/\/atecordoba.org\/wp-content\/uploads\/2022\/04\/IMG-20220406-WA0023-1140x641.jpg 1140w\" sizes=\"auto, (max-width: 1280px) 100vw, 1280px\" \/><\/a><\/figure>\n\n\n\n<figure class=\"wp-block-image size-large\"><a href=\"https:\/\/atecordoba.org\/wp-content\/uploads\/2022\/04\/IMG-20220406-WA0026.jpg\"><img loading=\"lazy\" decoding=\"async\" width=\"1600\" height=\"900\" data-id=\"31273\" src=\"https:\/\/atecordoba.org\/wp-content\/uploads\/2022\/04\/IMG-20220406-WA0026.jpg\" alt=\"\" class=\"wp-image-31273\" srcset=\"https:\/\/atecordoba.org\/wp-content\/uploads\/2022\/04\/IMG-20220406-WA0026.jpg 1600w, https:\/\/atecordoba.org\/wp-content\/uploads\/2022\/04\/IMG-20220406-WA0026-300x169.jpg 300w, https:\/\/atecordoba.org\/wp-content\/uploads\/2022\/04\/IMG-20220406-WA0026-1024x576.jpg 1024w, https:\/\/atecordoba.org\/wp-content\/uploads\/2022\/04\/IMG-20220406-WA0026-768x432.jpg 768w, https:\/\/atecordoba.org\/wp-content\/uploads\/2022\/04\/IMG-20220406-WA0026-1536x864.jpg 1536w, https:\/\/atecordoba.org\/wp-content\/uploads\/2022\/04\/IMG-20220406-WA0026-750x422.jpg 750w, https:\/\/atecordoba.org\/wp-content\/uploads\/2022\/04\/IMG-20220406-WA0026-1140x641.jpg 1140w\" sizes=\"auto, (max-width: 1600px) 100vw, 1600px\" \/><\/a><\/figure>\n\n\n\n<figure class=\"wp-block-image size-large\"><a href=\"https:\/\/atecordoba.org\/wp-content\/uploads\/2022\/04\/IMG-20220406-WA0042.jpg\"><img loading=\"lazy\" decoding=\"async\" width=\"1280\" height=\"958\" data-id=\"31275\" src=\"https:\/\/atecordoba.org\/wp-content\/uploads\/2022\/04\/IMG-20220406-WA0042.jpg\" alt=\"\" class=\"wp-image-31275\" srcset=\"https:\/\/atecordoba.org\/wp-content\/uploads\/2022\/04\/IMG-20220406-WA0042.jpg 1280w, https:\/\/atecordoba.org\/wp-content\/uploads\/2022\/04\/IMG-20220406-WA0042-300x225.jpg 300w, https:\/\/atecordoba.org\/wp-content\/uploads\/2022\/04\/IMG-20220406-WA0042-1024x766.jpg 1024w, https:\/\/atecordoba.org\/wp-content\/uploads\/2022\/04\/IMG-20220406-WA0042-768x575.jpg 768w, https:\/\/atecordoba.org\/wp-content\/uploads\/2022\/04\/IMG-20220406-WA0042-750x561.jpg 750w, https:\/\/atecordoba.org\/wp-content\/uploads\/2022\/04\/IMG-20220406-WA0042-1140x853.jpg 1140w\" sizes=\"auto, (max-width: 1280px) 100vw, 1280px\" \/><\/a><\/figure>\n<\/figure>\n","protected":false},"excerpt":{"rendered":"<p>Ayer se realiz\u00f3 la asamblea anual de ATE Cruz del Eje donde la conducci\u00f3n de la seccional present\u00f3 Memoria y Balance de lo actuado en 2021. La asamblea estuvo precedida por el secretario General de la seccional, Daniel Allende, y cont\u00f3 con la presencia del secretario General de ATE C\u00f3rdoba, Federico Giuliani, junto a una [&hellip;]<\/p>\n","protected":false},"author":7,"featured_media":31272,"comment_status":"open","ping_status":"open","sticky":false,"template":"","format":"standard","meta":{"_exactmetrics_skip_tracking":false,"_exactmetrics_sitenote_active":false,"_exactmetrics_sitenote_note":"","_exactmetrics_sitenote_category":0,"jnews-multi-image_gallery":[],"jnews_single_post":{"subtitle":"Las y los delegados aprobaron por unanimidad los actuado por la conducci\u00f3n de la seccional.","format":"standard","video":"","gallery":"","source_name":"","source_url":"","via_name":"","via_url":"","override_template":"0","override":[{"template":"1","single_blog_custom":"","parallax":"1","fullscreen":"1","layout":"right-sidebar","sidebar":"default-sidebar","second_sidebar":"default-sidebar","sticky_sidebar":"1","share_position":"top","share_float_style":"share-monocrhome","show_share_counter":"1","show_view_counter":"1","show_featured":"1","show_post_meta":"1","show_post_author":"1","show_post_author_image":"1","show_post_date":"1","post_date_format":"default","post_date_format_custom":"Y\/m\/d","show_post_category":"1","show_post_reading_time":"0","post_reading_time_wpm":"300","show_zoom_button":"0","zoom_button_out_step":"2","zoom_button_in_step":"3","show_post_tag":"1","show_prev_next_post":"1","show_popup_post":"1","number_popup_post":"1","show_author_box":"0","show_post_related":"0","show_inline_post_related":"0"}],"override_image_size":"0","image_override":[{"single_post_thumbnail_size":"crop-500","single_post_gallery_size":"crop-500"}],"trending_post":"0","trending_post_position":"meta","trending_post_label":"Trending","sponsored_post":"0","sponsored_post_label":"Sponsored by","sponsored_post_name":"","sponsored_post_url":"","sponsored_post_logo_enable":"0","sponsored_post_logo":"","sponsored_post_desc":"","disable_ad":"0"},"jnews_primary_category":{"id":""},"jnews_social_meta":{"fb_title":"","fb_description":"","fb_image":"","twitter_title":"","twitter_description":"","twitter_image":""},"jnews_review":[],"enable_review":"0","type":"percentage","name":"","summary":"","brand":"","sku":"","good":[{"good_text":""}],"bad":[{"bad_text":""}],"score_override":"","override_value":"","rating":[{"rating_text":"","rating_number":"10"}],"price":[{"shop":"","price":"","link":"","icon":""}],"jnews_override_counter":{"override_view_counter":"0","view_counter_number":"0","override_share_counter":"0","share_counter_number":"0","override_like_counter":"0","like_counter_number":"0","override_dislike_counter":"0","dislike_counter_number":"0"},"jnews_post_split":{"enable_post_split":"0","post_split":[{"template":"1","tag":"h2","numbering":"asc","mode":"normal","first":"0","enable_toc":"0","toc_type":"normal"}]},"footnotes":""},"categories":[150],"tags":[1078],"class_list":["post-31271","post","type-post","status-publish","format-standard","has-post-thumbnail","hentry","category-cruz-del-eje","tag-memoria-y-balance"],"jetpack_featured_media_url":"https:\/\/atecordoba.org\/wp-content\/uploads\/2022\/04\/mejorada-e1649344329389.jpg","_links":{"self":[{"href":"https:\/\/atecordoba.org\/index.php?rest_route=\/wp\/v2\/posts\/31271","targetHints":{"allow":["GET"]}}],"collection":[{"href":"https:\/\/atecordoba.org\/index.php?rest_route=\/wp\/v2\/posts"}],"about":[{"href":"https:\/\/atecordoba.org\/index.php?rest_route=\/wp\/v2\/types\/post"}],"author":[{"embeddable":true,"href":"https:\/\/atecordoba.org\/index.php?rest_route=\/wp\/v2\/users\/7"}],"replies":[{"embeddable":true,"href":"https:\/\/atecordoba.org\/index.php?rest_route=%2Fwp%2Fv2%2Fcomments&post=31271"}],"version-history":[{"count":1,"href":"https:\/\/atecordoba.org\/index.php?rest_route=\/wp\/v2\/posts\/31271\/revisions"}],"predecessor-version":[{"id":31276,"href":"https:\/\/atecordoba.org\/index.php?rest_route=\/wp\/v2\/posts\/31271\/revisions\/31276"}],"wp:featuredmedia":[{"embeddable":true,"href":"https:\/\/atecordoba.org\/index.php?rest_route=\/wp\/v2\/media\/31272"}],"wp:attachment":[{"href":"https:\/\/atecordoba.org\/index.php?rest_route=%2Fwp%2Fv2%2Fmedia&parent=31271"}],"wp:term":[{"taxonomy":"category","embeddable":true,"href":"https:\/\/atecordoba.org\/index.php?rest_route=%2Fwp%2Fv2%2Fcategories&post=31271"},{"taxonomy":"post_tag","embeddable":true,"href":"https:\/\/atecordoba.org\/index.php?rest_route=%2Fwp%2Fv2%2Ftags&post=31271"}],"curies":[{"name":"wp","href":"https:\/\/api.w.org\/{rel}","templated":true}]}}