{"id":31261,"date":"2022-04-07T11:40:33","date_gmt":"2022-04-07T14:40:33","guid":{"rendered":"https:\/\/atecordoba.org\/?p=31261"},"modified":"2022-04-07T18:47:32","modified_gmt":"2022-04-07T21:47:32","slug":"rio-cuarto-avanza-la-puesta-en-practica-de-la-obra-de-teatro-transmutando","status":"publish","type":"post","link":"https:\/\/atecordoba.org\/?p=31261","title":{"rendered":"R\u00edo Cuarto: avanza la puesta de la obra de teatro &#8216;Transmutando&#8217;"},"content":{"rendered":"\n<div class=\"wp-block-image\"><figure class=\"aligncenter size-large is-resized\"><img loading=\"lazy\" decoding=\"async\" src=\"https:\/\/atecordoba.org\/wp-content\/uploads\/2022\/04\/FB_IMG_1649268125174-1024x683.jpg\" alt=\"\" class=\"wp-image-31262\" width=\"768\" height=\"512\" \/><\/figure><\/div>\n\n\n\n<p>Ayer la secretaria General de ATE R\u00edo Cuarto, Rafaela Alcoba, mantuvo una reuni\u00f3n con el titular de la secretar\u00eda de Discapacidad en R\u00edo Cuarto, para ultimar detalles de la obra teatral \u201cTransmutando\u201d que se estrena el s\u00e1bado 23 de abril y cuenta con el aval de la seccional.<\/p>\n\n\n\n<p>En la oportunidad particip\u00f3 el Director del Departamento de Discapacidad del Consejo Directivo Provincial y trabajador de ANDES, Franco Orsato.<\/p>\n\n\n\n<p>La obra teatral est\u00e1 declarada de inter\u00e9s municipal y de inter\u00e9s cultural por el Concejo Deliberante.<\/p>\n\n\n\n<p>Durante la reuni\u00f3n se estipul\u00f3 c\u00f3mo va a costearse el traslado de los actores y se van a cursar las invitaciones a las diferentes instituciones, municipios y escuelas.<\/p>\n\n\n\n<p>\u201cVamos a estar llevando invitaciones a todas las escuelas, municipios e instituciones que trabajen la problem\u00e1tica, creando un v\u00ednculo con la invitaci\u00f3n a trav\u00e9s del Consejo Asesor de Discapacidad, del cual somos integrantes. Estamos estrechando lazos en conjunto para crear un evento que transcienda por sus caracter\u00edsticas y poder dejar un mensaje a la sociedad\u201d, dijo Orsato al finalizar la reuni\u00f3n.<\/p>\n\n\n\n<p>Transmutando es una puesta en escena a cargo de Florencia G\u00f3mez, la direcci\u00f3n coreogr\u00e1fica de Florencia Z\u00fa\u00f1iga y la direcci\u00f3n de vestuario de Silvia Lorena Moreno. Con la participaci\u00f3n de los artistas Jorge \u201cNegro\u201d Valdivia, Ver\u00f3nica Oron\u00e1, Yani Arias, Fran Salido y Pablo Aventuroso.<\/p>\n\n\n\n<p>Esta obra de teatro, expresi\u00f3n corporal y danza permitir\u00e1 trabajar desde las \u00e1reas transversales -de discapacidad, g\u00e9nero y derechos humanos- la problem\u00e1tica de discapacidad junto a la problem\u00e1tica de la mujer.<\/p>\n\n\n\n<figure class=\"wp-block-gallery has-nested-images columns-default is-cropped wp-block-gallery-1 is-layout-flex wp-block-gallery-is-layout-flex\">\n<figure class=\"wp-block-image size-large\"><img loading=\"lazy\" decoding=\"async\" width=\"1024\" height=\"683\" data-id=\"31264\" src=\"https:\/\/atecordoba.org\/wp-content\/uploads\/2022\/04\/FB_IMG_1649268136595-1024x683.jpg\" alt=\"\" class=\"wp-image-31264\" srcset=\"https:\/\/atecordoba.org\/wp-content\/uploads\/2022\/04\/FB_IMG_1649268136595-1024x683.jpg 1024w, https:\/\/atecordoba.org\/wp-content\/uploads\/2022\/04\/FB_IMG_1649268136595-300x200.jpg 300w, https:\/\/atecordoba.org\/wp-content\/uploads\/2022\/04\/FB_IMG_1649268136595-768x512.jpg 768w, https:\/\/atecordoba.org\/wp-content\/uploads\/2022\/04\/FB_IMG_1649268136595-750x500.jpg 750w, https:\/\/atecordoba.org\/wp-content\/uploads\/2022\/04\/FB_IMG_1649268136595.jpg 1080w\" sizes=\"auto, (max-width: 1024px) 100vw, 1024px\" \/><\/figure>\n\n\n\n<figure class=\"wp-block-image size-large\"><img loading=\"lazy\" decoding=\"async\" width=\"1024\" height=\"683\" data-id=\"31263\" src=\"https:\/\/atecordoba.org\/wp-content\/uploads\/2022\/04\/FB_IMG_1649268128410-1024x683.jpg\" alt=\"\" class=\"wp-image-31263\" srcset=\"https:\/\/atecordoba.org\/wp-content\/uploads\/2022\/04\/FB_IMG_1649268128410-1024x683.jpg 1024w, https:\/\/atecordoba.org\/wp-content\/uploads\/2022\/04\/FB_IMG_1649268128410-300x200.jpg 300w, https:\/\/atecordoba.org\/wp-content\/uploads\/2022\/04\/FB_IMG_1649268128410-768x512.jpg 768w, https:\/\/atecordoba.org\/wp-content\/uploads\/2022\/04\/FB_IMG_1649268128410-750x500.jpg 750w, https:\/\/atecordoba.org\/wp-content\/uploads\/2022\/04\/FB_IMG_1649268128410.jpg 1080w\" sizes=\"auto, (max-width: 1024px) 100vw, 1024px\" \/><\/figure>\n<\/figure>\n","protected":false},"excerpt":{"rendered":"<p>Ayer la secretaria General de ATE R\u00edo Cuarto, Rafaela Alcoba, mantuvo una reuni\u00f3n con el titular de la secretar\u00eda de Discapacidad en R\u00edo Cuarto, para ultimar detalles de la obra teatral \u201cTransmutando\u201d que se estrena el s\u00e1bado 23 de abril y cuenta con el aval de la seccional. En la oportunidad particip\u00f3 el Director del [&hellip;]<\/p>\n","protected":false},"author":7,"featured_media":31262,"comment_status":"open","ping_status":"open","sticky":false,"template":"","format":"standard","meta":{"_exactmetrics_skip_tracking":false,"_exactmetrics_sitenote_active":false,"_exactmetrics_sitenote_note":"","_exactmetrics_sitenote_category":0,"jnews-multi-image_gallery":[],"jnews_single_post":{"subtitle":"La obra teatral est\u00e1 declarada de inter\u00e9s municipal y de inter\u00e9s cultural por el Concejo Deliberante.","format":"standard","video":"","gallery":"","source_name":"","source_url":"","via_name":"","via_url":"","override_template":"0","override":[{"template":"1","single_blog_custom":"","parallax":"1","fullscreen":"1","layout":"right-sidebar","sidebar":"default-sidebar","second_sidebar":"default-sidebar","sticky_sidebar":"1","share_position":"top","share_float_style":"share-monocrhome","show_share_counter":"1","show_view_counter":"1","show_featured":"1","show_post_meta":"1","show_post_author":"1","show_post_author_image":"1","show_post_date":"1","post_date_format":"default","post_date_format_custom":"Y\/m\/d","show_post_category":"1","show_post_reading_time":"0","post_reading_time_wpm":"300","show_zoom_button":"0","zoom_button_out_step":"2","zoom_button_in_step":"3","show_post_tag":"1","show_prev_next_post":"1","show_popup_post":"1","number_popup_post":"1","show_author_box":"0","show_post_related":"0","show_inline_post_related":"0"}],"override_image_size":"0","image_override":[{"single_post_thumbnail_size":"crop-500","single_post_gallery_size":"crop-500"}],"trending_post":"0","trending_post_position":"meta","trending_post_label":"Trending","sponsored_post":"0","sponsored_post_label":"Sponsored by","sponsored_post_name":"","sponsored_post_url":"","sponsored_post_logo_enable":"0","sponsored_post_logo":"","sponsored_post_desc":"","disable_ad":"0"},"jnews_primary_category":{"id":""},"jnews_social_meta":{"fb_title":"","fb_description":"","fb_image":"","twitter_title":"","twitter_description":"","twitter_image":""},"jnews_review":[],"enable_review":"0","type":"percentage","name":"","summary":"","brand":"","sku":"","good":[{"good_text":""}],"bad":[{"bad_text":""}],"score_override":"","override_value":"","rating":[{"rating_text":"","rating_number":"10"}],"price":[{"shop":"","price":"","link":"","icon":""}],"jnews_override_counter":{"override_view_counter":"0","view_counter_number":"0","override_share_counter":"0","share_counter_number":"0","override_like_counter":"0","like_counter_number":"0","override_dislike_counter":"0","dislike_counter_number":"0"},"jnews_post_split":{"enable_post_split":"0","post_split":[{"template":"1","tag":"h2","numbering":"asc","mode":"normal","first":"0","enable_toc":"0","toc_type":"normal"}]},"footnotes":""},"categories":[122,625,12],"tags":[],"class_list":["post-31261","post","type-post","status-publish","format-standard","has-post-thumbnail","hentry","category-ddhh","category-discapacidad","category-rio-cuarto"],"jetpack_featured_media_url":"https:\/\/atecordoba.org\/wp-content\/uploads\/2022\/04\/FB_IMG_1649268125174-e1649345024833.jpg","_links":{"self":[{"href":"https:\/\/atecordoba.org\/index.php?rest_route=\/wp\/v2\/posts\/31261","targetHints":{"allow":["GET"]}}],"collection":[{"href":"https:\/\/atecordoba.org\/index.php?rest_route=\/wp\/v2\/posts"}],"about":[{"href":"https:\/\/atecordoba.org\/index.php?rest_route=\/wp\/v2\/types\/post"}],"author":[{"embeddable":true,"href":"https:\/\/atecordoba.org\/index.php?rest_route=\/wp\/v2\/users\/7"}],"replies":[{"embeddable":true,"href":"https:\/\/atecordoba.org\/index.php?rest_route=%2Fwp%2Fv2%2Fcomments&post=31261"}],"version-history":[{"count":2,"href":"https:\/\/atecordoba.org\/index.php?rest_route=\/wp\/v2\/posts\/31261\/revisions"}],"predecessor-version":[{"id":31298,"href":"https:\/\/atecordoba.org\/index.php?rest_route=\/wp\/v2\/posts\/31261\/revisions\/31298"}],"wp:featuredmedia":[{"embeddable":true,"href":"https:\/\/atecordoba.org\/index.php?rest_route=\/wp\/v2\/media\/31262"}],"wp:attachment":[{"href":"https:\/\/atecordoba.org\/index.php?rest_route=%2Fwp%2Fv2%2Fmedia&parent=31261"}],"wp:term":[{"taxonomy":"category","embeddable":true,"href":"https:\/\/atecordoba.org\/index.php?rest_route=%2Fwp%2Fv2%2Fcategories&post=31261"},{"taxonomy":"post_tag","embeddable":true,"href":"https:\/\/atecordoba.org\/index.php?rest_route=%2Fwp%2Fv2%2Ftags&post=31261"}],"curies":[{"name":"wp","href":"https:\/\/api.w.org\/{rel}","templated":true}]}}