{"id":31253,"date":"2022-04-07T09:46:38","date_gmt":"2022-04-07T12:46:38","guid":{"rendered":"https:\/\/atecordoba.org\/?p=31253"},"modified":"2022-04-07T11:29:45","modified_gmt":"2022-04-07T14:29:45","slug":"despedimos-a-miguel-angel-estrella","status":"publish","type":"post","link":"https:\/\/atecordoba.org\/?p=31253","title":{"rendered":"Despedimos a Miguel \u00c1ngel Estrella"},"content":{"rendered":"\n<div class=\"wp-block-image\"><figure class=\"aligncenter size-large\"><img loading=\"lazy\" decoding=\"async\" width=\"1024\" height=\"768\" src=\"https:\/\/atecordoba.org\/wp-content\/uploads\/2022\/04\/Fallecimiento-Estrella-1-1024x768.jpg\" alt=\"\" class=\"wp-image-31267\" srcset=\"https:\/\/atecordoba.org\/wp-content\/uploads\/2022\/04\/Fallecimiento-Estrella-1-1024x768.jpg 1024w, https:\/\/atecordoba.org\/wp-content\/uploads\/2022\/04\/Fallecimiento-Estrella-1-300x225.jpg 300w, https:\/\/atecordoba.org\/wp-content\/uploads\/2022\/04\/Fallecimiento-Estrella-1-768x576.jpg 768w, https:\/\/atecordoba.org\/wp-content\/uploads\/2022\/04\/Fallecimiento-Estrella-1-750x563.jpg 750w, https:\/\/atecordoba.org\/wp-content\/uploads\/2022\/04\/Fallecimiento-Estrella-1-1140x855.jpg 1140w, https:\/\/atecordoba.org\/wp-content\/uploads\/2022\/04\/Fallecimiento-Estrella-1.jpg 1501w\" sizes=\"auto, (max-width: 1024px) 100vw, 1024px\" \/><\/figure><\/div>\n\n\n\n<p>Hoy en Par\u00eds, al amanecer, falleci\u00f3 Miguel \u00c1ngel Estrella, a los 81 a\u00f1os de edad.<\/p>\n\n\n\n<p>Pianista tucumano, fue Embajador Argentino ante la UNESCO.<\/p>\n\n\n\n<p>En 1982 fund\u00f3 &#8220;M\u00daSICA ESPERANZA&#8221; que llev\u00f3 la m\u00fasica, incluso la llamada culta, a todos los sectores de la sociedad. Esa creaci\u00f3n naci\u00f3 mientras estaba secuestrado por la dictadura c\u00edvico-militar a trav\u00e9s del Plan C\u00f3ndor, cuando estuvo dos a\u00f1os de prisi\u00f3n y tortura en Montevideo, tras ser secuestrado y salv\u00f3 su vida por la presi\u00f3n internacional. Pens\u00f3 que nunca m\u00e1s podr\u00eda usar sus manos como resultado de las torturas a las que fue sometido y <a href=\"https:\/\/www.pagina12.com.ar\/diario\/elpais\/1-26634-2003-10-12.html\">un coronel sanguinario le explic\u00f3 que era \u201cun traidor de clase\u201d<\/a> porque &#8220;te formaron para tocar para nosotros y elegiste la negrada&#8221;.<\/p>\n\n\n\n<p>&#8220;Me propuse hacer m\u00fasica contra la locura y la tortura del poder. Quiero pelear con la m\u00fasica contra quienes quieren sojuzgarnos&#8221; declar\u00f3, en una de sus maravillosas presentaciones.<\/p>\n\n\n\n<p>Con \u00e9l se nos va una idea, una experiencia del arte y del artista, que atraviesa con su sensibilidad las diferencias que dividen a la humanidad. Desde el Departamento de Cultura del Consejo Directivo Provincial despedimos a Miguel \u00c1ngel Estrella.<\/p>\n","protected":false},"excerpt":{"rendered":"<p>Hoy en Par\u00eds, al amanecer, falleci\u00f3 Miguel \u00c1ngel Estrella, a los 81 a\u00f1os de edad. Pianista tucumano, fue Embajador Argentino ante la UNESCO. En 1982 fund\u00f3 &#8220;M\u00daSICA ESPERANZA&#8221; que llev\u00f3 la m\u00fasica, incluso la llamada culta, a todos los sectores de la sociedad. Esa creaci\u00f3n naci\u00f3 mientras estaba secuestrado por la dictadura c\u00edvico-militar a trav\u00e9s [&hellip;]<\/p>\n","protected":false},"author":7,"featured_media":31265,"comment_status":"open","ping_status":"open","sticky":false,"template":"","format":"standard","meta":{"_exactmetrics_skip_tracking":false,"_exactmetrics_sitenote_active":false,"_exactmetrics_sitenote_note":"","_exactmetrics_sitenote_category":0,"jnews-multi-image_gallery":[],"jnews_single_post":{"subtitle":"Ten\u00eda 81 a\u00f1os y era uno de los grandes m\u00fasicos argentinos, con amplio reconocimiento en todo el mundo. Viv\u00eda en Paris desde que se exili\u00f3 durante la dictadura. ","format":"standard","video":"","gallery":"","source_name":"","source_url":"","via_name":"","via_url":"","override_template":"0","override":[{"template":"1","single_blog_custom":"","parallax":"1","fullscreen":"1","layout":"right-sidebar","sidebar":"default-sidebar","second_sidebar":"default-sidebar","sticky_sidebar":"1","share_position":"top","share_float_style":"share-monocrhome","show_share_counter":"1","show_view_counter":"1","show_featured":"1","show_post_meta":"1","show_post_author":"1","show_post_author_image":"1","show_post_date":"1","post_date_format":"default","post_date_format_custom":"Y\/m\/d","show_post_category":"1","show_post_reading_time":"0","post_reading_time_wpm":"300","show_zoom_button":"0","zoom_button_out_step":"2","zoom_button_in_step":"3","show_post_tag":"1","show_prev_next_post":"1","show_popup_post":"1","number_popup_post":"1","show_author_box":"0","show_post_related":"0","show_inline_post_related":"0"}],"override_image_size":"0","image_override":[{"single_post_thumbnail_size":"crop-500","single_post_gallery_size":"crop-500"}],"trending_post":"0","trending_post_position":"meta","trending_post_label":"Trending","sponsored_post":"0","sponsored_post_label":"Sponsored by","sponsored_post_name":"","sponsored_post_url":"","sponsored_post_logo_enable":"0","sponsored_post_logo":"","sponsored_post_desc":"","disable_ad":"0"},"jnews_primary_category":{"id":""},"jnews_social_meta":{"fb_title":"","fb_description":"","fb_image":"","twitter_title":"","twitter_description":"","twitter_image":""},"jnews_review":[],"enable_review":"0","type":"percentage","name":"","summary":"","brand":"","sku":"","good":[{"good_text":""}],"bad":[{"bad_text":""}],"score_override":"","override_value":"","rating":[{"rating_text":"","rating_number":"10"}],"price":[{"shop":"","price":"","link":"","icon":""}],"jnews_override_counter":{"override_view_counter":"0","view_counter_number":"0","override_share_counter":"0","share_counter_number":"0","override_like_counter":"0","like_counter_number":"0","override_dislike_counter":"0","dislike_counter_number":"0"},"jnews_post_split":{"enable_post_split":"0","post_split":[{"template":"1","tag":"h2","numbering":"asc","mode":"normal","first":"0","enable_toc":"0","toc_type":"normal"}]},"footnotes":""},"categories":[972],"tags":[1075],"class_list":["post-31253","post","type-post","status-publish","format-standard","has-post-thumbnail","hentry","category-culturas","tag-muere-miguel-angel-estrella"],"jetpack_featured_media_url":"https:\/\/atecordoba.org\/wp-content\/uploads\/2022\/04\/Fallecimiento-Estrella.jpg","_links":{"self":[{"href":"https:\/\/atecordoba.org\/index.php?rest_route=\/wp\/v2\/posts\/31253","targetHints":{"allow":["GET"]}}],"collection":[{"href":"https:\/\/atecordoba.org\/index.php?rest_route=\/wp\/v2\/posts"}],"about":[{"href":"https:\/\/atecordoba.org\/index.php?rest_route=\/wp\/v2\/types\/post"}],"author":[{"embeddable":true,"href":"https:\/\/atecordoba.org\/index.php?rest_route=\/wp\/v2\/users\/7"}],"replies":[{"embeddable":true,"href":"https:\/\/atecordoba.org\/index.php?rest_route=%2Fwp%2Fv2%2Fcomments&post=31253"}],"version-history":[{"count":3,"href":"https:\/\/atecordoba.org\/index.php?rest_route=\/wp\/v2\/posts\/31253\/revisions"}],"predecessor-version":[{"id":31268,"href":"https:\/\/atecordoba.org\/index.php?rest_route=\/wp\/v2\/posts\/31253\/revisions\/31268"}],"wp:featuredmedia":[{"embeddable":true,"href":"https:\/\/atecordoba.org\/index.php?rest_route=\/wp\/v2\/media\/31265"}],"wp:attachment":[{"href":"https:\/\/atecordoba.org\/index.php?rest_route=%2Fwp%2Fv2%2Fmedia&parent=31253"}],"wp:term":[{"taxonomy":"category","embeddable":true,"href":"https:\/\/atecordoba.org\/index.php?rest_route=%2Fwp%2Fv2%2Fcategories&post=31253"},{"taxonomy":"post_tag","embeddable":true,"href":"https:\/\/atecordoba.org\/index.php?rest_route=%2Fwp%2Fv2%2Ftags&post=31253"}],"curies":[{"name":"wp","href":"https:\/\/api.w.org\/{rel}","templated":true}]}}