{"id":31239,"date":"2022-04-06T09:53:19","date_gmt":"2022-04-06T12:53:19","guid":{"rendered":"https:\/\/atecordoba.org\/?p=31239"},"modified":"2022-04-06T14:49:22","modified_gmt":"2022-04-06T17:49:22","slug":"villa-maria-aprobo-memoria-y-balance-y-eligio-sus-congresales-para-el-xxiv-congreso-provincial","status":"publish","type":"post","link":"https:\/\/atecordoba.org\/?p=31239","title":{"rendered":"Villa Mar\u00eda aprob\u00f3 memoria y balance y eligi\u00f3 sus congresales para el XXIV Congreso Provincial"},"content":{"rendered":"\n<div class=\"wp-block-image\"><figure class=\"alignleft size-large is-resized\"><img loading=\"lazy\" decoding=\"async\" src=\"https:\/\/atecordoba.org\/wp-content\/uploads\/2022\/04\/IMG-20220405-WA0181-1024x1024.jpg\" alt=\"\" class=\"wp-image-31240\" width=\"512\" height=\"512\" srcset=\"https:\/\/atecordoba.org\/wp-content\/uploads\/2022\/04\/IMG-20220405-WA0181-1024x1024.jpg 1024w, https:\/\/atecordoba.org\/wp-content\/uploads\/2022\/04\/IMG-20220405-WA0181-300x300.jpg 300w, https:\/\/atecordoba.org\/wp-content\/uploads\/2022\/04\/IMG-20220405-WA0181-150x150.jpg 150w, https:\/\/atecordoba.org\/wp-content\/uploads\/2022\/04\/IMG-20220405-WA0181-768x768.jpg 768w, https:\/\/atecordoba.org\/wp-content\/uploads\/2022\/04\/IMG-20220405-WA0181-1536x1536.jpg 1536w, https:\/\/atecordoba.org\/wp-content\/uploads\/2022\/04\/IMG-20220405-WA0181-560x560.jpg 560w, https:\/\/atecordoba.org\/wp-content\/uploads\/2022\/04\/IMG-20220405-WA0181-75x75.jpg 75w, https:\/\/atecordoba.org\/wp-content\/uploads\/2022\/04\/IMG-20220405-WA0181-350x350.jpg 350w, https:\/\/atecordoba.org\/wp-content\/uploads\/2022\/04\/IMG-20220405-WA0181-750x750.jpg 750w, https:\/\/atecordoba.org\/wp-content\/uploads\/2022\/04\/IMG-20220405-WA0181-1140x1140.jpg 1140w, https:\/\/atecordoba.org\/wp-content\/uploads\/2022\/04\/IMG-20220405-WA0181.jpg 1600w\" sizes=\"auto, (max-width: 512px) 100vw, 512px\" \/><\/figure><\/div>\n\n\n\n<p>Ayer se realiz\u00f3 en la seccional ATE Villa Mar\u00eda la asamblea Ordinaria anual donde los compa\u00f1eros presentes aprobaron por unanimidad la memoria y balance del a\u00f1o 2021.<\/p>\n\n\n\n<p>La reuni\u00f3n estuvo presidida por el secretario General de la seccional, Fernando Mercado, y en la oportunidad estuvo presente una delegaci\u00f3n de compa\u00f1eros y compa\u00f1eras del Consejo Directivo Provincial (CDP) encabezados por el secretario General Federico Giuliani.<\/p>\n\n\n\n<p>Mercado realiz\u00f3 la apertura de la asamblea, celebrando est\u00e1 instancia de reencuentro despu\u00e9s de la pandemia, y Giuliani destac\u00f3 el trabajo que logr\u00f3 la totalidad de reincorporaciones en la F\u00e1brica Militar de P\u00f3lvora y Explosivos de los despedidos por el macrismo. Adem\u00e1s, remarc\u00f3 el triunfo judicial por la legalidad en el Municipio de Bell Ville.<\/p>\n\n\n\n<p>Por el CDP estuvieron tambi\u00e9n el secretario de Finanzas, Ricardo Reyna, el Pro Finanzas, Diego Ch\u00e1vez, el secretario de Formaci\u00f3n, C\u00e9sar Theaux, su par de Prensa y Comunicaci\u00f3n, Julia Giuliani, y Javier Bracamonte, del Departamento de Salud Laboral.<\/p>\n\n\n\n<p>La asamblea cont\u00f3 con la participaci\u00f3n del hist\u00f3rico Oscar Cacho Mengarelli, Vice Presidente del Centro Nacional de Jubilados de ATE.<\/p>\n\n\n\n<p>Luego de aprobadas memoria y balance se procedi\u00f3 a considerar y posteriormente aprobar el listado de los 19 compa\u00f1eros que participar\u00e1n en el XXIV Congreso Provincial del CDP el pr\u00f3ximo 29 de abril en la ciudad de San Francisco.<\/p>\n\n\n\n<figure class=\"wp-block-gallery has-nested-images columns-default is-cropped wp-block-gallery-1 is-layout-flex wp-block-gallery-is-layout-flex\">\n<figure class=\"wp-block-image size-large\"><img loading=\"lazy\" decoding=\"async\" width=\"1024\" height=\"768\" data-id=\"31245\" src=\"https:\/\/atecordoba.org\/wp-content\/uploads\/2022\/04\/IMG-20220405-WA0154-1024x768.jpg\" alt=\"\" class=\"wp-image-31245\" \/><\/figure>\n\n\n\n<figure class=\"wp-block-image size-large\"><img loading=\"lazy\" decoding=\"async\" width=\"1024\" height=\"768\" data-id=\"31243\" src=\"https:\/\/atecordoba.org\/wp-content\/uploads\/2022\/04\/IMG-20220405-WA0161-1024x768.jpg\" alt=\"\" class=\"wp-image-31243\" srcset=\"https:\/\/atecordoba.org\/wp-content\/uploads\/2022\/04\/IMG-20220405-WA0161-1024x768.jpg 1024w, https:\/\/atecordoba.org\/wp-content\/uploads\/2022\/04\/IMG-20220405-WA0161-300x225.jpg 300w, https:\/\/atecordoba.org\/wp-content\/uploads\/2022\/04\/IMG-20220405-WA0161-768x576.jpg 768w, https:\/\/atecordoba.org\/wp-content\/uploads\/2022\/04\/IMG-20220405-WA0161-1536x1152.jpg 1536w, https:\/\/atecordoba.org\/wp-content\/uploads\/2022\/04\/IMG-20220405-WA0161-750x563.jpg 750w, https:\/\/atecordoba.org\/wp-content\/uploads\/2022\/04\/IMG-20220405-WA0161-1140x855.jpg 1140w, https:\/\/atecordoba.org\/wp-content\/uploads\/2022\/04\/IMG-20220405-WA0161.jpg 1600w\" sizes=\"auto, (max-width: 1024px) 100vw, 1024px\" \/><\/figure>\n\n\n\n<figure class=\"wp-block-image size-large\"><img loading=\"lazy\" decoding=\"async\" width=\"1024\" height=\"768\" data-id=\"31247\" src=\"https:\/\/atecordoba.org\/wp-content\/uploads\/2022\/04\/IMG-20220405-WA0171-1024x768.jpg\" alt=\"\" class=\"wp-image-31247\" srcset=\"https:\/\/atecordoba.org\/wp-content\/uploads\/2022\/04\/IMG-20220405-WA0171-1024x768.jpg 1024w, https:\/\/atecordoba.org\/wp-content\/uploads\/2022\/04\/IMG-20220405-WA0171-300x225.jpg 300w, https:\/\/atecordoba.org\/wp-content\/uploads\/2022\/04\/IMG-20220405-WA0171-768x576.jpg 768w, https:\/\/atecordoba.org\/wp-content\/uploads\/2022\/04\/IMG-20220405-WA0171-1536x1152.jpg 1536w, https:\/\/atecordoba.org\/wp-content\/uploads\/2022\/04\/IMG-20220405-WA0171-750x563.jpg 750w, https:\/\/atecordoba.org\/wp-content\/uploads\/2022\/04\/IMG-20220405-WA0171-1140x855.jpg 1140w, https:\/\/atecordoba.org\/wp-content\/uploads\/2022\/04\/IMG-20220405-WA0171.jpg 1600w\" sizes=\"auto, (max-width: 1024px) 100vw, 1024px\" \/><\/figure>\n\n\n\n<figure class=\"wp-block-image size-large\"><img loading=\"lazy\" decoding=\"async\" width=\"1024\" height=\"768\" data-id=\"31246\" src=\"https:\/\/atecordoba.org\/wp-content\/uploads\/2022\/04\/IMG-20220405-WA0172-1024x768.jpg\" alt=\"\" class=\"wp-image-31246\" srcset=\"https:\/\/atecordoba.org\/wp-content\/uploads\/2022\/04\/IMG-20220405-WA0172-1024x768.jpg 1024w, https:\/\/atecordoba.org\/wp-content\/uploads\/2022\/04\/IMG-20220405-WA0172-300x225.jpg 300w, https:\/\/atecordoba.org\/wp-content\/uploads\/2022\/04\/IMG-20220405-WA0172-768x576.jpg 768w, https:\/\/atecordoba.org\/wp-content\/uploads\/2022\/04\/IMG-20220405-WA0172-1536x1152.jpg 1536w, https:\/\/atecordoba.org\/wp-content\/uploads\/2022\/04\/IMG-20220405-WA0172-750x563.jpg 750w, https:\/\/atecordoba.org\/wp-content\/uploads\/2022\/04\/IMG-20220405-WA0172-1140x855.jpg 1140w, https:\/\/atecordoba.org\/wp-content\/uploads\/2022\/04\/IMG-20220405-WA0172.jpg 1600w\" sizes=\"auto, (max-width: 1024px) 100vw, 1024px\" \/><\/figure>\n<\/figure>\n","protected":false},"excerpt":{"rendered":"<p>Ayer se realiz\u00f3 en la seccional ATE Villa Mar\u00eda la asamblea Ordinaria anual donde los compa\u00f1eros presentes aprobaron por unanimidad la memoria y balance del a\u00f1o 2021. La reuni\u00f3n estuvo presidida por el secretario General de la seccional, Fernando Mercado, y en la oportunidad estuvo presente una delegaci\u00f3n de compa\u00f1eros y compa\u00f1eras del Consejo Directivo [&hellip;]<\/p>\n","protected":false},"author":7,"featured_media":31245,"comment_status":"open","ping_status":"open","sticky":false,"template":"","format":"standard","meta":{"_exactmetrics_skip_tracking":false,"_exactmetrics_sitenote_active":false,"_exactmetrics_sitenote_note":"","_exactmetrics_sitenote_category":0,"jnews-multi-image_gallery":[],"jnews_single_post":{"subtitle":"Federico Giuliani estuvo invitado a la asamblea y destac\u00f3 las reincorporaciones de los despedidos del macrismo de FFMM y la victoria judicial por el reconocimiento de ATE en Bell Ville.","format":"standard","video":"","gallery":"","source_name":"","source_url":"","via_name":"","via_url":"","override_template":"0","override":[{"template":"1","single_blog_custom":"","parallax":"1","fullscreen":"1","layout":"right-sidebar","sidebar":"default-sidebar","second_sidebar":"default-sidebar","sticky_sidebar":"1","share_position":"top","share_float_style":"share-monocrhome","show_share_counter":"1","show_view_counter":"1","show_featured":"1","show_post_meta":"1","show_post_author":"1","show_post_author_image":"1","show_post_date":"1","post_date_format":"default","post_date_format_custom":"Y\/m\/d","show_post_category":"1","show_post_reading_time":"0","post_reading_time_wpm":"300","show_zoom_button":"0","zoom_button_out_step":"2","zoom_button_in_step":"3","show_post_tag":"1","show_prev_next_post":"1","show_popup_post":"1","number_popup_post":"1","show_author_box":"0","show_post_related":"0","show_inline_post_related":"0"}],"override_image_size":"0","image_override":[{"single_post_thumbnail_size":"crop-500","single_post_gallery_size":"crop-500"}],"trending_post":"0","trending_post_position":"meta","trending_post_label":"Trending","sponsored_post":"0","sponsored_post_label":"Sponsored by","sponsored_post_name":"","sponsored_post_url":"","sponsored_post_logo_enable":"0","sponsored_post_logo":"","sponsored_post_desc":"","disable_ad":"0"},"jnews_primary_category":{"id":""},"jnews_social_meta":{"fb_title":"","fb_description":"","fb_image":"","twitter_title":"","twitter_description":"","twitter_image":""},"jnews_review":[],"enable_review":"0","type":"percentage","name":"","summary":"","brand":"","sku":"","good":[{"good_text":""}],"bad":[{"bad_text":""}],"score_override":"","override_value":"","rating":[{"rating_text":"","rating_number":"10"}],"price":[{"shop":"","price":"","link":"","icon":""}],"jnews_override_counter":{"override_view_counter":"0","view_counter_number":"0","override_share_counter":"0","share_counter_number":"0","override_like_counter":"0","like_counter_number":"0","override_dislike_counter":"0","dislike_counter_number":"0"},"jnews_post_split":{"enable_post_split":"0","post_split":[{"template":"1","tag":"h2","numbering":"asc","mode":"normal","first":"0","enable_toc":"0","toc_type":"normal"}]},"footnotes":""},"categories":[14],"tags":[1074,1067],"class_list":["post-31239","post","type-post","status-publish","format-standard","has-post-thumbnail","hentry","category-villa-maria","tag-asamblea-ordinaria-y-extraordinaria","tag-congreso-provincial-ate-cordoba"],"jetpack_featured_media_url":"https:\/\/atecordoba.org\/wp-content\/uploads\/2022\/04\/IMG-20220405-WA0154-e1649249508888.jpg","_links":{"self":[{"href":"https:\/\/atecordoba.org\/index.php?rest_route=\/wp\/v2\/posts\/31239","targetHints":{"allow":["GET"]}}],"collection":[{"href":"https:\/\/atecordoba.org\/index.php?rest_route=\/wp\/v2\/posts"}],"about":[{"href":"https:\/\/atecordoba.org\/index.php?rest_route=\/wp\/v2\/types\/post"}],"author":[{"embeddable":true,"href":"https:\/\/atecordoba.org\/index.php?rest_route=\/wp\/v2\/users\/7"}],"replies":[{"embeddable":true,"href":"https:\/\/atecordoba.org\/index.php?rest_route=%2Fwp%2Fv2%2Fcomments&post=31239"}],"version-history":[{"count":1,"href":"https:\/\/atecordoba.org\/index.php?rest_route=\/wp\/v2\/posts\/31239\/revisions"}],"predecessor-version":[{"id":31248,"href":"https:\/\/atecordoba.org\/index.php?rest_route=\/wp\/v2\/posts\/31239\/revisions\/31248"}],"wp:featuredmedia":[{"embeddable":true,"href":"https:\/\/atecordoba.org\/index.php?rest_route=\/wp\/v2\/media\/31245"}],"wp:attachment":[{"href":"https:\/\/atecordoba.org\/index.php?rest_route=%2Fwp%2Fv2%2Fmedia&parent=31239"}],"wp:term":[{"taxonomy":"category","embeddable":true,"href":"https:\/\/atecordoba.org\/index.php?rest_route=%2Fwp%2Fv2%2Fcategories&post=31239"},{"taxonomy":"post_tag","embeddable":true,"href":"https:\/\/atecordoba.org\/index.php?rest_route=%2Fwp%2Fv2%2Ftags&post=31239"}],"curies":[{"name":"wp","href":"https:\/\/api.w.org\/{rel}","templated":true}]}}