{"id":31233,"date":"2022-04-05T14:40:43","date_gmt":"2022-04-05T17:40:43","guid":{"rendered":"https:\/\/atecordoba.org\/?p=31233"},"modified":"2022-04-05T14:41:30","modified_gmt":"2022-04-05T17:41:30","slug":"anses-otorga-una-pension-vitalicia-equivalente-a-dos-jubilaciones-minimas-para-familiares-de-trabajadores-y-trabajadoras-fallecidos-por-covid","status":"publish","type":"post","link":"https:\/\/atecordoba.org\/?p=31233","title":{"rendered":"ANSES otorga una pensi\u00f3n vitalicia equivalente a dos jubilaciones m\u00ednimas para familiares de trabajadores y trabajadoras fallecidos por COVID"},"content":{"rendered":"\n<div class=\"wp-block-image\"><figure class=\"aligncenter size-full is-resized\"><img loading=\"lazy\" decoding=\"async\" src=\"https:\/\/atecordoba.org\/wp-content\/uploads\/2022\/04\/anses.jpg\" alt=\"\" class=\"wp-image-31235\" width=\"675\" height=\"380\" srcset=\"https:\/\/atecordoba.org\/wp-content\/uploads\/2022\/04\/anses.jpg 900w, https:\/\/atecordoba.org\/wp-content\/uploads\/2022\/04\/anses-300x169.jpg 300w, https:\/\/atecordoba.org\/wp-content\/uploads\/2022\/04\/anses-768x432.jpg 768w, https:\/\/atecordoba.org\/wp-content\/uploads\/2022\/04\/anses-750x422.jpg 750w\" sizes=\"auto, (max-width: 675px) 100vw, 675px\" \/><\/figure><\/div>\n\n\n\n<p>En un acto de reconocimiento a las y los trabajadores de la primera l\u00ednea de atenci\u00f3n de la pandemia, ANSES anunci\u00f3 el mes pasado que lanza una pensi\u00f3n vitalicia para familiares del personal fallecido por COVID.<\/p>\n\n\n\n<p>Se trata de un acto de pura justicia frente a los que desde su lugar de trabajo dejaron la vida en atenci\u00f3n y cuidado de los enfermos de la pandemia. El monto de la pensi\u00f3n ser\u00e1 de $65.260 (dos jubilaciones m\u00ednimas) y ser\u00e1 actualizado en funci\u00f3n de la f\u00f3rmula de la Ley de Movilidad Jubilatoria.<\/p>\n\n\n\n<p>De esta forma, el Gobierno Nacional se hace eco de la demanda que ATE plante\u00f3 en 2020, cuando en el pico de contagios y fallecimientos, el <a href=\"https:\/\/atecordoba.org\/?p=22821\">Consejo Directivo Provincial llev\u00f3 un proyecto<\/a> con el mismo esp\u00edritu a la Legislatura de C\u00f3rdoba.<\/p>\n\n\n\n<p>En su oportunidad, la conducci\u00f3n del CDP, encabezada por el secretario General, Federico Giuliani, y el Adjunto, Hugo Dur\u00e1n, junto a una representaci\u00f3n de delegadas y delegados de distintos establecimientos de salud provincial, fueron recibidos por las bancadas opositoras de UCR, Juntos por el Cambio, Coalici\u00f3n C\u00edvica \u2013 ARI, Encuentro Vecinal, Frente de Izquierda y de los Trabajadores y MST-Nueva Izquierda en la Legislatura de la Provincia de C\u00f3rdoba y recibieron el proyecto de reconocimiento a los estatales fallecidos en la pandemia.<\/p>\n\n\n\n<p>\u201cEs lo m\u00ednimo que estimamos puede hacer el Estado por esas 28 personas que, a hoy, han dejado la vida en nuestra Provincia en atenci\u00f3n de la salud de todas las cordobesas y cordobeses\u201d, <a href=\"https:\/\/lmdiario.com.ar\/contenido\/257594\/ate-le-pidio-al-gobierno-provincial-que-se-humanice-con-el-personal-de-salud\">remarc\u00f3 entonces Dur\u00e1n ante los legisladores<\/a>.<\/p>\n\n\n\n<p>El beneficio se aplica en los casos de personas que fallecieron por COVID hasta el 31 de diciembre de 2020 y es compatible con otras prestaciones de ANSES, como una jubilaci\u00f3n, la AUH, SUAF u otra pensi\u00f3n, siempre y cuando no sea parte de las Pensiones No Contributivas.<\/p>\n\n\n\n<p><strong>Requisitos<\/strong><\/p>\n\n\n\n<p>La persona fallecida v\u00edctima del Covid-19 tiene que haber realizado o desempe\u00f1ado trabajos esenciales durante ese periodo.<\/p>\n\n\n\n<p>A saber:<\/p>\n\n\n\n<p>\u2022Trabajadores de la salud p\u00fablica y privada<\/p>\n\n\n\n<p>\u2022Trabajadores de centros de salud y hospitales (mantenimiento, gastronom\u00eda, administrativos, etc.)<\/p>\n\n\n\n<p>\u2022Trabajadores de las fuerzas armadas y seguridad (tanto p\u00fablica y privada)<\/p>\n\n\n\n<p>\u2022Bomberos (tanto los dependientes de las fuerzas remunerados, como los voluntarios)<\/p>\n\n\n\n<p>\u2022Empleados de correo<\/p>\n\n\n\n<p>\u2022Empleados de recolecci\u00f3n de residuos patol\u00f3gicos y domiciliarios<\/p>\n\n\n\n<p>\u2022Trabajadores de migraciones.<\/p>\n\n\n\n<p><strong>Beneficiarios<\/strong><\/p>\n\n\n\n<p>Quienes pueden recibir la Pensi\u00f3n por Covid:<\/p>\n\n\n\n<p>\u2022Esposo\/a conviviente<\/p>\n\n\n\n<p>\u2022Hijos menores a cargo del causante: hasta los 21 a\u00f1os salvo en el caso de los discapacitados o aquellos con percepci\u00f3n de alimentos fijados, en cuya situaci\u00f3n ser\u00e1 hasta los 25 a\u00f1os de edad<\/p>\n\n\n\n<p>\u2022Personas a cargo del trabajador fallecido.<\/p>\n\n\n\n<p><strong>Documentaci\u00f3n a presentar:<\/strong><\/p>\n\n\n\n<p>\u2022DNI de quien solicita la pensi\u00f3n.<\/p>\n\n\n\n<p>\u2022Partida de defunci\u00f3n del jubilado o pensionado.<\/p>\n\n\n\n<p>\u2022Factura de la funeraria a nombre del solicitante de la asignaci\u00f3n.<\/p>\n\n\n\n<p>Para el tr\u00e1mite por internet hay que presentar la documentaci\u00f3n requerida en:<\/p>\n\n\n\n<figure class=\"wp-block-embed\"><div class=\"wp-block-embed__wrapper\">\nhttps:\/\/servicioscorp.anses.gob.ar\/clavelogon\/logon.aspx?system=siexp2\n<\/div><\/figure>\n\n\n\n<p>Turnos prestaciones Anses: tr\u00e1mite presencial.<\/p>\n\n\n\n<p>Pedir un turno en Anses para concurrir a esa oficina desde:<\/p>\n\n\n\n<figure class=\"wp-block-embed\"><div class=\"wp-block-embed__wrapper\">\nhttps:\/\/servicioswww.anses.gob.ar\/TurnosInternet\/g\/82794d30b7cd4d9594db7d1301cbcd44\/Burbujas\/Prestaciones\n<\/div><\/figure>\n\n\n\n<p>All\u00ed se puede consultar la informaci\u00f3n del d\u00eda y el lugar del turno asignados y aceptarlo o cancelarlo.<\/p>\n\n\n\n<p>Tambi\u00e9n se presenta la documentaci\u00f3n en la Unidad de Atenci\u00f3n Integral (UDAI) u oficina del turno asignado.<\/p>\n","protected":false},"excerpt":{"rendered":"<p>En un acto de reconocimiento a las y los trabajadores de la primera l\u00ednea de atenci\u00f3n de la pandemia, ANSES anunci\u00f3 el mes pasado que lanza una pensi\u00f3n vitalicia para familiares del personal fallecido por COVID. Se trata de un acto de pura justicia frente a los que desde su lugar de trabajo dejaron la [&hellip;]<\/p>\n","protected":false},"author":7,"featured_media":31236,"comment_status":"open","ping_status":"open","sticky":false,"template":"","format":"standard","meta":{"_exactmetrics_skip_tracking":false,"_exactmetrics_sitenote_active":false,"_exactmetrics_sitenote_note":"","_exactmetrics_sitenote_category":0,"jnews-multi-image_gallery":[],"jnews_single_post":{"subtitle":"La acci\u00f3n reparatoria ser\u00e1 equivalente a dos jubilaciones m\u00ednimas.","format":"standard","video":"","gallery":"","source_name":"","source_url":"","via_name":"","via_url":"","override_template":"0","override":[{"template":"1","single_blog_custom":"","parallax":"1","fullscreen":"1","layout":"right-sidebar","sidebar":"default-sidebar","second_sidebar":"default-sidebar","sticky_sidebar":"1","share_position":"top","share_float_style":"share-monocrhome","show_share_counter":"1","show_view_counter":"1","show_featured":"1","show_post_meta":"1","show_post_author":"1","show_post_author_image":"1","show_post_date":"1","post_date_format":"default","post_date_format_custom":"Y\/m\/d","show_post_category":"1","show_post_reading_time":"0","post_reading_time_wpm":"300","show_zoom_button":"0","zoom_button_out_step":"2","zoom_button_in_step":"3","show_post_tag":"1","show_prev_next_post":"1","show_popup_post":"1","number_popup_post":"1","show_author_box":"0","show_post_related":"0","show_inline_post_related":"0"}],"override_image_size":"0","image_override":[{"single_post_thumbnail_size":"crop-500","single_post_gallery_size":"crop-500"}],"trending_post":"0","trending_post_position":"meta","trending_post_label":"Trending","sponsored_post":"0","sponsored_post_label":"Sponsored by","sponsored_post_name":"","sponsored_post_url":"","sponsored_post_logo_enable":"0","sponsored_post_logo":"","sponsored_post_desc":"","disable_ad":"0"},"jnews_primary_category":{"id":""},"jnews_social_meta":{"fb_title":"","fb_description":"","fb_image":"","twitter_title":"","twitter_description":"","twitter_image":""},"jnews_review":[],"enable_review":"0","type":"percentage","name":"","summary":"","brand":"","sku":"","good":[{"good_text":""}],"bad":[{"bad_text":""}],"score_override":"","override_value":"","rating":[{"rating_text":"","rating_number":"10"}],"price":[{"shop":"","price":"","link":"","icon":""}],"jnews_override_counter":{"override_view_counter":"0","view_counter_number":"0","override_share_counter":"0","share_counter_number":"0","override_like_counter":"0","like_counter_number":"0","override_dislike_counter":"0","dislike_counter_number":"0"},"jnews_post_split":{"enable_post_split":"0","post_split":[{"template":"1","tag":"h2","numbering":"asc","mode":"normal","first":"0","enable_toc":"0","toc_type":"normal"}]},"footnotes":""},"categories":[75,341],"tags":[38,1073],"class_list":["post-31233","post","type-post","status-publish","format-standard","has-post-thumbnail","hentry","category-accion-social","category-cdp","tag-anses","tag-pensiones-familiares-victimas-covid"],"jetpack_featured_media_url":"https:\/\/atecordoba.org\/wp-content\/uploads\/2022\/04\/anses-figuritas-1.jpg","_links":{"self":[{"href":"https:\/\/atecordoba.org\/index.php?rest_route=\/wp\/v2\/posts\/31233","targetHints":{"allow":["GET"]}}],"collection":[{"href":"https:\/\/atecordoba.org\/index.php?rest_route=\/wp\/v2\/posts"}],"about":[{"href":"https:\/\/atecordoba.org\/index.php?rest_route=\/wp\/v2\/types\/post"}],"author":[{"embeddable":true,"href":"https:\/\/atecordoba.org\/index.php?rest_route=\/wp\/v2\/users\/7"}],"replies":[{"embeddable":true,"href":"https:\/\/atecordoba.org\/index.php?rest_route=%2Fwp%2Fv2%2Fcomments&post=31233"}],"version-history":[{"count":2,"href":"https:\/\/atecordoba.org\/index.php?rest_route=\/wp\/v2\/posts\/31233\/revisions"}],"predecessor-version":[{"id":31238,"href":"https:\/\/atecordoba.org\/index.php?rest_route=\/wp\/v2\/posts\/31233\/revisions\/31238"}],"wp:featuredmedia":[{"embeddable":true,"href":"https:\/\/atecordoba.org\/index.php?rest_route=\/wp\/v2\/media\/31236"}],"wp:attachment":[{"href":"https:\/\/atecordoba.org\/index.php?rest_route=%2Fwp%2Fv2%2Fmedia&parent=31233"}],"wp:term":[{"taxonomy":"category","embeddable":true,"href":"https:\/\/atecordoba.org\/index.php?rest_route=%2Fwp%2Fv2%2Fcategories&post=31233"},{"taxonomy":"post_tag","embeddable":true,"href":"https:\/\/atecordoba.org\/index.php?rest_route=%2Fwp%2Fv2%2Ftags&post=31233"}],"curies":[{"name":"wp","href":"https:\/\/api.w.org\/{rel}","templated":true}]}}