{"id":31228,"date":"2022-04-05T10:33:34","date_gmt":"2022-04-05T13:33:34","guid":{"rendered":"https:\/\/atecordoba.org\/?p=31228"},"modified":"2022-04-05T11:43:34","modified_gmt":"2022-04-05T14:43:34","slug":"sauce-arriba-ate-firma-la-primera-paritaria-de-la-historia-de-la-localidad","status":"publish","type":"post","link":"https:\/\/atecordoba.org\/?p=31228","title":{"rendered":"Sauce Arriba: ATE firma la primera paritaria de la historia de la localidad"},"content":{"rendered":"\n<div class=\"wp-block-image\"><figure class=\"aligncenter size-large is-resized\"><img loading=\"lazy\" decoding=\"async\" src=\"https:\/\/atecordoba.org\/wp-content\/uploads\/2022\/04\/IMG-20220404-WA0103-1024x768.jpg\" alt=\"\" class=\"wp-image-31229\" width=\"768\" height=\"576\" \/><figcaption>Galaburri y Mary Diaz, representantes de ATE, junto al jefe comunal Juan Romero. <\/figcaption><\/figure><\/div>\n\n\n\n<p>Ayer se celebr\u00f3 la firma de la paritaria municipal de la localidad de Sauce Arriba, en el Valle de Traslasierra. <\/p>\n\n\n\n<p>Se trata de un acontecimiento hist\u00f3rico para las y trabajadores de la comuna que recientemente eligieron a ATE como su representaci\u00f3n sindical y ya est\u00e1n inaugurando una negociaci\u00f3n salarial cara a cara con el Ejecutivo. <\/p>\n\n\n\n<p>En la ocasi\u00f3n el delegado regional de ATE Traslasierra, Hugo Galaburri, se reuni\u00f3 con el Presidente Comunal, Juan Romero, para fijar la paritaria 2022, resultando de la negociaci\u00f3n un aumento salarial del 40 %,  al sueldo b\u00e1sico y en 2 tramos. <\/p>\n\n\n\n<p>En una reuni\u00f3n previa junto a la Delegada Regional de Municipales Mary D\u00edaz se hab\u00eda adelantado un acuerdo que qued\u00f3 plasmado en un acta firmada por Galaburri y Romero. De esta forma, las y los municipales de Sauce Arriba obtienen una recomposici\u00f3n de haberes de un 20 % en abril y el otro 20% en septiembre. <\/p>\n\n\n\n<p>As\u00ed, ATE ya cerr\u00f3 paritarias en cuatro localidades transerranas, logrando aumentos de entre 40% y 45%. <\/p>\n\n\n\n<p>ATE Traslasierra crece d\u00eda a d\u00eda y gana la confianza de sus afiliados  y afiliadas municipales, provinciales y nacionales.<\/p>\n","protected":false},"excerpt":{"rendered":"<p>Ayer se celebr\u00f3 la firma de la paritaria municipal de la localidad de Sauce Arriba, en el Valle de Traslasierra. Se trata de un acontecimiento hist\u00f3rico para las y trabajadores de la comuna que recientemente eligieron a ATE como su representaci\u00f3n sindical y ya est\u00e1n inaugurando una negociaci\u00f3n salarial cara a cara con el Ejecutivo. [&hellip;]<\/p>\n","protected":false},"author":7,"featured_media":31229,"comment_status":"open","ping_status":"open","sticky":false,"template":"","format":"standard","meta":{"_exactmetrics_skip_tracking":false,"_exactmetrics_sitenote_active":false,"_exactmetrics_sitenote_note":"","_exactmetrics_sitenote_category":0,"jnews-multi-image_gallery":[],"jnews_single_post":{"subtitle":"El acuerdo alcanza un 40% de recomposici\u00f3n y se trata de la cuartaparitaria que negocia ATE en Traslasierra este a\u00f1o. ","format":"standard","video":"","gallery":"","source_name":"","source_url":"","via_name":"","via_url":"","override_template":"0","override":[{"template":"1","single_blog_custom":"","parallax":"1","fullscreen":"1","layout":"right-sidebar","sidebar":"default-sidebar","second_sidebar":"default-sidebar","sticky_sidebar":"1","share_position":"top","share_float_style":"share-monocrhome","show_share_counter":"1","show_view_counter":"1","show_featured":"1","show_post_meta":"1","show_post_author":"1","show_post_author_image":"1","show_post_date":"1","post_date_format":"default","post_date_format_custom":"Y\/m\/d","show_post_category":"1","show_post_reading_time":"0","post_reading_time_wpm":"300","show_zoom_button":"0","zoom_button_out_step":"2","zoom_button_in_step":"3","show_post_tag":"1","show_prev_next_post":"1","show_popup_post":"1","number_popup_post":"1","show_author_box":"0","show_post_related":"0","show_inline_post_related":"0"}],"override_image_size":"0","image_override":[{"single_post_thumbnail_size":"crop-500","single_post_gallery_size":"crop-500"}],"trending_post":"0","trending_post_position":"meta","trending_post_label":"Trending","sponsored_post":"0","sponsored_post_label":"Sponsored by","sponsored_post_name":"","sponsored_post_url":"","sponsored_post_logo_enable":"0","sponsored_post_logo":"","sponsored_post_desc":"","disable_ad":"0"},"jnews_primary_category":{"id":""},"jnews_social_meta":{"fb_title":"","fb_description":"","fb_image":"","twitter_title":"","twitter_description":"","twitter_image":""},"jnews_review":[],"enable_review":"0","type":"percentage","name":"","summary":"","brand":"","sku":"","good":[{"good_text":""}],"bad":[{"bad_text":""}],"score_override":"","override_value":"","rating":[{"rating_text":"","rating_number":"10"}],"price":[{"shop":"","price":"","link":"","icon":""}],"jnews_override_counter":{"override_view_counter":"0","view_counter_number":"0","override_share_counter":"0","share_counter_number":"0","override_like_counter":"0","like_counter_number":"0","override_dislike_counter":"0","dislike_counter_number":"0"},"jnews_post_split":{"enable_post_split":"0","post_split":[{"template":"1","tag":"h2","numbering":"asc","mode":"normal","first":"0","enable_toc":"0","toc_type":"normal"}]},"footnotes":""},"categories":[1056,20],"tags":[383,1072],"class_list":["post-31228","post","type-post","status-publish","format-standard","has-post-thumbnail","hentry","category-traslasierra","category-municipales","tag-paritarias","tag-sauce-arriba"],"jetpack_featured_media_url":"https:\/\/atecordoba.org\/wp-content\/uploads\/2022\/04\/IMG-20220404-WA0103-e1649165525596.jpg","_links":{"self":[{"href":"https:\/\/atecordoba.org\/index.php?rest_route=\/wp\/v2\/posts\/31228","targetHints":{"allow":["GET"]}}],"collection":[{"href":"https:\/\/atecordoba.org\/index.php?rest_route=\/wp\/v2\/posts"}],"about":[{"href":"https:\/\/atecordoba.org\/index.php?rest_route=\/wp\/v2\/types\/post"}],"author":[{"embeddable":true,"href":"https:\/\/atecordoba.org\/index.php?rest_route=\/wp\/v2\/users\/7"}],"replies":[{"embeddable":true,"href":"https:\/\/atecordoba.org\/index.php?rest_route=%2Fwp%2Fv2%2Fcomments&post=31228"}],"version-history":[{"count":2,"href":"https:\/\/atecordoba.org\/index.php?rest_route=\/wp\/v2\/posts\/31228\/revisions"}],"predecessor-version":[{"id":31231,"href":"https:\/\/atecordoba.org\/index.php?rest_route=\/wp\/v2\/posts\/31228\/revisions\/31231"}],"wp:featuredmedia":[{"embeddable":true,"href":"https:\/\/atecordoba.org\/index.php?rest_route=\/wp\/v2\/media\/31229"}],"wp:attachment":[{"href":"https:\/\/atecordoba.org\/index.php?rest_route=%2Fwp%2Fv2%2Fmedia&parent=31228"}],"wp:term":[{"taxonomy":"category","embeddable":true,"href":"https:\/\/atecordoba.org\/index.php?rest_route=%2Fwp%2Fv2%2Fcategories&post=31228"},{"taxonomy":"post_tag","embeddable":true,"href":"https:\/\/atecordoba.org\/index.php?rest_route=%2Fwp%2Fv2%2Ftags&post=31228"}],"curies":[{"name":"wp","href":"https:\/\/api.w.org\/{rel}","templated":true}]}}