{"id":3122,"date":"2013-08-23T18:05:02","date_gmt":"2013-08-23T21:05:02","guid":{"rendered":"http:\/\/www.atecordoba.org\/?p=3122"},"modified":"2013-08-23T18:05:02","modified_gmt":"2013-08-23T21:05:02","slug":"cacho-mengarelli-se-restablece-del-accidente","status":"publish","type":"post","link":"https:\/\/atecordoba.org\/?p=3122","title":{"rendered":"Cacho Mengarelli se restablece del accidente"},"content":{"rendered":"<p><em>Tras sufrir un grave accidente de tr\u00e1nsito, y un mes de convalecencia en un hospital rosarino, nuestro querido compa\u00f1ero Cacho Mengarelli, secretario General de la CTA C\u00f3rdoba y adjunto de ATE C\u00f3rdoba, fue trasladado a su casa de Villa Mar\u00eda donde completar\u00e1 su recuperaci\u00f3n.<\/em><\/p>\n<p><a href=\"http:\/\/www.atecordoba.org\/wp-content\/uploads\/2013\/08\/cacho.jpg\"><img loading=\"lazy\" decoding=\"async\" class=\"size-full wp-image-3123 aligncenter\" alt=\"cacho\" src=\"http:\/\/www.atecordoba.org\/wp-content\/uploads\/2013\/08\/cacho.jpg\" width=\"400\" height=\"300\" \/><\/a><\/p>\n<p>&nbsp;<\/p>\n<p>Cacho sufri\u00f3 un grave accidente cuando se dirig\u00eda junto a cuatro compa\u00f1eros a Buenos Aires para participar en una actividad militante en favor de los presos pol\u00edticos de Corral de Bustos, a la altura de Arroyo Seco.<\/p>\n<p>Sucedido hace ya un mes, Cacho result\u00f3 hospitalizado en Rosario donde recibi\u00f3 la solidaridad, el apoyo y el cari\u00f1o de much\u00edsimos compa\u00f1eros de todo el pa\u00eds. Gran parte de tiempo en que mientras fue internado, Cacho estuvo en terapia intensiva debido a los golpes que recibi\u00f3 durante el impacto del choque.<\/p>\n<p>Con alegr\u00eda podemos anunciar que ahora, en su casa y con el calor de su familia, Cacho seguir\u00e1 su recuperaci\u00f3n, esperando tenerlo nuevamente en pie.<\/p>\n<p>\u00a1Toda la fuerza compa\u00f1ero!<\/p>\n<p>&nbsp;<\/p>\n<p>&nbsp;<\/p>\n","protected":false},"excerpt":{"rendered":"<p>Tras sufrir un grave accidente de tr\u00e1nsito, y un mes de convalecencia en un hospital rosarino, nuestro querido compa\u00f1ero Cacho Mengarelli, secretario General de la CTA C\u00f3rdoba y adjunto de ATE C\u00f3rdoba, fue trasladado a su casa de Villa Mar\u00eda donde completar\u00e1 su recuperaci\u00f3n. &nbsp; Cacho sufri\u00f3 un grave accidente cuando se dirig\u00eda junto a [&hellip;]<\/p>\n","protected":false},"author":1,"featured_media":19220,"comment_status":"open","ping_status":"open","sticky":false,"template":"","format":"standard","meta":{"_exactmetrics_skip_tracking":false,"_exactmetrics_sitenote_active":false,"_exactmetrics_sitenote_note":"","_exactmetrics_sitenote_category":0,"jnews-multi-image_gallery":[],"jnews_single_post":[],"jnews_primary_category":[],"jnews_social_meta":[],"jnews_review":[],"enable_review":"","type":"","name":"","summary":"","brand":"","sku":"","good":[],"bad":[],"score_override":"","override_value":"","rating":[],"price":[],"jnews_override_counter":[],"jnews_post_split":[],"footnotes":""},"categories":[1],"tags":[],"class_list":["post-3122","post","type-post","status-publish","format-standard","has-post-thumbnail","hentry","category-sin-categoria"],"jetpack_featured_media_url":"https:\/\/atecordoba.org\/wp-content\/uploads\/2020\/05\/logo-nuevochico-e1561581322808.png","_links":{"self":[{"href":"https:\/\/atecordoba.org\/index.php?rest_route=\/wp\/v2\/posts\/3122","targetHints":{"allow":["GET"]}}],"collection":[{"href":"https:\/\/atecordoba.org\/index.php?rest_route=\/wp\/v2\/posts"}],"about":[{"href":"https:\/\/atecordoba.org\/index.php?rest_route=\/wp\/v2\/types\/post"}],"author":[{"embeddable":true,"href":"https:\/\/atecordoba.org\/index.php?rest_route=\/wp\/v2\/users\/1"}],"replies":[{"embeddable":true,"href":"https:\/\/atecordoba.org\/index.php?rest_route=%2Fwp%2Fv2%2Fcomments&post=3122"}],"version-history":[{"count":0,"href":"https:\/\/atecordoba.org\/index.php?rest_route=\/wp\/v2\/posts\/3122\/revisions"}],"wp:featuredmedia":[{"embeddable":true,"href":"https:\/\/atecordoba.org\/index.php?rest_route=\/wp\/v2\/media\/19220"}],"wp:attachment":[{"href":"https:\/\/atecordoba.org\/index.php?rest_route=%2Fwp%2Fv2%2Fmedia&parent=3122"}],"wp:term":[{"taxonomy":"category","embeddable":true,"href":"https:\/\/atecordoba.org\/index.php?rest_route=%2Fwp%2Fv2%2Fcategories&post=3122"},{"taxonomy":"post_tag","embeddable":true,"href":"https:\/\/atecordoba.org\/index.php?rest_route=%2Fwp%2Fv2%2Ftags&post=3122"}],"curies":[{"name":"wp","href":"https:\/\/api.w.org\/{rel}","templated":true}]}}