{"id":31200,"date":"2022-04-04T11:35:26","date_gmt":"2022-04-04T14:35:26","guid":{"rendered":"https:\/\/atecordoba.org\/?p=31200"},"modified":"2022-04-04T13:57:24","modified_gmt":"2022-04-04T16:57:24","slug":"congreso-provincial-entre-el-4-y-8-de-abril-se-realizaran-asambleas-en-cada-seccional-para-elegir-las-y-los-149-congresales-que-trataran-memoria-y-balance-de-ate-cordoba","status":"publish","type":"post","link":"https:\/\/atecordoba.org\/?p=31200","title":{"rendered":"Congreso Provincial: entre el 4 y 8 de abril se realizar\u00e1n asambleas en cada seccional para elegir las y los 149 congresales que tratar\u00e1n Memoria y Balance de ATE C\u00f3rdoba"},"content":{"rendered":"\n<div class=\"wp-block-image\"><figure class=\"aligncenter size-large is-resized\"><img loading=\"lazy\" decoding=\"async\" src=\"https:\/\/atecordoba.org\/wp-content\/uploads\/2022\/04\/DSC_0918-1024x683.jpg\" alt=\"\" class=\"wp-image-31203\" width=\"768\" height=\"512\"\/><\/figure><\/div>\n\n\n\n<p>Seg\u00fan lo determinado por la Secretaria Administrativa del Consejo Directivo Provincial (CDP), entre los d\u00edas 4 y 8 de abril pr\u00f3ximos se realizar\u00e1n las asambleas por seccional para elegir las y los 149 congresales provinciales que participar\u00e1n del XXIV Congreso Provincial Ordinario y Extraordinario, que se llevar\u00e1 a cabo el 29 de abril en la ciudad de San Francisco.<\/p>\n\n\n\n<p>Las asambleas significan una importante movilizaci\u00f3n del activismo de ATE en todo el territorio provincial, que da cuenta del crecimiento organizativo de nuestro gremio en C\u00f3rdoba.<\/p>\n\n\n\n<p>Adem\u00e1s, cada asamblea supone activar el ejercicio del debate democr\u00e1tico y fraterno a los fines de evaluar lo actuado y las expectativas t\u00e1cticas y estrat\u00e9gicas de ATE para lo que se viene, con el objetivo de buscar una s\u00edntesis entre las diferentes posturas que l\u00f3gicamente expresa nuestro gremio.<\/p>\n\n\n\n<p>No cabe duda que se trata de una instancia fundamental para la planificaci\u00f3n de la pol\u00edtica y las acciones gremiales de ATE, sobre todo atento a que 2022 ya es un a\u00f1o de alta conflictividad social y sindical, como resultado de la inflaci\u00f3n descontrolada que horada diariamente nuestros salarios, haberes que ya vienen duramente golpeados desde tras el nefasto gobierno macrista y los dos a\u00f1os de pandemia. <\/p>\n\n\n\n<p>Por eso, es fundamental asumir los asambleas de cada seccional y el Congreso Provincial con la m\u00e1xima responsabilidad como dirigentas y dirigentes de ATE, a los fines de cumplir las expectativas que depositan las y los afiliados en nuestro sindicato. <\/p>\n\n\n\n<p><\/p>\n","protected":false},"excerpt":{"rendered":"<p>Seg\u00fan lo determinado por la Secretaria Administrativa del Consejo Directivo Provincial (CDP), entre los d\u00edas 4 y 8 de abril pr\u00f3ximos se realizar\u00e1n las asambleas por seccional para elegir las y los 149 congresales provinciales que participar\u00e1n del XXIV Congreso Provincial Ordinario y Extraordinario, que se llevar\u00e1 a cabo el 29 de abril en la [&hellip;]<\/p>\n","protected":false},"author":7,"featured_media":31203,"comment_status":"open","ping_status":"open","sticky":false,"template":"","format":"standard","meta":{"_exactmetrics_skip_tracking":false,"_exactmetrics_sitenote_active":false,"_exactmetrics_sitenote_note":"","_exactmetrics_sitenote_category":0,"jnews-multi-image_gallery":[],"jnews_single_post":{"subtitle":"Las cinco seccionales y el CDP eligen congresales. \"Los y las militantes de ATE saben de la importancia de esta instancia y van a participar con todo el compromiso para que podamos debatir la pol\u00edtica de ATE\", dijo Federico Giuliani, secretario General del Consejo Directivo Provincial.","format":"standard","video":"","gallery":"","source_name":"","source_url":"","via_name":"","via_url":"","override_template":"0","override":[{"template":"1","single_blog_custom":"","parallax":"1","fullscreen":"1","layout":"right-sidebar","sidebar":"default-sidebar","second_sidebar":"default-sidebar","sticky_sidebar":"1","share_position":"top","share_float_style":"share-monocrhome","show_share_counter":"1","show_view_counter":"1","show_featured":"1","show_post_meta":"1","show_post_author":"1","show_post_author_image":"1","show_post_date":"1","post_date_format":"default","post_date_format_custom":"Y\/m\/d","show_post_category":"1","show_post_reading_time":"0","post_reading_time_wpm":"300","show_zoom_button":"0","zoom_button_out_step":"2","zoom_button_in_step":"3","show_post_tag":"1","show_prev_next_post":"1","show_popup_post":"1","number_popup_post":"1","show_author_box":"0","show_post_related":"0","show_inline_post_related":"0"}],"override_image_size":"0","image_override":[{"single_post_thumbnail_size":"crop-500","single_post_gallery_size":"crop-500"}],"trending_post":"0","trending_post_position":"meta","trending_post_label":"Trending","sponsored_post":"0","sponsored_post_label":"Sponsored by","sponsored_post_name":"","sponsored_post_url":"","sponsored_post_logo_enable":"0","sponsored_post_logo":"","sponsored_post_desc":"","disable_ad":"0"},"jnews_primary_category":{"id":""},"jnews_social_meta":{"fb_title":"","fb_description":"","fb_image":"","twitter_title":"","twitter_description":"","twitter_image":""},"jnews_review":[],"enable_review":"0","type":"percentage","name":"","summary":"","brand":"","sku":"","good":[{"good_text":""}],"bad":[{"bad_text":""}],"score_override":"","override_value":"","rating":[{"rating_text":"","rating_number":"10"}],"price":[{"shop":"","price":"","link":"","icon":""}],"jnews_override_counter":{"override_view_counter":"0","view_counter_number":"0","override_share_counter":"0","share_counter_number":"0","override_like_counter":"0","like_counter_number":"0","override_dislike_counter":"0","dislike_counter_number":"0"},"jnews_post_split":{"enable_post_split":"0","post_split":[{"template":"1","tag":"h2","numbering":"asc","mode":"normal","first":"0","enable_toc":"0","toc_type":"normal"}]},"footnotes":""},"categories":[341,346,34],"tags":[1067,537],"class_list":["post-31200","post","type-post","status-publish","format-standard","has-post-thumbnail","hentry","category-cdp","category-prensa-y-comunicacion","category-seccionales","tag-congreso-provincial-ate-cordoba","tag-san-francisco"],"jetpack_featured_media_url":"https:\/\/atecordoba.org\/wp-content\/uploads\/2022\/04\/DSC_0918-scaled-e1649083552891.jpg","_links":{"self":[{"href":"https:\/\/atecordoba.org\/index.php?rest_route=\/wp\/v2\/posts\/31200","targetHints":{"allow":["GET"]}}],"collection":[{"href":"https:\/\/atecordoba.org\/index.php?rest_route=\/wp\/v2\/posts"}],"about":[{"href":"https:\/\/atecordoba.org\/index.php?rest_route=\/wp\/v2\/types\/post"}],"author":[{"embeddable":true,"href":"https:\/\/atecordoba.org\/index.php?rest_route=\/wp\/v2\/users\/7"}],"replies":[{"embeddable":true,"href":"https:\/\/atecordoba.org\/index.php?rest_route=%2Fwp%2Fv2%2Fcomments&post=31200"}],"version-history":[{"count":4,"href":"https:\/\/atecordoba.org\/index.php?rest_route=\/wp\/v2\/posts\/31200\/revisions"}],"predecessor-version":[{"id":31226,"href":"https:\/\/atecordoba.org\/index.php?rest_route=\/wp\/v2\/posts\/31200\/revisions\/31226"}],"wp:featuredmedia":[{"embeddable":true,"href":"https:\/\/atecordoba.org\/index.php?rest_route=\/wp\/v2\/media\/31203"}],"wp:attachment":[{"href":"https:\/\/atecordoba.org\/index.php?rest_route=%2Fwp%2Fv2%2Fmedia&parent=31200"}],"wp:term":[{"taxonomy":"category","embeddable":true,"href":"https:\/\/atecordoba.org\/index.php?rest_route=%2Fwp%2Fv2%2Fcategories&post=31200"},{"taxonomy":"post_tag","embeddable":true,"href":"https:\/\/atecordoba.org\/index.php?rest_route=%2Fwp%2Fv2%2Ftags&post=31200"}],"curies":[{"name":"wp","href":"https:\/\/api.w.org\/{rel}","templated":true}]}}