{"id":31178,"date":"2022-04-01T15:27:37","date_gmt":"2022-04-01T18:27:37","guid":{"rendered":"https:\/\/atecordoba.org\/?p=31178"},"modified":"2022-04-01T15:31:47","modified_gmt":"2022-04-01T18:31:47","slug":"mes-de-la-memoria-ate-visito-ayer-el-espacio-de-la-memoria-campo-de-la-ribera-como-parte-de-la-formacion-de-activistas-y-dirigentes-estatales-de-cordoba","status":"publish","type":"post","link":"https:\/\/atecordoba.org\/?p=31178","title":{"rendered":"Mes de la Memoria: ATE visit\u00f3 ayer el Espacio de la Memoria &#8216;Campo de La Ribera&#8217; como parte de la formaci\u00f3n de activistas y dirigentes estatales de C\u00f3rdoba"},"content":{"rendered":"\n<p><\/p>\n\n\n\n<div class=\"wp-block-image\"><figure class=\"aligncenter size-large is-resized\"><img loading=\"lazy\" decoding=\"async\" src=\"https:\/\/atecordoba.org\/wp-content\/uploads\/2022\/04\/20220331_124345-1024x576.jpg\" alt=\"\" class=\"wp-image-31185\" width=\"768\" height=\"432\" \/><\/figure><\/div>\n\n\n\n<p>Organizada por el Departamento de DDHH del Consejo Directivo Provincial y la Secretaria de Formaci\u00f3n, se realiz\u00f3 ayer una visita guiada al Espacio de la Memoria Campo de La Ribera, ex centro clandestino de detenci\u00f3n, tortura y desapariciones que funcion\u00f3 durante la \u00faltima dictadura c\u00edvico-militar que azol\u00f3 nuestro pa\u00eds y la provincia.<\/p>\n\n\n\n<p>Alrededor de 50 compa\u00f1eros y compa\u00f1eras participaron de esta actividad muy emotiva, por el lugar en si y las historias relatadas por las gu\u00edas del lugar, que con mucha pedagog\u00eda y cari\u00f1o explican con delicadeza los horrores impensable que sucedieron all\u00ed, pero tambi\u00e9n porque en la delegaci\u00f3n de estatales estuvieron tres compa\u00f1eras que pasaron por las mazmorras del sitio, bajo la tutela del genocida Luciano Benjam\u00edn Men\u00e9ndez.<\/p>\n\n\n\n<div class=\"wp-block-image\"><figure class=\"aligncenter size-large is-resized\"><img loading=\"lazy\" decoding=\"async\" src=\"https:\/\/atecordoba.org\/wp-content\/uploads\/2022\/04\/20220331_113602-1-1024x576.jpg\" alt=\"\" class=\"wp-image-31186\" width=\"768\" height=\"432\" srcset=\"https:\/\/atecordoba.org\/wp-content\/uploads\/2022\/04\/20220331_113602-1-1024x576.jpg 1024w, https:\/\/atecordoba.org\/wp-content\/uploads\/2022\/04\/20220331_113602-1-300x169.jpg 300w, https:\/\/atecordoba.org\/wp-content\/uploads\/2022\/04\/20220331_113602-1-768x432.jpg 768w, https:\/\/atecordoba.org\/wp-content\/uploads\/2022\/04\/20220331_113602-1-1536x864.jpg 1536w, https:\/\/atecordoba.org\/wp-content\/uploads\/2022\/04\/20220331_113602-1-2048x1152.jpg 2048w, https:\/\/atecordoba.org\/wp-content\/uploads\/2022\/04\/20220331_113602-1-750x422.jpg 750w, https:\/\/atecordoba.org\/wp-content\/uploads\/2022\/04\/20220331_113602-1-1140x641.jpg 1140w\" sizes=\"auto, (max-width: 768px) 100vw, 768px\" \/><\/figure><\/div>\n\n\n\n<p>Se trata de Nora Cendra -trabajadora del Hospital Colonia Santa Mar\u00eda-, Janet Carlavan -delegada del gremio de Judiciales, secuestrada mayo del 76, exiliada en Honduras y despu\u00e9s en M\u00e9xico- y Graciela Ag\u00fced \u2013de la Juventud Universitaria Peronista-.<\/p>\n\n\n\n<p><strong>Balance<\/strong><\/p>\n\n\n\n<p>En la oportunidad, el secretario General de ATE C\u00f3rdoba, Federico Giuliani, valor\u00f3 la actividad que forma parte de un mes intenso distintas formas de o0menjagear el Mes de la Memoria, que arranc\u00f3 a comienzos de marzo con la presentaci\u00f3n de un libro de ex presas pol\u00edticas, sigui\u00f3 con el homenaje a la Abuela de Plaza de Mayo Sonia Torres, posteriormente se realiz\u00f3 la visita al Espacio de la Memoria La Perla, y sigui\u00f3 con la impactante Marcha del 24 de Marzo.<\/p>\n\n\n\n<p>&#8220;Ahora cerramos el mes con la visita al Campo de La Ribera, que nos permite fortalecer el sentido para exigir Verdad y Justicia, que la construcci\u00f3n de la Memoria es un proceso y que para eso es importante recorrer estos lugares de tanto terror y tanta muerte&#8221;, dijo Giuliani.<\/p>\n\n\n\n<div class=\"wp-block-image\"><figure class=\"alignright size-large is-resized\"><img loading=\"lazy\" decoding=\"async\" src=\"https:\/\/atecordoba.org\/wp-content\/uploads\/2022\/04\/DSC5621-1024x683.jpg\" alt=\"\" class=\"wp-image-31188\" width=\"512\" height=\"342\" srcset=\"https:\/\/atecordoba.org\/wp-content\/uploads\/2022\/04\/DSC5621-1024x683.jpg 1024w, https:\/\/atecordoba.org\/wp-content\/uploads\/2022\/04\/DSC5621-300x200.jpg 300w, https:\/\/atecordoba.org\/wp-content\/uploads\/2022\/04\/DSC5621-768x512.jpg 768w, https:\/\/atecordoba.org\/wp-content\/uploads\/2022\/04\/DSC5621-1536x1024.jpg 1536w, https:\/\/atecordoba.org\/wp-content\/uploads\/2022\/04\/DSC5621-2048x1365.jpg 2048w, https:\/\/atecordoba.org\/wp-content\/uploads\/2022\/04\/DSC5621-750x500.jpg 750w, https:\/\/atecordoba.org\/wp-content\/uploads\/2022\/04\/DSC5621-1140x760.jpg 1140w\" sizes=\"auto, (max-width: 512px) 100vw, 512px\" \/><\/figure><\/div>\n\n\n\n<p>Y agreg\u00f3: &#8220;que hoy haya tres sobrevivientes de este centro clandestino es muy importante porque significa que no pudieron matar a esa generaci\u00f3n tan maravillosa que hoy sigue vigente y que est\u00e1n acompa\u00f1ando el recorrido con compa\u00f1eras y compa\u00f1eros que entonces ni siquiera hab\u00edan nacido. Esa continuidad hist\u00f3rica es importante porque permite que la memoria en este proceso tenga una construcci\u00f3n permanente&#8221;.<\/p>\n\n\n\n<p>Para el dirigente la actividad contribuye a la formaci\u00f3n y apunta a &#8220;saber de d\u00f3nde venimos para fortalecer la proyecci\u00f3n hacia d\u00f3nde vamos. Hay Destacar las iniciativas que salieron desde el Departamento de DDHH durante todo el mes. Como nos pas\u00f3 en La Perla, muchos compa\u00f1eros y compa\u00f1eras no conocen el lugar a pesar de vivir en C\u00f3rdoba Capital. Para un dirigente sindical conocer estos lugares significa fortalecer el proyecto pol\u00edtico por el cual peleamos: no solo discutir salarios, convenios y colonias de vacaciones sino un proyecto de pa\u00eds distinto&#8221;.<\/p>\n\n\n\n<p>A su turno, el director del Departamento de DDHH C\u00e9sar Theaux, que cont\u00f3 durante todo el mes con la inestimable colaboraci\u00f3n del compa\u00f1ero Jorge Chalup, dijo que &#8220;desde el comienzo de nuestra conducci\u00f3n, cuando asumi\u00f3 Federico Giuliani, planteamos una pol\u00edtica de formaci\u00f3n de los delegados y cuadros dirigentes tiene que ser integral. No nos pod\u00eda faltar, una vez superada la pandemia, las visitas a los centros clandestinos de detenci\u00f3n porque saber qu\u00e9 pas\u00f3 ac\u00e1 es la manera de formarnos tambi\u00e9n como activistas sindicales para discutir los salarios que nos son negados&#8221;.<\/p>\n\n\n\n<p>Theaux reflexion\u00f3 que la formaci\u00f3n con herramientas sobre lo sucedido en la dictadura contribuye a entender el presente que vivimos las y los trabajadores &#8220;porque hoy tenemos una continuidad de la pol\u00edtica econ\u00f3mica de la dictadura que permanece casi intacta. Y de hecho con cada vez m\u00e1s fuerza. Porque hoy los aumentos de alimentos est\u00e1n horadando nuestros ingresos y tenemos que entender que este cuadro forma parte de lo que se instaur\u00f3 en el \u201976. Y actualmente sufrimos las consecuencias de aquel plan sistem\u00e1tico, no solo de desapariciones sino para hambrear a las y los trabajadores, estatales y privados&#8221;, concluy\u00f3.<\/p>\n\n\n\n<figure class=\"wp-block-gallery columns-3 is-cropped wp-block-gallery-1 is-layout-flex wp-block-gallery-is-layout-flex\"><ul class=\"blocks-gallery-grid\"><li class=\"blocks-gallery-item\"><figure><img loading=\"lazy\" decoding=\"async\" width=\"1024\" height=\"576\" src=\"https:\/\/atecordoba.org\/wp-content\/uploads\/2022\/04\/20220331_114153-1024x576.jpg\" alt=\"\" data-id=\"31189\" data-full-url=\"https:\/\/atecordoba.org\/wp-content\/uploads\/2022\/04\/20220331_114153-scaled.jpg\" data-link=\"https:\/\/atecordoba.org\/?attachment_id=31189\" class=\"wp-image-31189\" srcset=\"https:\/\/atecordoba.org\/wp-content\/uploads\/2022\/04\/20220331_114153-1024x576.jpg 1024w, https:\/\/atecordoba.org\/wp-content\/uploads\/2022\/04\/20220331_114153-300x169.jpg 300w, https:\/\/atecordoba.org\/wp-content\/uploads\/2022\/04\/20220331_114153-768x432.jpg 768w, https:\/\/atecordoba.org\/wp-content\/uploads\/2022\/04\/20220331_114153-1536x864.jpg 1536w, https:\/\/atecordoba.org\/wp-content\/uploads\/2022\/04\/20220331_114153-2048x1152.jpg 2048w, https:\/\/atecordoba.org\/wp-content\/uploads\/2022\/04\/20220331_114153-750x422.jpg 750w, https:\/\/atecordoba.org\/wp-content\/uploads\/2022\/04\/20220331_114153-1140x641.jpg 1140w\" sizes=\"auto, (max-width: 1024px) 100vw, 1024px\" \/><\/figure><\/li><li class=\"blocks-gallery-item\"><figure><img loading=\"lazy\" decoding=\"async\" width=\"1024\" height=\"576\" src=\"https:\/\/atecordoba.org\/wp-content\/uploads\/2022\/04\/20220331_122600-1024x576.jpg\" alt=\"\" data-id=\"31190\" data-full-url=\"https:\/\/atecordoba.org\/wp-content\/uploads\/2022\/04\/20220331_122600-scaled.jpg\" data-link=\"https:\/\/atecordoba.org\/?attachment_id=31190\" class=\"wp-image-31190\" srcset=\"https:\/\/atecordoba.org\/wp-content\/uploads\/2022\/04\/20220331_122600-1024x576.jpg 1024w, https:\/\/atecordoba.org\/wp-content\/uploads\/2022\/04\/20220331_122600-300x169.jpg 300w, https:\/\/atecordoba.org\/wp-content\/uploads\/2022\/04\/20220331_122600-768x432.jpg 768w, https:\/\/atecordoba.org\/wp-content\/uploads\/2022\/04\/20220331_122600-1536x864.jpg 1536w, https:\/\/atecordoba.org\/wp-content\/uploads\/2022\/04\/20220331_122600-2048x1152.jpg 2048w, https:\/\/atecordoba.org\/wp-content\/uploads\/2022\/04\/20220331_122600-750x422.jpg 750w, https:\/\/atecordoba.org\/wp-content\/uploads\/2022\/04\/20220331_122600-1140x641.jpg 1140w\" sizes=\"auto, (max-width: 1024px) 100vw, 1024px\" \/><\/figure><\/li><li class=\"blocks-gallery-item\"><figure><img loading=\"lazy\" decoding=\"async\" width=\"1024\" height=\"576\" src=\"https:\/\/atecordoba.org\/wp-content\/uploads\/2022\/04\/20220331_110143-1-1024x576.jpg\" alt=\"\" data-id=\"31191\" data-full-url=\"https:\/\/atecordoba.org\/wp-content\/uploads\/2022\/04\/20220331_110143-1-scaled.jpg\" data-link=\"https:\/\/atecordoba.org\/?attachment_id=31191\" class=\"wp-image-31191\" srcset=\"https:\/\/atecordoba.org\/wp-content\/uploads\/2022\/04\/20220331_110143-1-1024x576.jpg 1024w, https:\/\/atecordoba.org\/wp-content\/uploads\/2022\/04\/20220331_110143-1-300x169.jpg 300w, https:\/\/atecordoba.org\/wp-content\/uploads\/2022\/04\/20220331_110143-1-768x432.jpg 768w, https:\/\/atecordoba.org\/wp-content\/uploads\/2022\/04\/20220331_110143-1-1536x864.jpg 1536w, https:\/\/atecordoba.org\/wp-content\/uploads\/2022\/04\/20220331_110143-1-2048x1152.jpg 2048w, https:\/\/atecordoba.org\/wp-content\/uploads\/2022\/04\/20220331_110143-1-750x422.jpg 750w, https:\/\/atecordoba.org\/wp-content\/uploads\/2022\/04\/20220331_110143-1-1140x641.jpg 1140w\" sizes=\"auto, (max-width: 1024px) 100vw, 1024px\" \/><\/figure><\/li><li class=\"blocks-gallery-item\"><figure><img loading=\"lazy\" decoding=\"async\" width=\"576\" height=\"1024\" src=\"https:\/\/atecordoba.org\/wp-content\/uploads\/2022\/04\/20220331_111013-576x1024.jpg\" alt=\"\" data-id=\"31192\" data-full-url=\"https:\/\/atecordoba.org\/wp-content\/uploads\/2022\/04\/20220331_111013-rotated.jpg\" data-link=\"https:\/\/atecordoba.org\/?attachment_id=31192\" class=\"wp-image-31192\" srcset=\"https:\/\/atecordoba.org\/wp-content\/uploads\/2022\/04\/20220331_111013-576x1024.jpg 576w, https:\/\/atecordoba.org\/wp-content\/uploads\/2022\/04\/20220331_111013-169x300.jpg 169w, https:\/\/atecordoba.org\/wp-content\/uploads\/2022\/04\/20220331_111013-768x1365.jpg 768w, https:\/\/atecordoba.org\/wp-content\/uploads\/2022\/04\/20220331_111013-864x1536.jpg 864w, https:\/\/atecordoba.org\/wp-content\/uploads\/2022\/04\/20220331_111013-1152x2048.jpg 1152w, https:\/\/atecordoba.org\/wp-content\/uploads\/2022\/04\/20220331_111013-750x1333.jpg 750w, https:\/\/atecordoba.org\/wp-content\/uploads\/2022\/04\/20220331_111013-1140x2027.jpg 1140w, https:\/\/atecordoba.org\/wp-content\/uploads\/2022\/04\/20220331_111013-rotated.jpg 1440w\" sizes=\"auto, (max-width: 576px) 100vw, 576px\" \/><\/figure><\/li><li class=\"blocks-gallery-item\"><figure><img loading=\"lazy\" decoding=\"async\" width=\"1024\" height=\"576\" src=\"https:\/\/atecordoba.org\/wp-content\/uploads\/2022\/04\/20220331_113602-2-1024x576.jpg\" alt=\"\" data-id=\"31193\" data-full-url=\"https:\/\/atecordoba.org\/wp-content\/uploads\/2022\/04\/20220331_113602-2-scaled.jpg\" data-link=\"https:\/\/atecordoba.org\/?attachment_id=31193\" class=\"wp-image-31193\" srcset=\"https:\/\/atecordoba.org\/wp-content\/uploads\/2022\/04\/20220331_113602-2-1024x576.jpg 1024w, https:\/\/atecordoba.org\/wp-content\/uploads\/2022\/04\/20220331_113602-2-300x169.jpg 300w, https:\/\/atecordoba.org\/wp-content\/uploads\/2022\/04\/20220331_113602-2-768x432.jpg 768w, https:\/\/atecordoba.org\/wp-content\/uploads\/2022\/04\/20220331_113602-2-1536x864.jpg 1536w, https:\/\/atecordoba.org\/wp-content\/uploads\/2022\/04\/20220331_113602-2-2048x1152.jpg 2048w, https:\/\/atecordoba.org\/wp-content\/uploads\/2022\/04\/20220331_113602-2-750x422.jpg 750w, https:\/\/atecordoba.org\/wp-content\/uploads\/2022\/04\/20220331_113602-2-1140x641.jpg 1140w\" sizes=\"auto, (max-width: 1024px) 100vw, 1024px\" \/><\/figure><\/li><li class=\"blocks-gallery-item\"><figure><img loading=\"lazy\" decoding=\"async\" width=\"1024\" height=\"576\" src=\"https:\/\/atecordoba.org\/wp-content\/uploads\/2022\/04\/20220331_113607-1024x576.jpg\" alt=\"\" data-id=\"31194\" data-full-url=\"https:\/\/atecordoba.org\/wp-content\/uploads\/2022\/04\/20220331_113607-scaled.jpg\" data-link=\"https:\/\/atecordoba.org\/?attachment_id=31194\" class=\"wp-image-31194\" srcset=\"https:\/\/atecordoba.org\/wp-content\/uploads\/2022\/04\/20220331_113607-1024x576.jpg 1024w, https:\/\/atecordoba.org\/wp-content\/uploads\/2022\/04\/20220331_113607-300x169.jpg 300w, https:\/\/atecordoba.org\/wp-content\/uploads\/2022\/04\/20220331_113607-768x432.jpg 768w, https:\/\/atecordoba.org\/wp-content\/uploads\/2022\/04\/20220331_113607-1536x864.jpg 1536w, https:\/\/atecordoba.org\/wp-content\/uploads\/2022\/04\/20220331_113607-2048x1152.jpg 2048w, https:\/\/atecordoba.org\/wp-content\/uploads\/2022\/04\/20220331_113607-750x422.jpg 750w, https:\/\/atecordoba.org\/wp-content\/uploads\/2022\/04\/20220331_113607-1140x641.jpg 1140w\" sizes=\"auto, (max-width: 1024px) 100vw, 1024px\" \/><\/figure><\/li><li class=\"blocks-gallery-item\"><figure><img loading=\"lazy\" decoding=\"async\" width=\"1024\" height=\"576\" src=\"https:\/\/atecordoba.org\/wp-content\/uploads\/2022\/04\/20220331_113931-1024x576.jpg\" alt=\"\" data-id=\"31195\" data-full-url=\"https:\/\/atecordoba.org\/wp-content\/uploads\/2022\/04\/20220331_113931-scaled.jpg\" data-link=\"https:\/\/atecordoba.org\/?attachment_id=31195\" class=\"wp-image-31195\" srcset=\"https:\/\/atecordoba.org\/wp-content\/uploads\/2022\/04\/20220331_113931-1024x576.jpg 1024w, https:\/\/atecordoba.org\/wp-content\/uploads\/2022\/04\/20220331_113931-300x169.jpg 300w, https:\/\/atecordoba.org\/wp-content\/uploads\/2022\/04\/20220331_113931-768x432.jpg 768w, https:\/\/atecordoba.org\/wp-content\/uploads\/2022\/04\/20220331_113931-1536x864.jpg 1536w, https:\/\/atecordoba.org\/wp-content\/uploads\/2022\/04\/20220331_113931-2048x1152.jpg 2048w, https:\/\/atecordoba.org\/wp-content\/uploads\/2022\/04\/20220331_113931-750x422.jpg 750w, https:\/\/atecordoba.org\/wp-content\/uploads\/2022\/04\/20220331_113931-1140x641.jpg 1140w\" sizes=\"auto, (max-width: 1024px) 100vw, 1024px\" \/><\/figure><\/li><li class=\"blocks-gallery-item\"><figure><img decoding=\"async\" src=\"https:\/\/atecordoba.org\/3e12ecb9-cbf5-4e13-b51d-d3cefd2c0054\" data-id=\"\" \/><\/figure><\/li><\/ul><\/figure>\n","protected":false},"excerpt":{"rendered":"<p>Organizada por el Departamento de DDHH del Consejo Directivo Provincial y la Secretaria de Formaci\u00f3n, se realiz\u00f3 ayer una visita guiada al Espacio de la Memoria Campo de La Ribera, ex centro clandestino de detenci\u00f3n, tortura y desapariciones que funcion\u00f3 durante la \u00faltima dictadura c\u00edvico-militar que azol\u00f3 nuestro pa\u00eds y la provincia. Alrededor de 50 [&hellip;]<\/p>\n","protected":false},"author":7,"featured_media":31187,"comment_status":"open","ping_status":"open","sticky":false,"template":"","format":"standard","meta":{"_exactmetrics_skip_tracking":false,"_exactmetrics_sitenote_active":false,"_exactmetrics_sitenote_note":"","_exactmetrics_sitenote_category":0,"jnews-multi-image_gallery":[],"jnews_single_post":{"subtitle":"La actividad entronca con la visita realizada a La Perla a mediados de marzo. Federico Giuliani dijo que la actividad \"contribuye a la formaci\u00f3n y apunta a saber de d\u00f3nde venimos para fortalecer la proyecci\u00f3n hacia d\u00f3nde vamos. Hay Destacar las iniciativas que salieron desde el Departamento de DDHH durante todo el mes\". ","format":"standard","video":"","gallery":"","source_name":"","source_url":"","via_name":"","via_url":"","override_template":"0","override":[{"template":"1","single_blog_custom":"","parallax":"1","fullscreen":"1","layout":"right-sidebar","sidebar":"default-sidebar","second_sidebar":"default-sidebar","sticky_sidebar":"1","share_position":"top","share_float_style":"share-monocrhome","show_share_counter":"1","show_view_counter":"1","show_featured":"1","show_post_meta":"1","show_post_author":"1","show_post_author_image":"1","show_post_date":"1","post_date_format":"default","post_date_format_custom":"Y\/m\/d","show_post_category":"1","show_post_reading_time":"0","post_reading_time_wpm":"300","show_zoom_button":"0","zoom_button_out_step":"2","zoom_button_in_step":"3","show_post_tag":"1","show_prev_next_post":"1","show_popup_post":"1","number_popup_post":"1","show_author_box":"0","show_post_related":"0","show_inline_post_related":"0"}],"override_image_size":"0","image_override":[{"single_post_thumbnail_size":"crop-500","single_post_gallery_size":"crop-500"}],"trending_post":"0","trending_post_position":"meta","trending_post_label":"Trending","sponsored_post":"0","sponsored_post_label":"Sponsored by","sponsored_post_name":"","sponsored_post_url":"","sponsored_post_logo_enable":"0","sponsored_post_logo":"","sponsored_post_desc":"","disable_ad":"0"},"jnews_primary_category":{"id":""},"jnews_social_meta":{"fb_title":"","fb_description":"","fb_image":"","twitter_title":"","twitter_description":"","twitter_image":""},"jnews_review":[],"enable_review":"0","type":"percentage","name":"","summary":"","brand":"","sku":"","good":[{"good_text":""}],"bad":[{"bad_text":""}],"score_override":"","override_value":"","rating":[{"rating_text":"","rating_number":"10"}],"price":[{"shop":"","price":"","link":"","icon":""}],"jnews_override_counter":{"override_view_counter":"0","view_counter_number":"0","override_share_counter":"0","share_counter_number":"0","override_like_counter":"0","like_counter_number":"0","override_dislike_counter":"0","dislike_counter_number":"0"},"jnews_post_split":{"enable_post_split":"0","post_split":[{"template":"1","tag":"h2","numbering":"asc","mode":"normal","first":"0","enable_toc":"0","toc_type":"normal"}]},"footnotes":""},"categories":[341,122,88],"tags":[1059],"class_list":["post-31178","post","type-post","status-publish","format-standard","has-post-thumbnail","hentry","category-cdp","category-ddhh","category-formacion","tag-campo-de-la-ribera"],"jetpack_featured_media_url":"https:\/\/atecordoba.org\/wp-content\/uploads\/2022\/04\/20220331_124345-1-scaled.jpg","_links":{"self":[{"href":"https:\/\/atecordoba.org\/index.php?rest_route=\/wp\/v2\/posts\/31178","targetHints":{"allow":["GET"]}}],"collection":[{"href":"https:\/\/atecordoba.org\/index.php?rest_route=\/wp\/v2\/posts"}],"about":[{"href":"https:\/\/atecordoba.org\/index.php?rest_route=\/wp\/v2\/types\/post"}],"author":[{"embeddable":true,"href":"https:\/\/atecordoba.org\/index.php?rest_route=\/wp\/v2\/users\/7"}],"replies":[{"embeddable":true,"href":"https:\/\/atecordoba.org\/index.php?rest_route=%2Fwp%2Fv2%2Fcomments&post=31178"}],"version-history":[{"count":3,"href":"https:\/\/atecordoba.org\/index.php?rest_route=\/wp\/v2\/posts\/31178\/revisions"}],"predecessor-version":[{"id":31199,"href":"https:\/\/atecordoba.org\/index.php?rest_route=\/wp\/v2\/posts\/31178\/revisions\/31199"}],"wp:featuredmedia":[{"embeddable":true,"href":"https:\/\/atecordoba.org\/index.php?rest_route=\/wp\/v2\/media\/31187"}],"wp:attachment":[{"href":"https:\/\/atecordoba.org\/index.php?rest_route=%2Fwp%2Fv2%2Fmedia&parent=31178"}],"wp:term":[{"taxonomy":"category","embeddable":true,"href":"https:\/\/atecordoba.org\/index.php?rest_route=%2Fwp%2Fv2%2Fcategories&post=31178"},{"taxonomy":"post_tag","embeddable":true,"href":"https:\/\/atecordoba.org\/index.php?rest_route=%2Fwp%2Fv2%2Ftags&post=31178"}],"curies":[{"name":"wp","href":"https:\/\/api.w.org\/{rel}","templated":true}]}}