{"id":31171,"date":"2022-04-01T11:25:49","date_gmt":"2022-04-01T14:25:49","guid":{"rendered":"https:\/\/atecordoba.org\/?p=31171"},"modified":"2022-04-01T12:09:23","modified_gmt":"2022-04-01T15:09:23","slug":"logro-de-ate-reincorporaciones-en-la-fabrica-militar-rio-tercero","status":"publish","type":"post","link":"https:\/\/atecordoba.org\/?p=31171","title":{"rendered":"Logro de ATE: reincorporaciones en la F\u00e1brica Militar R\u00edo Tercero"},"content":{"rendered":"\n<div class=\"wp-block-image\"><figure class=\"aligncenter size-large\"><img loading=\"lazy\" decoding=\"async\" width=\"720\" height=\"473\" src=\"https:\/\/atecordoba.org\/wp-content\/uploads\/2022\/04\/01-04-Reincorporacion-Fabrica-Militar-Rio-Tercero-1.jpg\" alt=\"\" class=\"wp-image-31174\" srcset=\"https:\/\/atecordoba.org\/wp-content\/uploads\/2022\/04\/01-04-Reincorporacion-Fabrica-Militar-Rio-Tercero-1.jpg 720w, https:\/\/atecordoba.org\/wp-content\/uploads\/2022\/04\/01-04-Reincorporacion-Fabrica-Militar-Rio-Tercero-1-300x197.jpg 300w\" sizes=\"auto, (max-width: 720px) 100vw, 720px\" \/><\/figure><\/div>\n\n\n\n<p>Tenemos la satisfacci\u00f3n de informar que cuatro nuevos compa\u00f1eros fueron reincorporados a la F\u00e1brica Militar de R\u00edo Tercero, a partir de las gestiones de ATE para recuperar los puestos de trabajo que el gobierno macrista hab\u00eda dado de baja, despidiendo brutalmente muchos trabajadores y trabajadoras.<\/p>\n\n\n\n<p>Desde hace dos a\u00f1os se viene dando un proceso de reincorporaciones que la seccional ATE R\u00edo Tercero sigue de manera sistem\u00e1tica para que cada trabajador vuelva a la F\u00e1brica.<\/p>\n\n\n\n<p>Esta semana se presentaron a trabajar Diego Brizuela (contadur\u00eda), Piccirillo (Bombero) Sergio Tula y Andrea Nievas (Mantenimiento General). <\/p>\n\n\n\n<p>Ahora las y los cuatro compa\u00f1eros cumplir\u00e1n funciones en Porter\u00eda y Seguridad.<\/p>\n\n\n\n<p>Vale recordar que los despidos en la F\u00e1brica se realizaron en tres tandas distintas, y que estos trabajadores integran las tandas m\u00e1s grandes de 59 despedido y despedidas.<\/p>\n\n\n\n<p>&#8220;La producci\u00f3n est\u00e1 activa, pero se necesita m\u00e1s para los otros ingresos que faltan y garantizar la proyecci\u00f3n productiva m\u00e1s all\u00e1 de la actual gesti\u00f3n&#8221;, valoraron en la seccional. <\/p>\n\n\n\n<p><\/p>\n","protected":false},"excerpt":{"rendered":"<p>Tenemos la satisfacci\u00f3n de informar que cuatro nuevos compa\u00f1eros fueron reincorporados a la F\u00e1brica Militar de R\u00edo Tercero, a partir de las gestiones de ATE para recuperar los puestos de trabajo que el gobierno macrista hab\u00eda dado de baja, despidiendo brutalmente muchos trabajadores y trabajadoras. Desde hace dos a\u00f1os se viene dando un proceso de [&hellip;]<\/p>\n","protected":false},"author":7,"featured_media":31172,"comment_status":"open","ping_status":"open","sticky":false,"template":"","format":"standard","meta":{"_exactmetrics_skip_tracking":false,"_exactmetrics_sitenote_active":false,"_exactmetrics_sitenote_note":"","_exactmetrics_sitenote_category":0,"jnews-multi-image_gallery":[],"jnews_single_post":{"subtitle":"Las y los compa\u00f1eros comenzaron a trabajar esta semana.","format":"standard","video":"","gallery":"","source_name":"","source_url":"","via_name":"","via_url":"","override_template":"0","override":[{"template":"1","single_blog_custom":"","parallax":"1","fullscreen":"1","layout":"right-sidebar","sidebar":"default-sidebar","second_sidebar":"default-sidebar","sticky_sidebar":"1","share_position":"top","share_float_style":"share-monocrhome","show_share_counter":"1","show_view_counter":"1","show_featured":"1","show_post_meta":"1","show_post_author":"1","show_post_author_image":"1","show_post_date":"1","post_date_format":"default","post_date_format_custom":"Y\/m\/d","show_post_category":"1","show_post_reading_time":"0","post_reading_time_wpm":"300","show_zoom_button":"0","zoom_button_out_step":"2","zoom_button_in_step":"3","show_post_tag":"1","show_prev_next_post":"1","show_popup_post":"1","number_popup_post":"1","show_author_box":"0","show_post_related":"0","show_inline_post_related":"0"}],"override_image_size":"0","image_override":[{"single_post_thumbnail_size":"crop-500","single_post_gallery_size":"crop-500"}],"trending_post":"0","trending_post_position":"meta","trending_post_label":"Trending","sponsored_post":"0","sponsored_post_label":"Sponsored by","sponsored_post_name":"","sponsored_post_url":"","sponsored_post_logo_enable":"0","sponsored_post_logo":"","sponsored_post_desc":"","disable_ad":"0"},"jnews_primary_category":{"id":""},"jnews_social_meta":{"fb_title":"","fb_description":"","fb_image":"","twitter_title":"","twitter_description":"","twitter_image":""},"jnews_review":[],"enable_review":"0","type":"percentage","name":"","summary":"","brand":"","sku":"","good":[{"good_text":""}],"bad":[{"bad_text":""}],"score_override":"","override_value":"","rating":[{"rating_text":"","rating_number":"10"}],"price":[{"shop":"","price":"","link":"","icon":""}],"jnews_override_counter":{"override_view_counter":"0","view_counter_number":"0","override_share_counter":"0","share_counter_number":"0","override_like_counter":"0","like_counter_number":"0","override_dislike_counter":"0","dislike_counter_number":"0"},"jnews_post_split":{"enable_post_split":"0","post_split":[{"template":"1","tag":"h2","numbering":"asc","mode":"normal","first":"0","enable_toc":"0","toc_type":"normal"}]},"footnotes":""},"categories":[152,18,13],"tags":[434,411],"class_list":["post-31171","post","type-post","status-publish","format-standard","has-post-thumbnail","hentry","category-despedidos","category-nacionales","category-rio-tercero","tag-fabricaciones-militares","tag-reincorporacion-despedidos-del-macrismo"],"jetpack_featured_media_url":"https:\/\/atecordoba.org\/wp-content\/uploads\/2022\/04\/01-04-Reincorporacion-Fabrica-Militar-Rio-Tercero-e1648823132237.jpg","_links":{"self":[{"href":"https:\/\/atecordoba.org\/index.php?rest_route=\/wp\/v2\/posts\/31171","targetHints":{"allow":["GET"]}}],"collection":[{"href":"https:\/\/atecordoba.org\/index.php?rest_route=\/wp\/v2\/posts"}],"about":[{"href":"https:\/\/atecordoba.org\/index.php?rest_route=\/wp\/v2\/types\/post"}],"author":[{"embeddable":true,"href":"https:\/\/atecordoba.org\/index.php?rest_route=\/wp\/v2\/users\/7"}],"replies":[{"embeddable":true,"href":"https:\/\/atecordoba.org\/index.php?rest_route=%2Fwp%2Fv2%2Fcomments&post=31171"}],"version-history":[{"count":3,"href":"https:\/\/atecordoba.org\/index.php?rest_route=\/wp\/v2\/posts\/31171\/revisions"}],"predecessor-version":[{"id":31177,"href":"https:\/\/atecordoba.org\/index.php?rest_route=\/wp\/v2\/posts\/31171\/revisions\/31177"}],"wp:featuredmedia":[{"embeddable":true,"href":"https:\/\/atecordoba.org\/index.php?rest_route=\/wp\/v2\/media\/31172"}],"wp:attachment":[{"href":"https:\/\/atecordoba.org\/index.php?rest_route=%2Fwp%2Fv2%2Fmedia&parent=31171"}],"wp:term":[{"taxonomy":"category","embeddable":true,"href":"https:\/\/atecordoba.org\/index.php?rest_route=%2Fwp%2Fv2%2Fcategories&post=31171"},{"taxonomy":"post_tag","embeddable":true,"href":"https:\/\/atecordoba.org\/index.php?rest_route=%2Fwp%2Fv2%2Ftags&post=31171"}],"curies":[{"name":"wp","href":"https:\/\/api.w.org\/{rel}","templated":true}]}}