{"id":31163,"date":"2022-03-30T10:00:00","date_gmt":"2022-03-30T13:00:00","guid":{"rendered":"https:\/\/atecordoba.org\/?p=31163"},"modified":"2022-03-31T14:05:05","modified_gmt":"2022-03-31T17:05:05","slug":"asamblea-en-la-secretaria-de-agricultura-familiar-resolvio-realizar-una-jornada-de-protesta-el-5-de-abril","status":"publish","type":"post","link":"https:\/\/atecordoba.org\/?p=31163","title":{"rendered":"Asamblea en la Secretaria de Agricultura Familiar resolvi\u00f3 realizar una jornada de protesta el 5 de abril"},"content":{"rendered":"\n<div class=\"wp-block-image\"><figure class=\"alignright size-large is-resized\"><img loading=\"lazy\" decoding=\"async\" src=\"https:\/\/atecordoba.org\/wp-content\/uploads\/2022\/03\/SAF-puerta-768x1024.jpg\" alt=\"\" class=\"wp-image-31164\" width=\"576\" height=\"768\"\/><\/figure><\/div>\n\n\n\n<p>El 25 de marzo pasado se realiz\u00f3 una asamblea de trabajadores en la delegaci\u00f3n local de la Secretar\u00eda de Agricultura Familiar (SAFCI) de la Naci\u00f3n y resolvi\u00f3 la realizaci\u00f3n de una jornada provincial de lucha el pr\u00f3ximo martes 5 de abril.<\/p>\n\n\n\n<p>En la ocasi\u00f3n, se efectu\u00f3 un detallado y exhaustivo an\u00e1lisis de la situaci\u00f3n en que se encuentran las y los trabajadores de la SAFCI y las pocas respuestas y capacidades de la patronal para resolver la situaci\u00f3n paup\u00e9rrima atraviesa el sector<\/p>\n\n\n\n<p>\u201cLa Asamblea determin\u00f3 hacer efectivo nuestro reclamo y comenzar a delinear acciones por la necesidad de la reapertura de la mesa de negociaci\u00f3n a nivel nacional\u201d, explic\u00f3 el delegado de ATE Carlos Rang.<\/p>\n\n\n\n<p>Se reclama la reincorporaci\u00f3n de todas y todos los compa\u00f1eros injustamente despedidos durante el macrismo en la SAFCI, as\u00ed como salarios dignos en el Estado Nacional, pase a planta permanente del personal precarizado, recategorizaciones, reconocimiento de antig\u00fcedad real (fechas de ingreso en el recibo de sueldo retroactivas al momento de su contrataci\u00f3n y no al momento de la reincorporaci\u00f3n).<\/p>\n\n\n\n<p>\u201cPor efectivas y reales condiciones de trabajo en todo nuestro organismo, renovamos nuestro compromiso permanente con la lucha colectiva y la democracia sindical, &nbsp;porque entendemos que s\u00f3lo con la unidad en la acci\u00f3n, con la organizaci\u00f3n como un solo pu\u00f1o, es que &nbsp;podemos modificar el actual estado de situaci\u00f3n\u201d, transmiti\u00f3 Rang de las resoluciones de la asamblea.<\/p>\n\n\n\n<p>En C\u00f3rdoba se llevar\u00e1n adelante acciones directas en asambleas, movilizaciones, radios abiertas, conferencias de prensa, reclamando \u201cpor todas nuestras reivindicaciones y exigiendo terminar con la precarizaci\u00f3n\u201d.<\/p>\n\n\n\n<p>Adem\u00e1s, se dar\u00e1 continuidad al plan de lucha hasta construir una gran jornada nacional de protesta.<\/p>\n","protected":false},"excerpt":{"rendered":"<p>El 25 de marzo pasado se realiz\u00f3 una asamblea de trabajadores en la delegaci\u00f3n local de la Secretar\u00eda de Agricultura Familiar (SAFCI) de la Naci\u00f3n y resolvi\u00f3 la realizaci\u00f3n de una jornada provincial de lucha el pr\u00f3ximo martes 5 de abril. En la ocasi\u00f3n, se efectu\u00f3 un detallado y exhaustivo an\u00e1lisis de la situaci\u00f3n en [&hellip;]<\/p>\n","protected":false},"author":7,"featured_media":31164,"comment_status":"open","ping_status":"open","sticky":false,"template":"","format":"standard","meta":{"_exactmetrics_skip_tracking":false,"_exactmetrics_sitenote_active":false,"_exactmetrics_sitenote_note":"","_exactmetrics_sitenote_category":0,"jnews-multi-image_gallery":[],"jnews_single_post":{"subtitle":"","format":"standard","video":"","gallery":"","source_name":"","source_url":"","via_name":"","via_url":"","override":[{"template":"1","single_blog_custom":"","parallax":"1","fullscreen":"1","layout":"right-sidebar","sidebar":"default-sidebar","second_sidebar":"default-sidebar","sticky_sidebar":"1","share_position":"top","share_float_style":"share-monocrhome","show_share_counter":"1","show_view_counter":"1","show_featured":"1","show_post_meta":"1","show_post_author":"1","show_post_author_image":"1","show_post_date":"1","post_date_format":"default","post_date_format_custom":"Y\/m\/d","show_post_category":"1","post_reading_time_wpm":"300","zoom_button_out_step":"2","zoom_button_in_step":"3","show_post_tag":"1","show_prev_next_post":"1","show_popup_post":"1","number_popup_post":"1"}],"image_override":[{"single_post_thumbnail_size":"crop-500","single_post_gallery_size":"crop-500"}],"trending_post_position":"meta","trending_post_label":"Trending","sponsored_post_label":"Sponsored by","sponsored_post_name":"","sponsored_post_url":"","sponsored_post_logo":"","sponsored_post_desc":""},"jnews_primary_category":{"id":""},"jnews_social_meta":[],"jnews_review":[],"enable_review":"","type":"","name":"","summary":"","brand":"","sku":"","good":[],"bad":[],"score_override":"","override_value":"","rating":[],"price":[],"jnews_override_counter":[],"jnews_post_split":[],"footnotes":""},"categories":[341,18],"tags":[962],"class_list":["post-31163","post","type-post","status-publish","format-standard","has-post-thumbnail","hentry","category-cdp","category-nacionales","tag-secretaria-de-agricultura-familiar"],"jetpack_featured_media_url":"https:\/\/atecordoba.org\/wp-content\/uploads\/2022\/03\/SAF-puerta-e1648745576536.jpg","_links":{"self":[{"href":"https:\/\/atecordoba.org\/index.php?rest_route=\/wp\/v2\/posts\/31163","targetHints":{"allow":["GET"]}}],"collection":[{"href":"https:\/\/atecordoba.org\/index.php?rest_route=\/wp\/v2\/posts"}],"about":[{"href":"https:\/\/atecordoba.org\/index.php?rest_route=\/wp\/v2\/types\/post"}],"author":[{"embeddable":true,"href":"https:\/\/atecordoba.org\/index.php?rest_route=\/wp\/v2\/users\/7"}],"replies":[{"embeddable":true,"href":"https:\/\/atecordoba.org\/index.php?rest_route=%2Fwp%2Fv2%2Fcomments&post=31163"}],"version-history":[{"count":2,"href":"https:\/\/atecordoba.org\/index.php?rest_route=\/wp\/v2\/posts\/31163\/revisions"}],"predecessor-version":[{"id":31166,"href":"https:\/\/atecordoba.org\/index.php?rest_route=\/wp\/v2\/posts\/31163\/revisions\/31166"}],"wp:featuredmedia":[{"embeddable":true,"href":"https:\/\/atecordoba.org\/index.php?rest_route=\/wp\/v2\/media\/31164"}],"wp:attachment":[{"href":"https:\/\/atecordoba.org\/index.php?rest_route=%2Fwp%2Fv2%2Fmedia&parent=31163"}],"wp:term":[{"taxonomy":"category","embeddable":true,"href":"https:\/\/atecordoba.org\/index.php?rest_route=%2Fwp%2Fv2%2Fcategories&post=31163"},{"taxonomy":"post_tag","embeddable":true,"href":"https:\/\/atecordoba.org\/index.php?rest_route=%2Fwp%2Fv2%2Ftags&post=31163"}],"curies":[{"name":"wp","href":"https:\/\/api.w.org\/{rel}","templated":true}]}}