{"id":3115,"date":"2013-08-23T16:16:34","date_gmt":"2013-08-23T19:16:34","guid":{"rendered":"http:\/\/www.atecordoba.org\/?p=3115"},"modified":"2013-08-23T16:16:34","modified_gmt":"2013-08-23T19:16:34","slug":"solidaridad-con-los-trabajadores-judiciales","status":"publish","type":"post","link":"https:\/\/atecordoba.org\/?p=3115","title":{"rendered":"Solidaridad con los trabajadores judiciales"},"content":{"rendered":"<p style=\"text-align: left;\" align=\"center\"><em>ATE se solidariza con la Asociaci\u00f3n Gremial de Empleados del Poder Judicial (AGEPJ) en su lucha pro salarios dignos y un \u00e1mbito de negociaci\u00f3n colectiva. El comunicado.<\/em><\/p>\n<p style=\"text-align: center;\" align=\"center\"><a href=\"http:\/\/www.atecordoba.org\/wp-content\/uploads\/2013\/08\/IMG_4809.jpg\"><img loading=\"lazy\" decoding=\"async\" class=\" wp-image-3119 aligncenter\" alt=\"IMG_4809\" src=\"http:\/\/www.atecordoba.org\/wp-content\/uploads\/2013\/08\/IMG_4809-1024x768.jpg\" width=\"614\" height=\"461\" \/><\/a><\/p>\n<p>El conflicto que envuelve a los trabajadores judiciales con el Tribunal Superior de Justicia (TJS) expresa la realidad que abarca toda la gesti\u00f3n de Jos\u00e9 Manuel De la Sota: bajos salarios y nulo di\u00e1logo con los trabajadores ni con la dirigencia sindical que los representa.<\/p>\n<p>En el caso del poder judicial es m\u00e1s grave a\u00fan por carecer los trabajadores de ese sector de las herramientas propias de la negociaci\u00f3n entre sindicatos y patronales. El Ministerio de Trabajo brilla por su ausencia y el gremio judicial se ve supeditado a lo que decrete el propio TSJ que hace de juez y parte.<\/p>\n<p>En ese marco, los trabajadores han salido a reclamar por sus leg\u00edtimos derechos: salarios dignos y un \u00e1mbito de negociaci\u00f3n colectiva superadora de la realidad feudal que domina los tribunales cordobeses.<\/p>\n<p>En consecuencia , tanto anoche como esta ma\u00f1ana, una delegaci\u00f3n de nuestro gremio se hizo presente en Tribunales para expresar el apoyo de los estatales.\u00a0El Consejo Directivo Provincial de la Asociaci\u00f3n Trabajadores del Estado expresa su respaldo y solidaridad con los compa\u00f1eros en lucha, con la seguridad que este conflicto se saldar\u00e1 con una victoria de los trabajadores.<\/p>\n<p align=\"right\">Mar\u00eda Teresa Romero<\/p>\n<p align=\"right\">Secretaria General<\/p>\n<p align=\"right\">ATE C\u00f3rdoba<\/p>\n","protected":false},"excerpt":{"rendered":"<p>ATE se solidariza con la Asociaci\u00f3n Gremial de Empleados del Poder Judicial (AGEPJ) en su lucha pro salarios dignos y un \u00e1mbito de negociaci\u00f3n colectiva. El comunicado. El conflicto que envuelve a los trabajadores judiciales con el Tribunal Superior de Justicia (TJS) expresa la realidad que abarca toda la gesti\u00f3n de Jos\u00e9 Manuel De la [&hellip;]<\/p>\n","protected":false},"author":1,"featured_media":19220,"comment_status":"open","ping_status":"open","sticky":false,"template":"","format":"standard","meta":{"_exactmetrics_skip_tracking":false,"_exactmetrics_sitenote_active":false,"_exactmetrics_sitenote_note":"","_exactmetrics_sitenote_category":0,"jnews-multi-image_gallery":[],"jnews_single_post":[],"jnews_primary_category":[],"jnews_social_meta":[],"jnews_review":[],"enable_review":"","type":"","name":"","summary":"","brand":"","sku":"","good":[],"bad":[],"score_override":"","override_value":"","rating":[],"price":[],"jnews_override_counter":[],"jnews_post_split":[],"footnotes":""},"categories":[53],"tags":[],"class_list":["post-3115","post","type-post","status-publish","format-standard","has-post-thumbnail","hentry","category-comunicados-de-prensa"],"jetpack_featured_media_url":"https:\/\/atecordoba.org\/wp-content\/uploads\/2020\/05\/logo-nuevochico-e1561581322808.png","_links":{"self":[{"href":"https:\/\/atecordoba.org\/index.php?rest_route=\/wp\/v2\/posts\/3115","targetHints":{"allow":["GET"]}}],"collection":[{"href":"https:\/\/atecordoba.org\/index.php?rest_route=\/wp\/v2\/posts"}],"about":[{"href":"https:\/\/atecordoba.org\/index.php?rest_route=\/wp\/v2\/types\/post"}],"author":[{"embeddable":true,"href":"https:\/\/atecordoba.org\/index.php?rest_route=\/wp\/v2\/users\/1"}],"replies":[{"embeddable":true,"href":"https:\/\/atecordoba.org\/index.php?rest_route=%2Fwp%2Fv2%2Fcomments&post=3115"}],"version-history":[{"count":0,"href":"https:\/\/atecordoba.org\/index.php?rest_route=\/wp\/v2\/posts\/3115\/revisions"}],"wp:featuredmedia":[{"embeddable":true,"href":"https:\/\/atecordoba.org\/index.php?rest_route=\/wp\/v2\/media\/19220"}],"wp:attachment":[{"href":"https:\/\/atecordoba.org\/index.php?rest_route=%2Fwp%2Fv2%2Fmedia&parent=3115"}],"wp:term":[{"taxonomy":"category","embeddable":true,"href":"https:\/\/atecordoba.org\/index.php?rest_route=%2Fwp%2Fv2%2Fcategories&post=3115"},{"taxonomy":"post_tag","embeddable":true,"href":"https:\/\/atecordoba.org\/index.php?rest_route=%2Fwp%2Fv2%2Ftags&post=3115"}],"curies":[{"name":"wp","href":"https:\/\/api.w.org\/{rel}","templated":true}]}}