{"id":31141,"date":"2022-03-30T23:38:00","date_gmt":"2022-03-31T02:38:00","guid":{"rendered":"https:\/\/atecordoba.org\/?p=31141"},"modified":"2022-03-31T14:08:07","modified_gmt":"2022-03-31T17:08:07","slug":"reflexiones-a-40-anos-de-la-gran-marcha-de-la-cgt-por-paz-pan-y-trabajo-que-hizo-temblar-a-la-dictadura-genocida","status":"publish","type":"post","link":"https:\/\/atecordoba.org\/?p=31141","title":{"rendered":"Reflexiones a 40 a\u00f1os de la gran marcha de la CGT por &#8220;Paz, Pan y Trabajo&#8221; que hizo temblar a la dictadura genocida"},"content":{"rendered":"\n<div class=\"wp-block-image\"><figure class=\"aligncenter size-large is-resized\"><img loading=\"lazy\" decoding=\"async\" src=\"https:\/\/atecordoba.org\/wp-content\/uploads\/2022\/03\/marcha-82.jpg\" alt=\"\" class=\"wp-image-31142\" width=\"720\" height=\"480\" srcset=\"https:\/\/atecordoba.org\/wp-content\/uploads\/2022\/03\/marcha-82.jpg 960w, https:\/\/atecordoba.org\/wp-content\/uploads\/2022\/03\/marcha-82-300x200.jpg 300w, https:\/\/atecordoba.org\/wp-content\/uploads\/2022\/03\/marcha-82-768x512.jpg 768w, https:\/\/atecordoba.org\/wp-content\/uploads\/2022\/03\/marcha-82-750x500.jpg 750w\" sizes=\"auto, (max-width: 720px) 100vw, 720px\" \/><\/figure><\/div>\n\n\n\n<p class=\"has-text-align-right\">\u201cCuando se quiere luchar, siempre hay alternativa\u201d, Sa\u00fal Ubaldini, Secretario General de la CGT.<\/p>\n\n\n\n<p>Por Carlos Rang, delegado de ATE SAF y Andrea Ferreyra, delegada de ATE SALUD.<\/p>\n\n\n\n<p>Se observa desde hace alg\u00fan tiempo que distintos sectores del movimiento obrero y particularmente del interior, vienen realizando plenarios de delegados de trabajadores en diferentes instancias organizativas, dando discusiones de alto contenido para intentar recrear una situaci\u00f3n favorable a los intereses de nuestra clase.<\/p>\n\n\n\n<p>Son los primeros balbuceos tendientes a retomar la iniciativa hist\u00f3rica donde lxs trabajadores jueguen un papel dirigente, para poder acaudillar a todo el movimiento social y de esta manera crear condiciones favorables para la emergencia de la hegemon\u00eda de nuestra estrategia obrera.&nbsp;<\/p>\n\n\n\n<div class=\"wp-block-image\"><figure class=\"alignright size-large is-resized\"><img loading=\"lazy\" decoding=\"async\" src=\"https:\/\/atecordoba.org\/wp-content\/uploads\/2022\/03\/saul-edober-1.jpg\" alt=\"\" class=\"wp-image-31150\" width=\"564\" height=\"376\" srcset=\"https:\/\/atecordoba.org\/wp-content\/uploads\/2022\/03\/saul-edober-1.jpg 752w, https:\/\/atecordoba.org\/wp-content\/uploads\/2022\/03\/saul-edober-1-300x200.jpg 300w, https:\/\/atecordoba.org\/wp-content\/uploads\/2022\/03\/saul-edober-1-750x500.jpg 750w\" sizes=\"auto, (max-width: 564px) 100vw, 564px\" \/><\/figure><\/div>\n\n\n\n<p>No se desconoce la gran derrota que sufri\u00f3 el movimiento ni las debilidades estructurales, producto de la transformaci\u00f3n capitalista en los \u00faltimos 50 a\u00f1os. Cambi\u00f3 radicalmente la morfolog\u00eda del trabajo, perdimos derechos hist\u00f3ricos y existe ya un porcentaje reducido de trabajadores registrados; en esta nueva realidad laboral predomina la informalidad, la intermitencia y el trabajo sin patrones, por eso nuestro movimiento y nuestras organizaciones fueron perdiendo centralidad ya que no alcanzan a expresar los intereses del conjunto social m\u00e1s vasto, sino s\u00f3lo los de un sector de lxs trabajadores.<\/p>\n\n\n\n<p>Por eso la importancia de ampliar la mirada y que la misma sea m\u00e1s integral. Para ello se requiere de alta formaci\u00f3n en los delegados de base y las juntas internas que permita organizar el territorio social m\u00e1s amplio, para que de esta manera se exprese la Unidad del conjunto de la clase trabajadora y nos permita mayor fuerza social.<\/p>\n\n\n\n<p>No es lo mismo la uni\u00f3n de obreros que la unidad de la clase trabajadora; suenan parecido y guardan relaci\u00f3n, pero no son lo mismo ya que los grados de conciencia adquirida por el conjunto en uno (clase) es mucho m\u00e1s profundo que en el otro y deriv\u00e1ndose de este distingo diferencias tambi\u00e9n en el potencial transformador.<\/p>\n\n\n\n<p>Por eso es importante nuestra memoria hist\u00f3rica y nuestros grandes hitos: el 17 de octubre, la resistencia peronista, los programas obreros de la Falda y Huerta Grande, los hechos insurreccionales como el Cordobazo y los Rosariazos, las grandes huelgas del 75 o el programa de los 26 puntos de Sa\u00fal Ubaldini.<\/p>\n\n\n\n<p>Porque en cada uno de estos momentos se rompe la fragmentaci\u00f3n y separaci\u00f3n de lxs trabajadores y lxs mismos tienden a unirse y luchar por sus intereses inmediatos e hist\u00f3ricos, empiezan a desarrollar pr\u00e1cticas y experiencias de lucha similares a las que hab\u00edan tenido en otras \u00e9pocas y lugares otrxs compa\u00f1erxs de clase.<\/p>\n\n\n\n<p>Aqu\u00ed se visualiza la importancia de la unidad program\u00e1tica y la organizaci\u00f3n que se deriva de ella, para poder centralizar la direcci\u00f3n de la lucha de nuestros intereses en un mismo tiempo y con ello constituir una fuerza social necesaria para crear un escenario favorable a nuestra clase.<\/p>\n\n\n\n<div class=\"wp-block-image\"><figure class=\"alignleft size-large is-resized\"><img loading=\"lazy\" decoding=\"async\" src=\"https:\/\/atecordoba.org\/wp-content\/uploads\/2022\/03\/saul.jpg\" alt=\"\" class=\"wp-image-31144\" width=\"560\" height=\"317\" srcset=\"https:\/\/atecordoba.org\/wp-content\/uploads\/2022\/03\/saul.jpg 746w, https:\/\/atecordoba.org\/wp-content\/uploads\/2022\/03\/saul-300x170.jpg 300w\" sizes=\"auto, (max-width: 560px) 100vw, 560px\" \/><\/figure><\/div>\n\n\n\n<p>La importancia de estos plenarios de trabajadores de distintas centrales o sindicatos, est\u00e1 dada por ese esfuerzo por unir a nuestra clase y dejar de estar a contracorriente de ella. Hoy como ayer se requiere de la unidad para poder defender nuestros propios intereses dado que siempre existen otros intereses -los de la clase dominante- que intentan permanentemente dividir y confundirnos con sus ideolog\u00edas y antinomias para que permanezcamos sometidos.<\/p>\n\n\n\n<p>Partimos de afirmar que, en determinados momentos hist\u00f3ricos, nuestra clase retoma la iniciativa y logra constituirse como fuerza social, entendido esta como alianzas sociales con otros actores del campo popular que est\u00e1n predispuestos a luchar en conjunto por demandas concretas. Se trata de las condiciones materiales de nuestra vida, las mismas reflejan las necesidades del conjunto y esto nos permite la conformaci\u00f3n de un programa com\u00fan que ya no se agota en consignas, deseos o principios ideol\u00f3gicos, sino que plantea la organizaci\u00f3n de la lucha dando nacimiento a un nuevo sujeto.<\/p>\n\n\n\n<p>La clase hoy ya no puede adherir ni a la izquierda ni a la derecha, o a un lado u otro de la grieta. \u00c9stas s\u00f3lo son argucias ideol\u00f3gicas que imponen las clases dominantes con el objeto de dividirnos.<\/p>\n\n\n\n<p>A 40 a\u00f1os de la gran movilizaci\u00f3n por PAZ, PAN Y TRABAJO, hoy m\u00e1s que nunca debemos pasar a la planificaci\u00f3n para la organizaci\u00f3n de la lucha, porque como lo dijo en su momento el compa\u00f1ero Sa\u00fal Ubaldini \u201cCuando se quiere luchar, siempre hay alternativa\u201d y para que se cumpla la necesaria consigna \u201cQUE LA DEUDA NO LA PAGUEN LOS DE ABAJO\u201c la \u00fanica manera que nos queda es luchar a fondo como movimiento por la defensa de nuestras condiciones materiales de vida.<\/p>\n\n\n\n<p class=\"has-text-align-center\">\u00a1\u00a1\u00a1Arriba lxs que se organizan para luchar!!!!<\/p>\n","protected":false},"excerpt":{"rendered":"<p>\u201cCuando se quiere luchar, siempre hay alternativa\u201d, Sa\u00fal Ubaldini, Secretario General de la CGT. Por Carlos Rang, delegado de ATE SAF y Andrea Ferreyra, delegada de ATE SALUD. Se observa desde hace alg\u00fan tiempo que distintos sectores del movimiento obrero y particularmente del interior, vienen realizando plenarios de delegados de trabajadores en diferentes instancias organizativas, [&hellip;]<\/p>\n","protected":false},"author":7,"featured_media":31143,"comment_status":"open","ping_status":"open","sticky":false,"template":"","format":"standard","meta":{"_exactmetrics_skip_tracking":false,"_exactmetrics_sitenote_active":false,"_exactmetrics_sitenote_note":"","_exactmetrics_sitenote_category":0,"jnews-multi-image_gallery":[],"jnews_single_post":{"subtitle":"Cuatro d\u00e9cadas despu\u00e9s que el movimiento obrero llenara Plaza de Mayo repudiando la pol\u00edtica de la dictadura c\u00edvico-militar, aquella jornada motiva una reflexi\u00f3n sobre el momento actual de la clase trabajadora.","format":"standard","video":"","gallery":"","source_name":"","source_url":"","via_name":"","via_url":"","override":[{"template":"1","single_blog_custom":"","parallax":"1","fullscreen":"1","layout":"right-sidebar","sidebar":"default-sidebar","second_sidebar":"default-sidebar","sticky_sidebar":"1","share_position":"top","share_float_style":"share-monocrhome","show_share_counter":"1","show_view_counter":"1","show_featured":"1","show_post_meta":"1","show_post_author":"1","show_post_author_image":"1","show_post_date":"1","post_date_format":"default","post_date_format_custom":"Y\/m\/d","show_post_category":"1","post_reading_time_wpm":"300","zoom_button_out_step":"2","zoom_button_in_step":"3","show_post_tag":"1","show_prev_next_post":"1","show_popup_post":"1","number_popup_post":"1"}],"image_override":[{"single_post_thumbnail_size":"crop-500","single_post_gallery_size":"crop-500"}],"trending_post_position":"meta","trending_post_label":"Trending","sponsored_post_label":"Sponsored by","sponsored_post_name":"","sponsored_post_url":"","sponsored_post_logo":"","sponsored_post_desc":""},"jnews_primary_category":{"id":""},"jnews_social_meta":[],"jnews_review":[],"enable_review":"","type":"","name":"","summary":"","brand":"","sku":"","good":[],"bad":[],"score_override":"","override_value":"","rating":[],"price":[],"jnews_override_counter":[],"jnews_post_split":[],"footnotes":""},"categories":[10,341],"tags":[1064,1063,1065],"class_list":["post-31141","post","type-post","status-publish","format-standard","has-post-thumbnail","hentry","category-accion-politica","category-cdp","tag-dictadura","tag-marcha-1982","tag-ubaldini"],"jetpack_featured_media_url":"https:\/\/atecordoba.org\/wp-content\/uploads\/2022\/03\/saul-edober-e1648730272467.jpg","_links":{"self":[{"href":"https:\/\/atecordoba.org\/index.php?rest_route=\/wp\/v2\/posts\/31141","targetHints":{"allow":["GET"]}}],"collection":[{"href":"https:\/\/atecordoba.org\/index.php?rest_route=\/wp\/v2\/posts"}],"about":[{"href":"https:\/\/atecordoba.org\/index.php?rest_route=\/wp\/v2\/types\/post"}],"author":[{"embeddable":true,"href":"https:\/\/atecordoba.org\/index.php?rest_route=\/wp\/v2\/users\/7"}],"replies":[{"embeddable":true,"href":"https:\/\/atecordoba.org\/index.php?rest_route=%2Fwp%2Fv2%2Fcomments&post=31141"}],"version-history":[{"count":4,"href":"https:\/\/atecordoba.org\/index.php?rest_route=\/wp\/v2\/posts\/31141\/revisions"}],"predecessor-version":[{"id":31167,"href":"https:\/\/atecordoba.org\/index.php?rest_route=\/wp\/v2\/posts\/31141\/revisions\/31167"}],"wp:featuredmedia":[{"embeddable":true,"href":"https:\/\/atecordoba.org\/index.php?rest_route=\/wp\/v2\/media\/31143"}],"wp:attachment":[{"href":"https:\/\/atecordoba.org\/index.php?rest_route=%2Fwp%2Fv2%2Fmedia&parent=31141"}],"wp:term":[{"taxonomy":"category","embeddable":true,"href":"https:\/\/atecordoba.org\/index.php?rest_route=%2Fwp%2Fv2%2Fcategories&post=31141"},{"taxonomy":"post_tag","embeddable":true,"href":"https:\/\/atecordoba.org\/index.php?rest_route=%2Fwp%2Fv2%2Ftags&post=31141"}],"curies":[{"name":"wp","href":"https:\/\/api.w.org\/{rel}","templated":true}]}}