{"id":31136,"date":"2022-03-30T15:12:50","date_gmt":"2022-03-30T18:12:50","guid":{"rendered":"https:\/\/atecordoba.org\/?p=31136"},"modified":"2022-03-30T15:15:24","modified_gmt":"2022-03-30T18:15:24","slug":"ate-anac-lanza-el-plan-de-lucha-en-cordoba-con-un-paro-por-24-horas-el-5-de-abril-en-el-aeropuerto-rio-cuarto","status":"publish","type":"post","link":"https:\/\/atecordoba.org\/?p=31136","title":{"rendered":"ATE ANAC lanza el plan de lucha en C\u00f3rdoba con un paro por 24 horas el 5 de abril en el Aeropuerto R\u00edo Cuarto"},"content":{"rendered":"\n<div class=\"wp-block-image\"><figure class=\"aligncenter size-large is-resized\"><img loading=\"lazy\" decoding=\"async\" src=\"https:\/\/atecordoba.org\/wp-content\/uploads\/2022\/03\/20220330_114435-1024x576.jpg\" alt=\"\" class=\"wp-image-31137\" width=\"768\" height=\"432\" \/><\/figure><\/div>\n\n\n\n<p>En una asamblea realizada hoy en el Aeropuerto C\u00f3rdoba, las y los trabajadores de Administraci\u00f3n Nacional de Aviaci\u00f3n Civil (ANAC) resolvieron profundizar el plan de lucha ante las dilaciones y falta de respuestas concretas de la patronal al pliego de reclamos que ATE traslad\u00f3 ya hace tiempo a los funcionarios del organismo. <\/p>\n\n\n\n<p>La reuni\u00f3n se llev\u00f3 a cabo el sal\u00f3n de usos m\u00faltiples de la Regional Noroeste de ANAC y cont\u00f3 con la presencia del secretario General de ATE C\u00f3rdoba, Federico Giuliani, el integrante de la CyMAT Javier Bracamonte, la miembra del Departamento Nacionales del Consejo Directivo Provincial, Alejandra Agnone, y el responsable de Acci\u00f3n Social de ATE y trabajador de ANAC, Agust\u00edn Bertone. <\/p>\n\n\n\n<p>Giulaini afirm\u00f3 en la oportunidad que &#8220;es importante que la conducci\u00f3n recorra los sectores nacionales, que haga un cara a cara con los trabajadores, escuchando las problem\u00e1ticas y generando propuestas para resolver esos problemas&#8221;. &#8220;Adem\u00e1s, estamos calentando motores para que en las pr\u00f3ximas paritarias, hay que prender la llamita de la pelea para que no sea un tr\u00e1mite sino una instancia para arrebatarle al gobierno lo que nos corresponde&#8221;. <\/p>\n\n\n\n<p>El dirigente asegur\u00f3 que &#8220;en estos dos a\u00f1os de pandemia no se acondicionaron los organismos nacionales, no tiene la voluntad de hacerlo, los pases a planta permanente quedaron en el olvido. Frente a ese panorama general, en el d\u00eda a d\u00eda hay muchas dificultades operativas, de condiciones de trabajo o de gesti\u00f3n que los diferentes funcionarios no resuelven, por lo cual la acci\u00f3n gremial tiene que ser inmediata, urgente y necesaria&#8221;.<\/p>\n\n\n\n<div class=\"wp-block-image\"><figure class=\"alignright size-large is-resized\"><img loading=\"lazy\" decoding=\"async\" src=\"https:\/\/atecordoba.org\/wp-content\/uploads\/2022\/03\/20220330_112656-1024x576.jpg\" alt=\"\" class=\"wp-image-31138\" width=\"512\" height=\"288\" srcset=\"https:\/\/atecordoba.org\/wp-content\/uploads\/2022\/03\/20220330_112656-1024x576.jpg 1024w, https:\/\/atecordoba.org\/wp-content\/uploads\/2022\/03\/20220330_112656-300x169.jpg 300w, https:\/\/atecordoba.org\/wp-content\/uploads\/2022\/03\/20220330_112656-768x432.jpg 768w, https:\/\/atecordoba.org\/wp-content\/uploads\/2022\/03\/20220330_112656-1536x864.jpg 1536w, https:\/\/atecordoba.org\/wp-content\/uploads\/2022\/03\/20220330_112656-750x422.jpg 750w, https:\/\/atecordoba.org\/wp-content\/uploads\/2022\/03\/20220330_112656-1140x641.jpg 1140w, https:\/\/atecordoba.org\/wp-content\/uploads\/2022\/03\/20220330_112656.jpg 2048w\" sizes=\"auto, (max-width: 512px) 100vw, 512px\" \/><\/figure><\/div>\n\n\n\n<p>A su turno, la delegada local Carina Arg\u00fcello destac\u00f3 que en la asamblea estuvieron compa\u00f1eros del Aeropuerto R\u00edo Cuarto, del Aer\u00f3dromo C\u00f3rdoba y del sector administraci\u00f3n del Aeropuerto C\u00f3rdoba, junto a personal de los diversos sectores de la ANAC. &#8220;Tuvimos mucha presencia de compa\u00f1eros y compa\u00f1eras a pesar que algunos jefes de servicios impidieron a algunos trabajadores acercarse a participar de la asamblea&#8221;, destac\u00f3 Arg\u00fcello. <\/p>\n\n\n\n<p>Tras un intenso debate, se resolvi\u00f3 por unanimidad profundizar el plan de lucha con un paro de actividades en el Aeropuerto de R\u00edo Cuarto el pr\u00f3ximo 5 de abril donde el personal que cumple funciones como bomberos no cobra sus salarios en funci\u00f3n de la tarea realizada, adem\u00e1s que no tiene un espacio digno donde cambiarse, descansar y poder dejar sus cosas personales. Se reclama el reconocimiento y mejoras en las condiciones laborales.<\/p>\n\n\n\n<p>De no tener, de no obtener una respuesta, continuar\u00e1n las medidas de fuerza con una paro de 48 horas en el Aeropuerto C\u00f3rdoba en Semana Santa. <\/p>\n\n\n\n<p>&#8220;Hasta ahora el organismo no responde a ninguna de las demandas planteadas, ni el pliego de reivindicaciones propuesto. Hemos mantenido el di\u00e1logo basado en la buena fe, pero no vemos la misma actitud de parte de ANAC, sino que dilatan las soluciones que son urgentes para ATE&#8221;, concluy\u00f3 Arg\u00fcello.<\/p>\n","protected":false},"excerpt":{"rendered":"<p>En una asamblea realizada hoy en el Aeropuerto C\u00f3rdoba, las y los trabajadores de Administraci\u00f3n Nacional de Aviaci\u00f3n Civil (ANAC) resolvieron profundizar el plan de lucha ante las dilaciones y falta de respuestas concretas de la patronal al pliego de reclamos que ATE traslad\u00f3 ya hace tiempo a los funcionarios del organismo. La reuni\u00f3n se [&hellip;]<\/p>\n","protected":false},"author":7,"featured_media":31137,"comment_status":"open","ping_status":"open","sticky":false,"template":"","format":"standard","meta":{"_exactmetrics_skip_tracking":false,"_exactmetrics_sitenote_active":false,"_exactmetrics_sitenote_note":"","_exactmetrics_sitenote_category":0,"jnews-multi-image_gallery":[],"jnews_single_post":{"subtitle":"El secretario General de ATE Federico Giuliani dijo que de no tener respuestas positivas a los reclamos est\u00e1 previsto profundizar las medidas de fuerza con un paro pro 48 horas en el Aeropuerto C\u00f3rdoba durante Semana Santa. ","format":"standard","video":"","gallery":"","source_name":"","source_url":"","via_name":"","via_url":"","override":[{"template":"1","single_blog_custom":"","parallax":"1","fullscreen":"1","layout":"right-sidebar","sidebar":"default-sidebar","second_sidebar":"default-sidebar","sticky_sidebar":"1","share_position":"top","share_float_style":"share-monocrhome","show_share_counter":"1","show_view_counter":"1","show_featured":"1","show_post_meta":"1","show_post_author":"1","show_post_author_image":"1","show_post_date":"1","post_date_format":"default","post_date_format_custom":"Y\/m\/d","show_post_category":"1","post_reading_time_wpm":"300","zoom_button_out_step":"2","zoom_button_in_step":"3","show_post_tag":"1","show_prev_next_post":"1","show_popup_post":"1","number_popup_post":"1"}],"image_override":[{"single_post_thumbnail_size":"crop-500","single_post_gallery_size":"crop-500"}],"trending_post_position":"meta","trending_post_label":"Trending","sponsored_post_label":"Sponsored by","sponsored_post_name":"","sponsored_post_url":"","sponsored_post_logo":"","sponsored_post_desc":""},"jnews_primary_category":{"id":""},"jnews_social_meta":[],"jnews_review":[],"enable_review":"","type":"","name":"","summary":"","brand":"","sku":"","good":[],"bad":[],"score_override":"","override_value":"","rating":[],"price":[],"jnews_override_counter":[],"jnews_post_split":[],"footnotes":""},"categories":[341,18,12],"tags":[33],"class_list":["post-31136","post","type-post","status-publish","format-standard","has-post-thumbnail","hentry","category-cdp","category-nacionales","category-rio-cuarto","tag-anac"],"jetpack_featured_media_url":"https:\/\/atecordoba.org\/wp-content\/uploads\/2022\/03\/20220330_114435-scaled-e1648663961379.jpg","_links":{"self":[{"href":"https:\/\/atecordoba.org\/index.php?rest_route=\/wp\/v2\/posts\/31136","targetHints":{"allow":["GET"]}}],"collection":[{"href":"https:\/\/atecordoba.org\/index.php?rest_route=\/wp\/v2\/posts"}],"about":[{"href":"https:\/\/atecordoba.org\/index.php?rest_route=\/wp\/v2\/types\/post"}],"author":[{"embeddable":true,"href":"https:\/\/atecordoba.org\/index.php?rest_route=\/wp\/v2\/users\/7"}],"replies":[{"embeddable":true,"href":"https:\/\/atecordoba.org\/index.php?rest_route=%2Fwp%2Fv2%2Fcomments&post=31136"}],"version-history":[{"count":1,"href":"https:\/\/atecordoba.org\/index.php?rest_route=\/wp\/v2\/posts\/31136\/revisions"}],"predecessor-version":[{"id":31139,"href":"https:\/\/atecordoba.org\/index.php?rest_route=\/wp\/v2\/posts\/31136\/revisions\/31139"}],"wp:featuredmedia":[{"embeddable":true,"href":"https:\/\/atecordoba.org\/index.php?rest_route=\/wp\/v2\/media\/31137"}],"wp:attachment":[{"href":"https:\/\/atecordoba.org\/index.php?rest_route=%2Fwp%2Fv2%2Fmedia&parent=31136"}],"wp:term":[{"taxonomy":"category","embeddable":true,"href":"https:\/\/atecordoba.org\/index.php?rest_route=%2Fwp%2Fv2%2Fcategories&post=31136"},{"taxonomy":"post_tag","embeddable":true,"href":"https:\/\/atecordoba.org\/index.php?rest_route=%2Fwp%2Fv2%2Ftags&post=31136"}],"curies":[{"name":"wp","href":"https:\/\/api.w.org\/{rel}","templated":true}]}}