{"id":31124,"date":"2022-03-30T13:02:18","date_gmt":"2022-03-30T16:02:18","guid":{"rendered":"https:\/\/atecordoba.org\/?p=31124"},"modified":"2022-03-30T13:04:16","modified_gmt":"2022-03-30T16:04:16","slug":"asamblea-en-renaper","status":"publish","type":"post","link":"https:\/\/atecordoba.org\/?p=31124","title":{"rendered":"Asamblea en Renaper"},"content":{"rendered":"\n<div class=\"wp-block-image\"><figure class=\"aligncenter size-large is-resized\"><img loading=\"lazy\" decoding=\"async\" src=\"https:\/\/atecordoba.org\/wp-content\/uploads\/2022\/03\/IMG-20220330-WA0073-1024x576.jpg\" alt=\"\" class=\"wp-image-31125\" width=\"768\" height=\"432\" \/><\/figure><\/div>\n\n\n\n<p>Ayer durante la visita de ATE a organismos nacionales el secretario General del Consejo Directivo Provincial (CDP), Federico Giuliani, junto al secretario de Formaci\u00f3n, C\u00e9sar Theaux, y el integrante del Departamento de Higiene y Salud Laboral, Javier Bracamonte, estuvieron presentes en las oficinas del Registro Nacional de las Personas (Renaper), ubicado en la Estaci\u00f3n de Trenes Belgrano en Alta C\u00f3rdoba, para charlar con los compa\u00f1eros y contarles cu\u00e1les son las ventajas y beneficios que este sindicato da a sus afiliados y afiliadas desde el CDP. <\/p>\n\n\n\n<p>&#8220;Hubo una charla con los compa\u00f1eros en el cambio de turno y la idea es poder nombrar delegados lo antes posible en el sector&#8221;, dijo Theaux.<\/p>\n\n\n\n<p>Cabe se\u00f1alar que la asamblea fue convocada por los propios afiliados en el organismo. En la oportunidad Giuliani explic\u00f3 la importancia que tiene el colectivo sindical y el poder que se logra al tener un delegado dentro de cada sector, sobre todo en el caso del Renaper que tiene la mayor\u00eda de las dependencias en CABA. &#8220;Teniendo un delegado propio se pueden hacer las gestiones locales para arribar a soluciones de forma m\u00e1s \u00e1gil y r\u00e1pida&#8221;, valoraron las y los trabajadores presentes, que se comprometieron a realizar una campa\u00f1a de afiliaciones en la dependencia.<\/p>\n\n\n\n<figure class=\"wp-block-gallery columns-3 is-cropped wp-block-gallery-1 is-layout-flex wp-block-gallery-is-layout-flex\"><ul class=\"blocks-gallery-grid\"><li class=\"blocks-gallery-item\"><figure><a href=\"https:\/\/atecordoba.org\/wp-content\/uploads\/2022\/03\/IMG-20220330-WA0076.jpg\"><img loading=\"lazy\" decoding=\"async\" width=\"806\" height=\"1024\" src=\"https:\/\/atecordoba.org\/wp-content\/uploads\/2022\/03\/IMG-20220330-WA0076-806x1024.jpg\" alt=\"\" data-id=\"31126\" data-full-url=\"https:\/\/atecordoba.org\/wp-content\/uploads\/2022\/03\/IMG-20220330-WA0076.jpg\" data-link=\"https:\/\/atecordoba.org\/?attachment_id=31126\" class=\"wp-image-31126\" srcset=\"https:\/\/atecordoba.org\/wp-content\/uploads\/2022\/03\/IMG-20220330-WA0076-806x1024.jpg 806w, https:\/\/atecordoba.org\/wp-content\/uploads\/2022\/03\/IMG-20220330-WA0076-236x300.jpg 236w, https:\/\/atecordoba.org\/wp-content\/uploads\/2022\/03\/IMG-20220330-WA0076-768x975.jpg 768w, https:\/\/atecordoba.org\/wp-content\/uploads\/2022\/03\/IMG-20220330-WA0076-750x952.jpg 750w, https:\/\/atecordoba.org\/wp-content\/uploads\/2022\/03\/IMG-20220330-WA0076.jpg 1008w\" sizes=\"auto, (max-width: 806px) 100vw, 806px\" \/><\/a><\/figure><\/li><li class=\"blocks-gallery-item\"><figure><a href=\"https:\/\/atecordoba.org\/wp-content\/uploads\/2022\/03\/IMG-20220330-WA0077.jpg\"><img loading=\"lazy\" decoding=\"async\" width=\"831\" height=\"1024\" src=\"https:\/\/atecordoba.org\/wp-content\/uploads\/2022\/03\/IMG-20220330-WA0077-831x1024.jpg\" alt=\"\" data-id=\"31127\" data-full-url=\"https:\/\/atecordoba.org\/wp-content\/uploads\/2022\/03\/IMG-20220330-WA0077.jpg\" data-link=\"https:\/\/atecordoba.org\/?attachment_id=31127\" class=\"wp-image-31127\" srcset=\"https:\/\/atecordoba.org\/wp-content\/uploads\/2022\/03\/IMG-20220330-WA0077-831x1024.jpg 831w, https:\/\/atecordoba.org\/wp-content\/uploads\/2022\/03\/IMG-20220330-WA0077-243x300.jpg 243w, https:\/\/atecordoba.org\/wp-content\/uploads\/2022\/03\/IMG-20220330-WA0077-768x947.jpg 768w, https:\/\/atecordoba.org\/wp-content\/uploads\/2022\/03\/IMG-20220330-WA0077-750x925.jpg 750w, https:\/\/atecordoba.org\/wp-content\/uploads\/2022\/03\/IMG-20220330-WA0077.jpg 996w\" sizes=\"auto, (max-width: 831px) 100vw, 831px\" \/><\/a><\/figure><\/li><li class=\"blocks-gallery-item\"><figure><a href=\"https:\/\/atecordoba.org\/wp-content\/uploads\/2022\/03\/IMG-20220330-WA0074.jpg\"><img loading=\"lazy\" decoding=\"async\" width=\"781\" height=\"1024\" src=\"https:\/\/atecordoba.org\/wp-content\/uploads\/2022\/03\/IMG-20220330-WA0074-781x1024.jpg\" alt=\"\" data-id=\"31128\" data-full-url=\"https:\/\/atecordoba.org\/wp-content\/uploads\/2022\/03\/IMG-20220330-WA0074.jpg\" data-link=\"https:\/\/atecordoba.org\/?attachment_id=31128\" class=\"wp-image-31128\" srcset=\"https:\/\/atecordoba.org\/wp-content\/uploads\/2022\/03\/IMG-20220330-WA0074-781x1024.jpg 781w, https:\/\/atecordoba.org\/wp-content\/uploads\/2022\/03\/IMG-20220330-WA0074-229x300.jpg 229w, https:\/\/atecordoba.org\/wp-content\/uploads\/2022\/03\/IMG-20220330-WA0074-768x1007.jpg 768w, https:\/\/atecordoba.org\/wp-content\/uploads\/2022\/03\/IMG-20220330-WA0074-750x983.jpg 750w, https:\/\/atecordoba.org\/wp-content\/uploads\/2022\/03\/IMG-20220330-WA0074.jpg 879w\" sizes=\"auto, (max-width: 781px) 100vw, 781px\" \/><\/a><\/figure><\/li><\/ul><\/figure>\n","protected":false},"excerpt":{"rendered":"<p>Ayer durante la visita de ATE a organismos nacionales el secretario General del Consejo Directivo Provincial (CDP), Federico Giuliani, junto al secretario de Formaci\u00f3n, C\u00e9sar Theaux, y el integrante del Departamento de Higiene y Salud Laboral, Javier Bracamonte, estuvieron presentes en las oficinas del Registro Nacional de las Personas (Renaper), ubicado en la Estaci\u00f3n de [&hellip;]<\/p>\n","protected":false},"author":7,"featured_media":31125,"comment_status":"open","ping_status":"open","sticky":false,"template":"","format":"standard","meta":{"_exactmetrics_skip_tracking":false,"_exactmetrics_sitenote_active":false,"_exactmetrics_sitenote_note":"","_exactmetrics_sitenote_category":0,"jnews-multi-image_gallery":[],"jnews_single_post":{"subtitle":"","format":"standard","video":"","gallery":"","source_name":"","source_url":"","via_name":"","via_url":"","override":[{"template":"1","single_blog_custom":"","parallax":"1","fullscreen":"1","layout":"right-sidebar","sidebar":"default-sidebar","second_sidebar":"default-sidebar","sticky_sidebar":"1","share_position":"top","share_float_style":"share-monocrhome","show_share_counter":"1","show_view_counter":"1","show_featured":"1","show_post_meta":"1","show_post_author":"1","show_post_author_image":"1","show_post_date":"1","post_date_format":"default","post_date_format_custom":"Y\/m\/d","show_post_category":"1","post_reading_time_wpm":"300","zoom_button_out_step":"2","zoom_button_in_step":"3","show_post_tag":"1","show_prev_next_post":"1","show_popup_post":"1","number_popup_post":"1"}],"image_override":[{"single_post_thumbnail_size":"crop-500","single_post_gallery_size":"crop-500"}],"trending_post_position":"meta","trending_post_label":"Trending","sponsored_post_label":"Sponsored by","sponsored_post_name":"","sponsored_post_url":"","sponsored_post_logo":"","sponsored_post_desc":""},"jnews_primary_category":{"id":""},"jnews_social_meta":[],"jnews_review":[],"enable_review":"","type":"","name":"","summary":"","brand":"","sku":"","good":[],"bad":[],"score_override":"","override_value":"","rating":[],"price":[],"jnews_override_counter":[],"jnews_post_split":[],"footnotes":""},"categories":[341,18],"tags":[1062],"class_list":["post-31124","post","type-post","status-publish","format-standard","has-post-thumbnail","hentry","category-cdp","category-nacionales","tag-renaper"],"jetpack_featured_media_url":"https:\/\/atecordoba.org\/wp-content\/uploads\/2022\/03\/IMG-20220330-WA0073-e1648656126896.jpg","_links":{"self":[{"href":"https:\/\/atecordoba.org\/index.php?rest_route=\/wp\/v2\/posts\/31124","targetHints":{"allow":["GET"]}}],"collection":[{"href":"https:\/\/atecordoba.org\/index.php?rest_route=\/wp\/v2\/posts"}],"about":[{"href":"https:\/\/atecordoba.org\/index.php?rest_route=\/wp\/v2\/types\/post"}],"author":[{"embeddable":true,"href":"https:\/\/atecordoba.org\/index.php?rest_route=\/wp\/v2\/users\/7"}],"replies":[{"embeddable":true,"href":"https:\/\/atecordoba.org\/index.php?rest_route=%2Fwp%2Fv2%2Fcomments&post=31124"}],"version-history":[{"count":2,"href":"https:\/\/atecordoba.org\/index.php?rest_route=\/wp\/v2\/posts\/31124\/revisions"}],"predecessor-version":[{"id":31131,"href":"https:\/\/atecordoba.org\/index.php?rest_route=\/wp\/v2\/posts\/31124\/revisions\/31131"}],"wp:featuredmedia":[{"embeddable":true,"href":"https:\/\/atecordoba.org\/index.php?rest_route=\/wp\/v2\/media\/31125"}],"wp:attachment":[{"href":"https:\/\/atecordoba.org\/index.php?rest_route=%2Fwp%2Fv2%2Fmedia&parent=31124"}],"wp:term":[{"taxonomy":"category","embeddable":true,"href":"https:\/\/atecordoba.org\/index.php?rest_route=%2Fwp%2Fv2%2Fcategories&post=31124"},{"taxonomy":"post_tag","embeddable":true,"href":"https:\/\/atecordoba.org\/index.php?rest_route=%2Fwp%2Fv2%2Ftags&post=31124"}],"curies":[{"name":"wp","href":"https:\/\/api.w.org\/{rel}","templated":true}]}}