{"id":31096,"date":"2022-03-30T11:15:02","date_gmt":"2022-03-30T14:15:02","guid":{"rendered":"https:\/\/atecordoba.org\/?p=31096"},"modified":"2022-03-30T11:35:04","modified_gmt":"2022-03-30T14:35:04","slug":"mes-de-la-memoria-ex-presas-politicas-presentaron-en-ate-rio-cuarto-el-libro-de-las-nosotras-en-libertad","status":"publish","type":"post","link":"https:\/\/atecordoba.org\/?p=31096","title":{"rendered":"Mes de la Memoria: ex presas pol\u00edticas presentaron en ATE R\u00edo Cuarto el libro de las &#8220;Nosotras en libertad&#8221;"},"content":{"rendered":"\n<div class=\"wp-block-image\"><figure class=\"aligncenter size-large is-resized\"><img loading=\"lazy\" decoding=\"async\" src=\"https:\/\/atecordoba.org\/wp-content\/uploads\/2022\/03\/index-1024x768.jpg\" alt=\"\" class=\"wp-image-31101\" width=\"768\" height=\"576\" srcset=\"https:\/\/atecordoba.org\/wp-content\/uploads\/2022\/03\/index-1024x768.jpg 1024w, https:\/\/atecordoba.org\/wp-content\/uploads\/2022\/03\/index-300x225.jpg 300w, https:\/\/atecordoba.org\/wp-content\/uploads\/2022\/03\/index-768x576.jpg 768w, https:\/\/atecordoba.org\/wp-content\/uploads\/2022\/03\/index-750x563.jpg 750w, https:\/\/atecordoba.org\/wp-content\/uploads\/2022\/03\/index.jpg 1080w\" sizes=\"auto, (max-width: 768px) 100vw, 768px\" \/><\/figure><\/div>\n\n\n\n<p>Ayer por la noche se realiz\u00f3 en la sede de ATE R\u00edo Cuarto la presentaci\u00f3n del libro &#8220;Nosotras en Libertad&#8221; que recoge el testimonio de presas pol\u00edticas que sufrieron la c\u00e1rcel durante la dictadura en el marco del plan represivo que aplic\u00f3 el Terrorismo de Estado en Argentina.<\/p>\n\n\n\n<p>La actividad cont\u00f3 con al presencia de ex presas Norma San Nicol\u00e1s, Olga Garc\u00eda, Estela Leal, entre otras, y fue organizada por el Departamento de Culturas del Consejo Directivo Provincial, en articulaci\u00f3n con el Departamento de Cultura de la seccional y el Departamento de DDHH de la seccional.<\/p>\n\n\n\n<p>En la ocasi\u00f3n, la secretaria General Rafaela Alcoba y el coordinador del Departamento de DDHH, Walter Avalos, descubrieron una placa conmemorativa en homenaje a las y los 30 mil desaparecidos.<\/p>\n\n\n\n<p>Estuvieron presentes la secretaria de Prensa del Consejo Directivo Provincial, Julia Giuliani, y la directora del Departamento de G\u00e9neros y Diversidades, Gabriela Alcoba. Tambi\u00e9n hubo un hermoso espect\u00e1culo de danza a cargo de Claudia Bulhoes.<\/p>\n\n\n\n<div class=\"wp-block-image\"><figure class=\"aligncenter size-large is-resized\"><img loading=\"lazy\" decoding=\"async\" src=\"https:\/\/atecordoba.org\/wp-content\/uploads\/2022\/03\/IMG-20220329-WA0219-1024x682.jpg\" alt=\"\" class=\"wp-image-31104\" width=\"768\" height=\"512\" \/><\/figure><\/div>\n\n\n\n<p>Se trat\u00f3 de una jornada cargada de m\u00edstica y alegr\u00eda, un canto a la vida a donde asistieron ex presas y presos pol\u00edticos de la ciudad de R\u00edo Cuarto como Juan Carlos &#8216;Pip\u00f3n&#8217; Giuliani, Juan Muzzol\u00f3n, Silvia Di Cola (que aport\u00f3 su testimonio al libro), Rosana Mughetti, entre otras.<\/p>\n\n\n\n<p>Por otro lado se agradeci\u00f3 la presencia de la militancia y de la subsecretaria de DDHH de la Municipalidad de R\u00edo Cuarto Daniela Miranda, que estuvo participando del acto junto a referentes de organismos de DDHH como La Huella.<\/p>\n\n\n\n<p>&#8220;Este libro es tambi\u00e9n una trinchera de resistencia&#8221;, describieron las ex presas.<\/p>\n\n\n\n<figure class=\"wp-block-gallery columns-3 is-cropped wp-block-gallery-1 is-layout-flex wp-block-gallery-is-layout-flex\"><ul class=\"blocks-gallery-grid\"><li class=\"blocks-gallery-item\"><figure><a href=\"https:\/\/atecordoba.org\/wp-content\/uploads\/2022\/03\/IMG-20220329-WA0224.jpg\"><img loading=\"lazy\" decoding=\"async\" width=\"1024\" height=\"682\" src=\"https:\/\/atecordoba.org\/wp-content\/uploads\/2022\/03\/IMG-20220329-WA0224-1024x682.jpg\" alt=\"\" data-id=\"31108\" data-full-url=\"https:\/\/atecordoba.org\/wp-content\/uploads\/2022\/03\/IMG-20220329-WA0224.jpg\" data-link=\"https:\/\/atecordoba.org\/?attachment_id=31108\" class=\"wp-image-31108\" srcset=\"https:\/\/atecordoba.org\/wp-content\/uploads\/2022\/03\/IMG-20220329-WA0224-1024x682.jpg 1024w, https:\/\/atecordoba.org\/wp-content\/uploads\/2022\/03\/IMG-20220329-WA0224-300x200.jpg 300w, https:\/\/atecordoba.org\/wp-content\/uploads\/2022\/03\/IMG-20220329-WA0224-768x512.jpg 768w, https:\/\/atecordoba.org\/wp-content\/uploads\/2022\/03\/IMG-20220329-WA0224-750x500.jpg 750w, https:\/\/atecordoba.org\/wp-content\/uploads\/2022\/03\/IMG-20220329-WA0224-1140x760.jpg 1140w, https:\/\/atecordoba.org\/wp-content\/uploads\/2022\/03\/IMG-20220329-WA0224.jpg 1280w\" sizes=\"auto, (max-width: 1024px) 100vw, 1024px\" \/><\/a><\/figure><\/li><li class=\"blocks-gallery-item\"><figure><a href=\"https:\/\/atecordoba.org\/wp-content\/uploads\/2022\/03\/IMG-20220329-WA0222.jpg\"><img loading=\"lazy\" decoding=\"async\" width=\"1024\" height=\"702\" src=\"https:\/\/atecordoba.org\/wp-content\/uploads\/2022\/03\/IMG-20220329-WA0222-1024x702.jpg\" alt=\"\" data-id=\"31110\" data-full-url=\"https:\/\/atecordoba.org\/wp-content\/uploads\/2022\/03\/IMG-20220329-WA0222.jpg\" data-link=\"https:\/\/atecordoba.org\/?attachment_id=31110\" class=\"wp-image-31110\" srcset=\"https:\/\/atecordoba.org\/wp-content\/uploads\/2022\/03\/IMG-20220329-WA0222-1024x702.jpg 1024w, https:\/\/atecordoba.org\/wp-content\/uploads\/2022\/03\/IMG-20220329-WA0222-300x206.jpg 300w, https:\/\/atecordoba.org\/wp-content\/uploads\/2022\/03\/IMG-20220329-WA0222-768x526.jpg 768w, https:\/\/atecordoba.org\/wp-content\/uploads\/2022\/03\/IMG-20220329-WA0222-750x514.jpg 750w, https:\/\/atecordoba.org\/wp-content\/uploads\/2022\/03\/IMG-20220329-WA0222-1140x781.jpg 1140w, https:\/\/atecordoba.org\/wp-content\/uploads\/2022\/03\/IMG-20220329-WA0222.jpg 1280w\" sizes=\"auto, (max-width: 1024px) 100vw, 1024px\" \/><\/a><\/figure><\/li><li class=\"blocks-gallery-item\"><figure><a href=\"https:\/\/atecordoba.org\/wp-content\/uploads\/2022\/03\/IMG-20220329-WA0223.jpg\"><img loading=\"lazy\" decoding=\"async\" width=\"1024\" height=\"664\" src=\"https:\/\/atecordoba.org\/wp-content\/uploads\/2022\/03\/IMG-20220329-WA0223-1024x664.jpg\" alt=\"\" data-id=\"31111\" data-full-url=\"https:\/\/atecordoba.org\/wp-content\/uploads\/2022\/03\/IMG-20220329-WA0223.jpg\" data-link=\"https:\/\/atecordoba.org\/?attachment_id=31111\" class=\"wp-image-31111\" srcset=\"https:\/\/atecordoba.org\/wp-content\/uploads\/2022\/03\/IMG-20220329-WA0223-1024x664.jpg 1024w, https:\/\/atecordoba.org\/wp-content\/uploads\/2022\/03\/IMG-20220329-WA0223-300x195.jpg 300w, https:\/\/atecordoba.org\/wp-content\/uploads\/2022\/03\/IMG-20220329-WA0223-768x498.jpg 768w, https:\/\/atecordoba.org\/wp-content\/uploads\/2022\/03\/IMG-20220329-WA0223-750x486.jpg 750w, https:\/\/atecordoba.org\/wp-content\/uploads\/2022\/03\/IMG-20220329-WA0223-1140x739.jpg 1140w, https:\/\/atecordoba.org\/wp-content\/uploads\/2022\/03\/IMG-20220329-WA0223.jpg 1280w\" sizes=\"auto, (max-width: 1024px) 100vw, 1024px\" \/><\/a><\/figure><\/li><\/ul><\/figure>\n\n\n\n<p><\/p>\n","protected":false},"excerpt":{"rendered":"<p>Ayer por la noche se realiz\u00f3 en la sede de ATE R\u00edo Cuarto la presentaci\u00f3n del libro &#8220;Nosotras en Libertad&#8221; que recoge el testimonio de presas pol\u00edticas que sufrieron la c\u00e1rcel durante la dictadura en el marco del plan represivo que aplic\u00f3 el Terrorismo de Estado en Argentina. La actividad cont\u00f3 con al presencia de [&hellip;]<\/p>\n","protected":false},"author":7,"featured_media":31104,"comment_status":"open","ping_status":"open","sticky":false,"template":"","format":"standard","meta":{"_exactmetrics_skip_tracking":false,"_exactmetrics_sitenote_active":false,"_exactmetrics_sitenote_note":"","_exactmetrics_sitenote_category":0,"jnews-multi-image_gallery":[],"jnews_single_post":{"subtitle":"Se trat\u00f3 de una jornada cargada de m\u00edstica y alegr\u00eda, un canto a la vida a donde asistieron ex presas y presos pol\u00edticos de la ciudad de R\u00edo Cuarto como Juan Carlos 'Pip\u00f3n' Giuliani, Juan Muzzol\u00f3n, Silvia Di Cola, Rosana Mughetti, entre otras.","format":"standard","video":"","gallery":"","source_name":"","source_url":"","via_name":"","via_url":"","override":[{"template":"1","single_blog_custom":"","parallax":"1","fullscreen":"1","layout":"right-sidebar","sidebar":"default-sidebar","second_sidebar":"default-sidebar","sticky_sidebar":"1","share_position":"top","share_float_style":"share-monocrhome","show_share_counter":"1","show_view_counter":"1","show_featured":"1","show_post_meta":"1","show_post_author":"1","show_post_author_image":"1","show_post_date":"1","post_date_format":"default","post_date_format_custom":"Y\/m\/d","show_post_category":"1","post_reading_time_wpm":"300","zoom_button_out_step":"2","zoom_button_in_step":"3","show_post_tag":"1","show_prev_next_post":"1","show_popup_post":"1","number_popup_post":"1"}],"image_override":[{"single_post_thumbnail_size":"crop-500","single_post_gallery_size":"crop-500"}],"trending_post_position":"meta","trending_post_label":"Trending","sponsored_post_label":"Sponsored by","sponsored_post_name":"","sponsored_post_url":"","sponsored_post_logo":"","sponsored_post_desc":""},"jnews_primary_category":{"id":""},"jnews_social_meta":[],"jnews_review":[],"enable_review":"","type":"","name":"","summary":"","brand":"","sku":"","good":[],"bad":[],"score_override":"","override_value":"","rating":[],"price":[],"jnews_override_counter":[],"jnews_post_split":[],"footnotes":""},"categories":[122,12,1],"tags":[1061],"class_list":["post-31096","post","type-post","status-publish","format-standard","has-post-thumbnail","hentry","category-ddhh","category-rio-cuarto","category-sin-categoria","tag-ex-presas-politicas"],"jetpack_featured_media_url":"https:\/\/atecordoba.org\/wp-content\/uploads\/2022\/03\/IMG-20220329-WA0219-e1648649694636.jpg","_links":{"self":[{"href":"https:\/\/atecordoba.org\/index.php?rest_route=\/wp\/v2\/posts\/31096","targetHints":{"allow":["GET"]}}],"collection":[{"href":"https:\/\/atecordoba.org\/index.php?rest_route=\/wp\/v2\/posts"}],"about":[{"href":"https:\/\/atecordoba.org\/index.php?rest_route=\/wp\/v2\/types\/post"}],"author":[{"embeddable":true,"href":"https:\/\/atecordoba.org\/index.php?rest_route=\/wp\/v2\/users\/7"}],"replies":[{"embeddable":true,"href":"https:\/\/atecordoba.org\/index.php?rest_route=%2Fwp%2Fv2%2Fcomments&post=31096"}],"version-history":[{"count":7,"href":"https:\/\/atecordoba.org\/index.php?rest_route=\/wp\/v2\/posts\/31096\/revisions"}],"predecessor-version":[{"id":31123,"href":"https:\/\/atecordoba.org\/index.php?rest_route=\/wp\/v2\/posts\/31096\/revisions\/31123"}],"wp:featuredmedia":[{"embeddable":true,"href":"https:\/\/atecordoba.org\/index.php?rest_route=\/wp\/v2\/media\/31104"}],"wp:attachment":[{"href":"https:\/\/atecordoba.org\/index.php?rest_route=%2Fwp%2Fv2%2Fmedia&parent=31096"}],"wp:term":[{"taxonomy":"category","embeddable":true,"href":"https:\/\/atecordoba.org\/index.php?rest_route=%2Fwp%2Fv2%2Fcategories&post=31096"},{"taxonomy":"post_tag","embeddable":true,"href":"https:\/\/atecordoba.org\/index.php?rest_route=%2Fwp%2Fv2%2Ftags&post=31096"}],"curies":[{"name":"wp","href":"https:\/\/api.w.org\/{rel}","templated":true}]}}