{"id":31064,"date":"2022-03-29T14:13:25","date_gmt":"2022-03-29T17:13:25","guid":{"rendered":"https:\/\/atecordoba.org\/?p=31064"},"modified":"2022-03-29T14:14:31","modified_gmt":"2022-03-29T17:14:31","slug":"incremento-salarial-en-alpa-corral-y-pase-a-planta-permanente","status":"publish","type":"post","link":"https:\/\/atecordoba.org\/?p=31064","title":{"rendered":"Incremento salarial en Alpa Corral y pase a planta permanente"},"content":{"rendered":"\n<p><\/p>\n\n\n\n<div class=\"wp-block-image\"><figure class=\"aligncenter size-large\"><img decoding=\"async\" src=\"https:\/\/atecordoba.org\/wp-content\/uploads\/2022\/03\/alpha-corral.jpg\" alt=\"\" class=\"wp-image-31065\" \/><\/figure><\/div>\n\n\n\n<p>Esta ma\u00f1ana se llev\u00f3 a cabo una reuni\u00f3n entre ATE y la Municipalidad de Alpa Corral con el fin de concretar la paritaria de las y los trabajadores municipales de la localidad del sur provincial.<\/p>\n\n\n\n<p>En representaci\u00f3n de la seccional ATE R\u00edo Cuarto estuvo el secretario Gremial Pablo Irusta, junto al delegado del sector, Gerardo Alfonso. En tanto, por la comuna estuvo la Intendenta Nelida Ortiz y Directora de Recursos Humanos, Vanina Gonz\u00e1les.<\/p>\n\n\n\n<p>Adem\u00e1s del planteo salarial, que busca equiparar la inflaci\u00f3n con una recomposici\u00f3n de haberes, ATE solicit\u00f3 lo actuado en referencia del acta del 03 de noviembre de 2021, en relaci\u00f3n a las recategorizaciones y pase a planta.<\/p>\n\n\n\n<p>Como resultado de la audiencia, se acord\u00f3 aumento de un 13% con los sueldos de marzo, m\u00e1s un 12% en julio y un 9% en los de octubre pr\u00f3ximo.<\/p>\n\n\n\n<p>En cuanto a las recategorizaciones se encuentran en instancia evaluativa y se espera una respuesta para el mes de octubre.<\/p>\n\n\n\n<p>Por otro lado, ATE logr\u00f3 que los compa\u00f1eros Acosta Facundo Tomas, Olivetti Cristian y L\u00f3pez Dami\u00e1n, pasen a planta permanente a partir del 01 de abril de 2022.<\/p>\n\n\n\n<p>Las partes acordaron que se reunir\u00e1n de nuevo en la segunda mitad del a\u00f1o para una nueva instancia paritaria y re categorizaciones.<\/p>\n","protected":false},"excerpt":{"rendered":"<p>Esta ma\u00f1ana se llev\u00f3 a cabo una reuni\u00f3n entre ATE y la Municipalidad de Alpa Corral con el fin de concretar la paritaria de las y los trabajadores municipales de la localidad del sur provincial. En representaci\u00f3n de la seccional ATE R\u00edo Cuarto estuvo el secretario Gremial Pablo Irusta, junto al delegado del sector, Gerardo [&hellip;]<\/p>\n","protected":false},"author":7,"featured_media":31065,"comment_status":"open","ping_status":"open","sticky":false,"template":"","format":"standard","meta":{"_exactmetrics_skip_tracking":false,"_exactmetrics_sitenote_active":false,"_exactmetrics_sitenote_note":"","_exactmetrics_sitenote_category":0,"jnews-multi-image_gallery":[],"jnews_single_post":{"subtitle":"En la audiencia las partes acordaron una nueva reuni\u00f3n en la segunda parte del a\u00f1o para abordar la evoluci\u00f3n de los salarios. ","format":"standard","video":"","gallery":"","source_name":"","source_url":"","via_name":"","via_url":"","override":[{"template":"1","single_blog_custom":"","parallax":"1","fullscreen":"1","layout":"right-sidebar","sidebar":"default-sidebar","second_sidebar":"default-sidebar","sticky_sidebar":"1","share_position":"top","share_float_style":"share-monocrhome","show_share_counter":"1","show_view_counter":"1","show_featured":"1","show_post_meta":"1","show_post_author":"1","show_post_author_image":"1","show_post_date":"1","post_date_format":"default","post_date_format_custom":"Y\/m\/d","show_post_category":"1","post_reading_time_wpm":"300","zoom_button_out_step":"2","zoom_button_in_step":"3","show_post_tag":"1","show_prev_next_post":"1","show_popup_post":"1","number_popup_post":"1"}],"image_override":[{"single_post_thumbnail_size":"crop-500","single_post_gallery_size":"crop-500"}],"trending_post_position":"meta","trending_post_label":"Trending","sponsored_post_label":"Sponsored by","sponsored_post_name":"","sponsored_post_url":"","sponsored_post_logo":"","sponsored_post_desc":""},"jnews_primary_category":{"id":""},"jnews_social_meta":[],"jnews_review":[],"enable_review":"","type":"","name":"","summary":"","brand":"","sku":"","good":[],"bad":[],"score_override":"","override_value":"","rating":[],"price":[],"jnews_override_counter":[],"jnews_post_split":[],"footnotes":""},"categories":[20,12],"tags":[800],"class_list":["post-31064","post","type-post","status-publish","format-standard","has-post-thumbnail","hentry","category-municipales","category-rio-cuarto","tag-alpa-corral"],"jetpack_featured_media_url":"https:\/\/atecordoba.org\/wp-content\/uploads\/2022\/03\/alpha-corral-e1648573995260.jpg","_links":{"self":[{"href":"https:\/\/atecordoba.org\/index.php?rest_route=\/wp\/v2\/posts\/31064","targetHints":{"allow":["GET"]}}],"collection":[{"href":"https:\/\/atecordoba.org\/index.php?rest_route=\/wp\/v2\/posts"}],"about":[{"href":"https:\/\/atecordoba.org\/index.php?rest_route=\/wp\/v2\/types\/post"}],"author":[{"embeddable":true,"href":"https:\/\/atecordoba.org\/index.php?rest_route=\/wp\/v2\/users\/7"}],"replies":[{"embeddable":true,"href":"https:\/\/atecordoba.org\/index.php?rest_route=%2Fwp%2Fv2%2Fcomments&post=31064"}],"version-history":[{"count":1,"href":"https:\/\/atecordoba.org\/index.php?rest_route=\/wp\/v2\/posts\/31064\/revisions"}],"predecessor-version":[{"id":31066,"href":"https:\/\/atecordoba.org\/index.php?rest_route=\/wp\/v2\/posts\/31064\/revisions\/31066"}],"wp:featuredmedia":[{"embeddable":true,"href":"https:\/\/atecordoba.org\/index.php?rest_route=\/wp\/v2\/media\/31065"}],"wp:attachment":[{"href":"https:\/\/atecordoba.org\/index.php?rest_route=%2Fwp%2Fv2%2Fmedia&parent=31064"}],"wp:term":[{"taxonomy":"category","embeddable":true,"href":"https:\/\/atecordoba.org\/index.php?rest_route=%2Fwp%2Fv2%2Fcategories&post=31064"},{"taxonomy":"post_tag","embeddable":true,"href":"https:\/\/atecordoba.org\/index.php?rest_route=%2Fwp%2Fv2%2Ftags&post=31064"}],"curies":[{"name":"wp","href":"https:\/\/api.w.org\/{rel}","templated":true}]}}