{"id":31057,"date":"2022-03-29T13:18:53","date_gmt":"2022-03-29T16:18:53","guid":{"rendered":"https:\/\/atecordoba.org\/?p=31057"},"modified":"2022-03-29T13:19:50","modified_gmt":"2022-03-29T16:19:50","slug":"mes-de-la-memoria-giuliani-estuvo-presente-en-la-senalizacion-del-cementerio-san-vicente-la-fosa-clandestina-mas-grande-de-la-provincia","status":"publish","type":"post","link":"https:\/\/atecordoba.org\/?p=31057","title":{"rendered":"Mes de la Memoria: Giuliani estuvo presente en la se\u00f1alizaci\u00f3n del Cementerio San Vicente, la fosa clandestina m\u00e1s grande de la provincia"},"content":{"rendered":"\n<div class=\"wp-block-image\"><figure class=\"aligncenter size-large is-resized\"><img loading=\"lazy\" decoding=\"async\" src=\"https:\/\/atecordoba.org\/wp-content\/uploads\/2022\/03\/29_03_San_Vicente2-1024x576.jpeg\" alt=\"\" class=\"wp-image-31058\" width=\"768\" height=\"432\" srcset=\"https:\/\/atecordoba.org\/wp-content\/uploads\/2022\/03\/29_03_San_Vicente2-1024x576.jpeg 1024w, https:\/\/atecordoba.org\/wp-content\/uploads\/2022\/03\/29_03_San_Vicente2-300x169.jpeg 300w, https:\/\/atecordoba.org\/wp-content\/uploads\/2022\/03\/29_03_San_Vicente2-768x432.jpeg 768w, https:\/\/atecordoba.org\/wp-content\/uploads\/2022\/03\/29_03_San_Vicente2-1536x864.jpeg 1536w, https:\/\/atecordoba.org\/wp-content\/uploads\/2022\/03\/29_03_San_Vicente2-750x422.jpeg 750w, https:\/\/atecordoba.org\/wp-content\/uploads\/2022\/03\/29_03_San_Vicente2-1140x641.jpeg 1140w, https:\/\/atecordoba.org\/wp-content\/uploads\/2022\/03\/29_03_San_Vicente2.jpeg 1600w\" sizes=\"auto, (max-width: 768px) 100vw, 768px\" \/><\/figure><\/div>\n\n\n\n<p>En la ma\u00f1ana de hoy se llev\u00f3 a cabo el acto de &#8220;Se\u00f1alizaci\u00f3n como sitio de Memoria&#8221; del Cementerio San Vicente donde se haya la fosa com\u00fan de v\u00b4citimas del terrorismo de Estado m\u00e1s grande de la provincia. <\/p>\n\n\n\n<div class=\"wp-block-image\"><figure class=\"alignright size-large is-resized\"><img loading=\"lazy\" decoding=\"async\" src=\"https:\/\/atecordoba.org\/wp-content\/uploads\/2022\/03\/29_03_San_Vicente4.jpeg\" alt=\"\" class=\"wp-image-31059\" width=\"360\" height=\"255\" \/><figcaption>Giuliani junto a Bracamonte y Chalup.<\/figcaption><\/figure><\/div>\n\n\n\n<p>Junto a dirigentes de organizaciones hermanas, diversas entidades de DDHH y funcionarios de distintos niveles, estuvo presente el secretario General de ATE C\u00f3rdoba, Federico Giuliani, para acompa\u00f1ar la actividad y dar testimonio de la importancia que tiene para nuestro sindicato el proceso de Memoria, Verdad y Justicia que se lleva adelante en Argentina. <\/p>\n\n\n\n<p>En la oportunidad, acompa\u00f1aron al dirigente los compa\u00f1eros Jorge Chalup, del Departamento de DDHH del Consejo Directivo Provincial, y Javier Bracamonte, del Departamento CyMAT.<\/p>\n\n\n\n<p>&#8220;Creemos en la importancia de que los sindicatos, en este caso ATE, trabajen procesos de memoria y aporten a la lucha para lograr Justicia sobre los autores materiales e intelectuales de la masacre que perpetr\u00f3 la dictadura c\u00edvico- militar en C\u00f3rdoba y a nivel nacional&#8221;, razon\u00f3 Giuliani.<\/p>\n\n\n\n<p>Y remarc\u00f3 que &#8220;son procesos que llevan muchos a\u00f1os y duran hasta hoy. Como venimos diciendo, en este contexto, reclamamos que se juzguen tambi\u00e9n las complicidades de los sectores civiles, econ\u00f3micos, eclesi\u00e1sticos, medi\u00e1ticos, que tuvieron protagonismo en los delitos de lesa humanidad que se afrontan en tribunales&#8221;. <\/p>\n\n\n\n<p>La actividad estuvo impulsada por la Direcci\u00f3n de DDHH de la Municipalidad de C\u00f3rdoba, junto a la Secretaria de DDHH de la naci\u00f3n, a trav\u00e9s de la Direcci\u00f3n Nacional de Sitios y Espacios de la Memoria y la Secretaria de DDHH de la Provincia, en articulaci\u00f3n con el Archivo Provincial de la Memoria, la Comisi\u00f3n Provincial de la Memoria y los espacios de la memoria La Perla y Campo de la Ribera. <\/p>\n\n\n\n<figure class=\"wp-block-gallery columns-2 is-cropped wp-block-gallery-1 is-layout-flex wp-block-gallery-is-layout-flex\"><ul class=\"blocks-gallery-grid\"><li class=\"blocks-gallery-item\"><figure><a href=\"https:\/\/atecordoba.org\/wp-content\/uploads\/2022\/03\/29_03_San_Vicente.jpeg\"><img loading=\"lazy\" decoding=\"async\" width=\"1024\" height=\"576\" src=\"https:\/\/atecordoba.org\/wp-content\/uploads\/2022\/03\/29_03_San_Vicente-1024x576.jpeg\" alt=\"\" data-id=\"31060\" data-full-url=\"https:\/\/atecordoba.org\/wp-content\/uploads\/2022\/03\/29_03_San_Vicente.jpeg\" data-link=\"https:\/\/atecordoba.org\/?attachment_id=31060\" class=\"wp-image-31060\" srcset=\"https:\/\/atecordoba.org\/wp-content\/uploads\/2022\/03\/29_03_San_Vicente-1024x576.jpeg 1024w, https:\/\/atecordoba.org\/wp-content\/uploads\/2022\/03\/29_03_San_Vicente-300x169.jpeg 300w, https:\/\/atecordoba.org\/wp-content\/uploads\/2022\/03\/29_03_San_Vicente-768x432.jpeg 768w, https:\/\/atecordoba.org\/wp-content\/uploads\/2022\/03\/29_03_San_Vicente-1536x864.jpeg 1536w, https:\/\/atecordoba.org\/wp-content\/uploads\/2022\/03\/29_03_San_Vicente-750x422.jpeg 750w, https:\/\/atecordoba.org\/wp-content\/uploads\/2022\/03\/29_03_San_Vicente-1140x641.jpeg 1140w, https:\/\/atecordoba.org\/wp-content\/uploads\/2022\/03\/29_03_San_Vicente.jpeg 1600w\" sizes=\"auto, (max-width: 1024px) 100vw, 1024px\" \/><\/a><\/figure><\/li><li class=\"blocks-gallery-item\"><figure><a href=\"https:\/\/atecordoba.org\/wp-content\/uploads\/2022\/03\/29_03_San_Vicente3.jpeg\"><img loading=\"lazy\" decoding=\"async\" width=\"1024\" height=\"576\" src=\"https:\/\/atecordoba.org\/wp-content\/uploads\/2022\/03\/29_03_San_Vicente3-1024x576.jpeg\" alt=\"\" data-id=\"31061\" data-full-url=\"https:\/\/atecordoba.org\/wp-content\/uploads\/2022\/03\/29_03_San_Vicente3.jpeg\" data-link=\"https:\/\/atecordoba.org\/?attachment_id=31061\" class=\"wp-image-31061\" srcset=\"https:\/\/atecordoba.org\/wp-content\/uploads\/2022\/03\/29_03_San_Vicente3-1024x576.jpeg 1024w, https:\/\/atecordoba.org\/wp-content\/uploads\/2022\/03\/29_03_San_Vicente3-300x169.jpeg 300w, https:\/\/atecordoba.org\/wp-content\/uploads\/2022\/03\/29_03_San_Vicente3-768x432.jpeg 768w, https:\/\/atecordoba.org\/wp-content\/uploads\/2022\/03\/29_03_San_Vicente3-1536x864.jpeg 1536w, https:\/\/atecordoba.org\/wp-content\/uploads\/2022\/03\/29_03_San_Vicente3-750x422.jpeg 750w, https:\/\/atecordoba.org\/wp-content\/uploads\/2022\/03\/29_03_San_Vicente3-1140x641.jpeg 1140w, https:\/\/atecordoba.org\/wp-content\/uploads\/2022\/03\/29_03_San_Vicente3.jpeg 1600w\" sizes=\"auto, (max-width: 1024px) 100vw, 1024px\" \/><\/a><\/figure><\/li><\/ul><\/figure>\n\n\n\n<p><\/p>\n","protected":false},"excerpt":{"rendered":"<p>En la ma\u00f1ana de hoy se llev\u00f3 a cabo el acto de &#8220;Se\u00f1alizaci\u00f3n como sitio de Memoria&#8221; del Cementerio San Vicente donde se haya la fosa com\u00fan de v\u00b4citimas del terrorismo de Estado m\u00e1s grande de la provincia. Junto a dirigentes de organizaciones hermanas, diversas entidades de DDHH y funcionarios de distintos niveles, estuvo presente [&hellip;]<\/p>\n","protected":false},"author":7,"featured_media":31059,"comment_status":"open","ping_status":"open","sticky":false,"template":"","format":"standard","meta":{"_exactmetrics_skip_tracking":false,"_exactmetrics_sitenote_active":false,"_exactmetrics_sitenote_note":"","_exactmetrics_sitenote_category":0,"jnews-multi-image_gallery":[],"jnews_single_post":{"subtitle":"\"Creemos en la importancia de que los sindicatos, en este caso ATE, trabajen procesos de memoria y aporten a la lucha para lograr Justicia\", dijo el secretario General de ATE C\u00f3rdoba.","format":"standard","video":"","gallery":"","source_name":"","source_url":"","via_name":"","via_url":"","override":[{"template":"1","single_blog_custom":"","parallax":"1","fullscreen":"1","layout":"right-sidebar","sidebar":"default-sidebar","second_sidebar":"default-sidebar","sticky_sidebar":"1","share_position":"top","share_float_style":"share-monocrhome","show_share_counter":"1","show_view_counter":"1","show_featured":"1","show_post_meta":"1","show_post_author":"1","show_post_author_image":"1","show_post_date":"1","post_date_format":"default","post_date_format_custom":"Y\/m\/d","show_post_category":"1","post_reading_time_wpm":"300","zoom_button_out_step":"2","zoom_button_in_step":"3","show_post_tag":"1","show_prev_next_post":"1","show_popup_post":"1","number_popup_post":"1"}],"image_override":[{"single_post_thumbnail_size":"crop-500","single_post_gallery_size":"crop-500"}],"trending_post_position":"meta","trending_post_label":"Trending","sponsored_post_label":"Sponsored by","sponsored_post_name":"","sponsored_post_url":"","sponsored_post_logo":"","sponsored_post_desc":""},"jnews_primary_category":{"id":""},"jnews_social_meta":[],"jnews_review":[],"enable_review":"","type":"","name":"","summary":"","brand":"","sku":"","good":[],"bad":[],"score_override":"","override_value":"","rating":[],"price":[],"jnews_override_counter":[],"jnews_post_split":[],"footnotes":""},"categories":[341,122],"tags":[1060],"class_list":["post-31057","post","type-post","status-publish","format-standard","has-post-thumbnail","hentry","category-cdp","category-ddhh","tag-cementerio-san-vicente"],"jetpack_featured_media_url":"https:\/\/atecordoba.org\/wp-content\/uploads\/2022\/03\/29_03_San_Vicente4-e1648570725687.jpeg","_links":{"self":[{"href":"https:\/\/atecordoba.org\/index.php?rest_route=\/wp\/v2\/posts\/31057","targetHints":{"allow":["GET"]}}],"collection":[{"href":"https:\/\/atecordoba.org\/index.php?rest_route=\/wp\/v2\/posts"}],"about":[{"href":"https:\/\/atecordoba.org\/index.php?rest_route=\/wp\/v2\/types\/post"}],"author":[{"embeddable":true,"href":"https:\/\/atecordoba.org\/index.php?rest_route=\/wp\/v2\/users\/7"}],"replies":[{"embeddable":true,"href":"https:\/\/atecordoba.org\/index.php?rest_route=%2Fwp%2Fv2%2Fcomments&post=31057"}],"version-history":[{"count":2,"href":"https:\/\/atecordoba.org\/index.php?rest_route=\/wp\/v2\/posts\/31057\/revisions"}],"predecessor-version":[{"id":31063,"href":"https:\/\/atecordoba.org\/index.php?rest_route=\/wp\/v2\/posts\/31057\/revisions\/31063"}],"wp:featuredmedia":[{"embeddable":true,"href":"https:\/\/atecordoba.org\/index.php?rest_route=\/wp\/v2\/media\/31059"}],"wp:attachment":[{"href":"https:\/\/atecordoba.org\/index.php?rest_route=%2Fwp%2Fv2%2Fmedia&parent=31057"}],"wp:term":[{"taxonomy":"category","embeddable":true,"href":"https:\/\/atecordoba.org\/index.php?rest_route=%2Fwp%2Fv2%2Fcategories&post=31057"},{"taxonomy":"post_tag","embeddable":true,"href":"https:\/\/atecordoba.org\/index.php?rest_route=%2Fwp%2Fv2%2Ftags&post=31057"}],"curies":[{"name":"wp","href":"https:\/\/api.w.org\/{rel}","templated":true}]}}