{"id":31054,"date":"2022-03-29T10:20:20","date_gmt":"2022-03-29T13:20:20","guid":{"rendered":"https:\/\/atecordoba.org\/?p=31054"},"modified":"2022-03-29T10:24:42","modified_gmt":"2022-03-29T13:24:42","slug":"la-senaf-elije-delegados-y-delegadas","status":"publish","type":"post","link":"https:\/\/atecordoba.org\/?p=31054","title":{"rendered":"La SENAF elije delegados y delegadas"},"content":{"rendered":"\n<div class=\"wp-block-image\"><figure class=\"aligncenter size-large\"><img decoding=\"async\" src=\"https:\/\/atecordoba.org\/wp-content\/uploads\/2022\/03\/senaf_flyer-eleccion.jpg\" alt=\"\" class=\"wp-image-31055\" \/><\/figure><\/div>\n\n\n\n<p>Ma\u00f1ana 30 de marzo se realizar\u00e1 en las dependencias de la Direcci\u00f3n de Protecci\u00f3n de Derechos, de la Secretar\u00eda de Ni\u00f1ez, Adolescencia y Familia (SENAF), la elecci\u00f3n de delegados y delegas de ATE con mandato para los pr\u00f3ximos dos a\u00f1os. <\/p>\n\n\n\n<p>Se trata de un organismo provincial con una fuerte historia de lucha. Se presentan a la elecci\u00f3n la compa\u00f1era Romina Espinosa y el compa\u00f1ero Humberto Cabral y la urna estar\u00e1 ubicada en las oficinas de av V\u00e9lez S\u00e1rsfield 771. <\/p>\n\n\n\n<p>El acto eleccionario se desarrollar\u00e1 entre las 8 y las 17 horas.<\/p>\n\n\n\n<p><\/p>\n","protected":false},"excerpt":{"rendered":"<p>Ma\u00f1ana 30 de marzo se realizar\u00e1 en las dependencias de la Direcci\u00f3n de Protecci\u00f3n de Derechos, de la Secretar\u00eda de Ni\u00f1ez, Adolescencia y Familia (SENAF), la elecci\u00f3n de delegados y delegas de ATE con mandato para los pr\u00f3ximos dos a\u00f1os. Se trata de un organismo provincial con una fuerte historia de lucha. Se presentan a [&hellip;]<\/p>\n","protected":false},"author":7,"featured_media":31055,"comment_status":"open","ping_status":"open","sticky":false,"template":"","format":"standard","meta":{"_exactmetrics_skip_tracking":false,"_exactmetrics_sitenote_active":false,"_exactmetrics_sitenote_note":"","_exactmetrics_sitenote_category":0,"jnews-multi-image_gallery":[],"jnews_single_post":{"subtitle":"La elecci\u00f3n se realiza ma\u00f1ana en las oficinas de av V\u00e9lez S\u00e1rsfield 771","format":"standard","video":"","gallery":"","source_name":"","source_url":"","via_name":"","via_url":"","override":[{"template":"1","single_blog_custom":"","parallax":"1","fullscreen":"1","layout":"right-sidebar","sidebar":"default-sidebar","second_sidebar":"default-sidebar","sticky_sidebar":"1","share_position":"top","share_float_style":"share-monocrhome","show_share_counter":"1","show_view_counter":"1","show_featured":"1","show_post_meta":"1","show_post_author":"1","show_post_author_image":"1","show_post_date":"1","post_date_format":"default","post_date_format_custom":"Y\/m\/d","show_post_category":"1","post_reading_time_wpm":"300","zoom_button_out_step":"2","zoom_button_in_step":"3","show_post_tag":"1","show_prev_next_post":"1","show_popup_post":"1","number_popup_post":"1"}],"image_override":[{"single_post_thumbnail_size":"crop-500","single_post_gallery_size":"crop-500"}],"trending_post_position":"meta","trending_post_label":"Trending","sponsored_post_label":"Sponsored by","sponsored_post_name":"","sponsored_post_url":"","sponsored_post_logo":"","sponsored_post_desc":""},"jnews_primary_category":{"id":""},"jnews_social_meta":[],"jnews_review":[],"enable_review":"","type":"","name":"","summary":"","brand":"","sku":"","good":[],"bad":[],"score_override":"","override_value":"","rating":[],"price":[],"jnews_override_counter":[],"jnews_post_split":[],"footnotes":""},"categories":[341,8],"tags":[457],"class_list":["post-31054","post","type-post","status-publish","format-standard","has-post-thumbnail","hentry","category-cdp","category-provinciales","tag-senaf"],"jetpack_featured_media_url":"https:\/\/atecordoba.org\/wp-content\/uploads\/2022\/03\/senaf_flyer-eleccion-e1648560001674.jpg","_links":{"self":[{"href":"https:\/\/atecordoba.org\/index.php?rest_route=\/wp\/v2\/posts\/31054","targetHints":{"allow":["GET"]}}],"collection":[{"href":"https:\/\/atecordoba.org\/index.php?rest_route=\/wp\/v2\/posts"}],"about":[{"href":"https:\/\/atecordoba.org\/index.php?rest_route=\/wp\/v2\/types\/post"}],"author":[{"embeddable":true,"href":"https:\/\/atecordoba.org\/index.php?rest_route=\/wp\/v2\/users\/7"}],"replies":[{"embeddable":true,"href":"https:\/\/atecordoba.org\/index.php?rest_route=%2Fwp%2Fv2%2Fcomments&post=31054"}],"version-history":[{"count":1,"href":"https:\/\/atecordoba.org\/index.php?rest_route=\/wp\/v2\/posts\/31054\/revisions"}],"predecessor-version":[{"id":31056,"href":"https:\/\/atecordoba.org\/index.php?rest_route=\/wp\/v2\/posts\/31054\/revisions\/31056"}],"wp:featuredmedia":[{"embeddable":true,"href":"https:\/\/atecordoba.org\/index.php?rest_route=\/wp\/v2\/media\/31055"}],"wp:attachment":[{"href":"https:\/\/atecordoba.org\/index.php?rest_route=%2Fwp%2Fv2%2Fmedia&parent=31054"}],"wp:term":[{"taxonomy":"category","embeddable":true,"href":"https:\/\/atecordoba.org\/index.php?rest_route=%2Fwp%2Fv2%2Fcategories&post=31054"},{"taxonomy":"post_tag","embeddable":true,"href":"https:\/\/atecordoba.org\/index.php?rest_route=%2Fwp%2Fv2%2Ftags&post=31054"}],"curies":[{"name":"wp","href":"https:\/\/api.w.org\/{rel}","templated":true}]}}