{"id":31048,"date":"2022-03-28T14:28:46","date_gmt":"2022-03-28T17:28:46","guid":{"rendered":"https:\/\/atecordoba.org\/?p=31048"},"modified":"2022-03-28T14:36:04","modified_gmt":"2022-03-28T17:36:04","slug":"ate-rio-cuarto-se-reunion-con-el-concejo-deliberante-para-apoyar-la-obra-de-teatro-transmutando","status":"publish","type":"post","link":"https:\/\/atecordoba.org\/?p=31048","title":{"rendered":"ATE R\u00edo Cuarto se reuni\u00f3 con el presidente del Concejo Deliberante para apoyar la obra de teatro Transmutando"},"content":{"rendered":"\n<div class=\"wp-block-image\"><figure class=\"alignleft size-large is-resized\"><img loading=\"lazy\" decoding=\"async\" src=\"https:\/\/atecordoba.org\/wp-content\/uploads\/2022\/03\/FB_IMG_1648479002074-1024x768.jpg\" alt=\"\" class=\"wp-image-31049\" width=\"512\" height=\"384\" srcset=\"https:\/\/atecordoba.org\/wp-content\/uploads\/2022\/03\/FB_IMG_1648479002074-1024x768.jpg 1024w, https:\/\/atecordoba.org\/wp-content\/uploads\/2022\/03\/FB_IMG_1648479002074-300x225.jpg 300w, https:\/\/atecordoba.org\/wp-content\/uploads\/2022\/03\/FB_IMG_1648479002074-768x576.jpg 768w, https:\/\/atecordoba.org\/wp-content\/uploads\/2022\/03\/FB_IMG_1648479002074-750x563.jpg 750w, https:\/\/atecordoba.org\/wp-content\/uploads\/2022\/03\/FB_IMG_1648479002074.jpg 1080w\" sizes=\"auto, (max-width: 512px) 100vw, 512px\" \/><\/figure><\/div>\n\n\n\n<p>Hoy por la ma\u00f1ana la secretar\u00eda General de ATE R\u00edo Cuarto, Rafaela Alcoba, junto al director del Departamento de Discapacidad del Consejo Directivo Provincial (CDP), Franco Orsato, se hicieron presentes ante el Concejo Deliberante, mantuvieron una reuni\u00f3n con el presidente del cuerpo, Dar\u00edo Fuentes, con la intenci\u00f3n de solicitar que la obra \u201cTransmutando&#8221;, del Grupo teatral Danzando-ando, de la ciudad de C\u00f3rdoba, cuya autor\u00eda y direcci\u00f3n General corresponde a Mar\u00eda Laura Cisneros, sea considerada de car\u00e1cter \u201cInter\u00e9s Cultural\u201d.<\/p>\n\n\n\n<p>El estreno de la obra tendr\u00e1 lugar en R\u00edo Cuarto el 23 de abril, a las 20 horas, en el Centro Cultural Viejo Mercado.<\/p>\n\n\n\n<p>Se solicit\u00f3 el auspicio de esta actividad por parte del Honorable Concejo Deliberante, con aportes que permitan costear el costo de apertura del Viejo Mercado, entendiendo que es una actividad sin fines de lucro abierta a todo p\u00fablico, que requiere del traslado desde C\u00f3rdoba de casi 20 personas que forman parte del elenco y el staff de la obra.<\/p>\n\n\n\n<p>La puesta en escena est\u00e1 a cargo de Florencia G\u00f3mez, la direcci\u00f3n coreogr\u00e1fica de Florencia Zu\u00f1iga, y la direcci\u00f3n de vestuario de Silvia Moreno.<\/p>\n\n\n\n<p>En la ocasi\u00f3n participar\u00e1n como artistas invitados Jorge \u201cNegro&#8221; Valdivia, Ver\u00f3nica Oron\u00e1, Yanina Arias, Fran Salido y Pablo Aventuroso.\u201d<\/p>\n\n\n\n<p><strong>Fundamentaci\u00f3n de la obra<\/strong><\/p>\n\n\n\n<p>\u201cDesde una propuesta est\u00e9tica de teatro-danza en la diversidad, la obra permite visibilizar el danzar sin l\u00edmites, como instrumento para la superaci\u00f3n colectiva e individual de las dificultades\u201d, promueve la obra.<\/p>\n\n\n\n<p>\u201cEsta propuesta que nos interpela, est\u00e1 inspirada en una historia de vida atravesada por el dolor y elevada por la esperanza. En su transcurso se vivencia el tr\u00e1nsito desde los momentos l\u00edmites de la angustia y el dolor, a la tranquilidad y la paz interior\u201d, anticipa la puesta que podr\u00e1 verse en el Viejo Mercado.<\/p>\n","protected":false},"excerpt":{"rendered":"<p>Hoy por la ma\u00f1ana la secretar\u00eda General de ATE R\u00edo Cuarto, Rafaela Alcoba, junto al director del Departamento de Discapacidad del Consejo Directivo Provincial (CDP), Franco Orsato, se hicieron presentes ante el Concejo Deliberante, mantuvieron una reuni\u00f3n con el presidente del cuerpo, Dar\u00edo Fuentes, con la intenci\u00f3n de solicitar que la obra \u201cTransmutando&#8221;, del Grupo [&hellip;]<\/p>\n","protected":false},"author":7,"featured_media":31050,"comment_status":"open","ping_status":"open","sticky":false,"template":"","format":"standard","meta":{"_exactmetrics_skip_tracking":false,"_exactmetrics_sitenote_active":false,"_exactmetrics_sitenote_note":"","_exactmetrics_sitenote_category":0,"jnews-multi-image_gallery":[],"jnews_single_post":{"subtitle":"La puesta se llevar\u00e1 a cabo el 23 de abril en el Centro Cultural Viejo Mercado.","format":"standard","video":"","gallery":"","source_name":"","source_url":"","via_name":"","via_url":"","override":[{"template":"1","single_blog_custom":"","parallax":"1","fullscreen":"1","layout":"right-sidebar","sidebar":"default-sidebar","second_sidebar":"default-sidebar","sticky_sidebar":"1","share_position":"top","share_float_style":"share-monocrhome","show_share_counter":"1","show_view_counter":"1","show_featured":"1","show_post_meta":"1","show_post_author":"1","show_post_author_image":"1","show_post_date":"1","post_date_format":"default","post_date_format_custom":"Y\/m\/d","show_post_category":"1","post_reading_time_wpm":"300","zoom_button_out_step":"2","zoom_button_in_step":"3","show_post_tag":"1","show_prev_next_post":"1","show_popup_post":"1","number_popup_post":"1"}],"image_override":[{"single_post_thumbnail_size":"crop-500","single_post_gallery_size":"crop-500"}],"trending_post_position":"meta","trending_post_label":"Trending","sponsored_post_label":"Sponsored by","sponsored_post_name":"","sponsored_post_url":"","sponsored_post_logo":"","sponsored_post_desc":""},"jnews_primary_category":{"id":""},"jnews_social_meta":[],"jnews_review":[],"enable_review":"","type":"","name":"","summary":"","brand":"","sku":"","good":[],"bad":[],"score_override":"","override_value":"","rating":[],"price":[],"jnews_override_counter":[],"jnews_post_split":[],"footnotes":""},"categories":[972,12],"tags":[708],"class_list":["post-31048","post","type-post","status-publish","format-standard","has-post-thumbnail","hentry","category-culturas","category-rio-cuarto","tag-obra-teatro"],"jetpack_featured_media_url":"https:\/\/atecordoba.org\/wp-content\/uploads\/2022\/03\/FB_IMG_1648479008173-e1648488467734.jpg","_links":{"self":[{"href":"https:\/\/atecordoba.org\/index.php?rest_route=\/wp\/v2\/posts\/31048","targetHints":{"allow":["GET"]}}],"collection":[{"href":"https:\/\/atecordoba.org\/index.php?rest_route=\/wp\/v2\/posts"}],"about":[{"href":"https:\/\/atecordoba.org\/index.php?rest_route=\/wp\/v2\/types\/post"}],"author":[{"embeddable":true,"href":"https:\/\/atecordoba.org\/index.php?rest_route=\/wp\/v2\/users\/7"}],"replies":[{"embeddable":true,"href":"https:\/\/atecordoba.org\/index.php?rest_route=%2Fwp%2Fv2%2Fcomments&post=31048"}],"version-history":[{"count":2,"href":"https:\/\/atecordoba.org\/index.php?rest_route=\/wp\/v2\/posts\/31048\/revisions"}],"predecessor-version":[{"id":31052,"href":"https:\/\/atecordoba.org\/index.php?rest_route=\/wp\/v2\/posts\/31048\/revisions\/31052"}],"wp:featuredmedia":[{"embeddable":true,"href":"https:\/\/atecordoba.org\/index.php?rest_route=\/wp\/v2\/media\/31050"}],"wp:attachment":[{"href":"https:\/\/atecordoba.org\/index.php?rest_route=%2Fwp%2Fv2%2Fmedia&parent=31048"}],"wp:term":[{"taxonomy":"category","embeddable":true,"href":"https:\/\/atecordoba.org\/index.php?rest_route=%2Fwp%2Fv2%2Fcategories&post=31048"},{"taxonomy":"post_tag","embeddable":true,"href":"https:\/\/atecordoba.org\/index.php?rest_route=%2Fwp%2Fv2%2Ftags&post=31048"}],"curies":[{"name":"wp","href":"https:\/\/api.w.org\/{rel}","templated":true}]}}