{"id":3103,"date":"2013-08-20T15:13:24","date_gmt":"2013-08-20T18:13:24","guid":{"rendered":"http:\/\/www.atecordoba.org\/?p=3103"},"modified":"2013-08-20T15:13:24","modified_gmt":"2013-08-20T18:13:24","slug":"pesar-por-el-fallecimiento-de-maria-elba-martinez","status":"publish","type":"post","link":"https:\/\/atecordoba.org\/?p=3103","title":{"rendered":"Pesar por el fallecimiento de Mar\u00eda Elba Mart\u00ednez"},"content":{"rendered":"<p><a href=\"http:\/\/www.atecordoba.org\/wp-content\/uploads\/2013\/08\/maria-elba-martinez2.jpg\"><img loading=\"lazy\" decoding=\"async\" class=\"size-full wp-image-3104 aligncenter\" alt=\"maria elba martinez2\" src=\"http:\/\/www.atecordoba.org\/wp-content\/uploads\/2013\/08\/maria-elba-martinez2.jpg\" width=\"574\" height=\"332\" \/><\/a><\/p>\n<p>&nbsp;<\/p>\n<p>El Consejo Directivo Provincial de C\u00f3rdoba de la Asociaci\u00f3n Trabajadores del Estado lamenta el fallecimiento de la doctora Mar\u00eda Elba Mart\u00ednez, luchadora y militante del campo popular, defensora irrestricta de los derechos humanos.<\/p>\n<p>Compa\u00f1era fundamental durante 40 a\u00f1os en recuperar la justicia para el pueblo, denunci\u00f3 y combati\u00f3 con las armas de la democracia la impunidad de la \u00faltima dictadura c\u00edvico-militar que asol\u00f3 nuestro pa\u00eds.<\/p>\n<p>Cumpli\u00f3 con su compromiso hasta su momento final, representado a las v\u00edctimas de la dictadura, ense\u00f1ando con la pr\u00e1ctica cotidiana que la justicia no es una palabra hueca, vetusta en los anaqueles de tribunales, sino un verbo que debe defenderse a costa de enfrentar a los poderosos.<\/p>\n<p>As\u00ed, fue puntal en la denuncia de las complicidades econ\u00f3micas y eclesiales en el genocidio. Pero, adem\u00e1s, asumi\u00f3 la lucha de los derechos humanos violentados durante la democracia, defendiendo a trabajadores, comunidades fumigadas y pueblos originarios.<\/p>\n<p>Siempre honesta, siempre frontal, hermosa mujer -tanto en su presencia como en su esp\u00edritu-, los trabajadores estatales rendimos homenaje a su memoria y esperamos que nuevas generaciones de abogados sepan levanta sus banderas.<\/p>\n<p>&nbsp;<\/p>\n<p align=\"right\">Mar\u00eda Teresa Romero<\/p>\n<p align=\"right\">Secretaria General<\/p>\n<p align=\"right\">ATE C\u00f3rdoba<\/p>\n<p>&nbsp;<\/p>\n","protected":false},"excerpt":{"rendered":"<p>&nbsp; El Consejo Directivo Provincial de C\u00f3rdoba de la Asociaci\u00f3n Trabajadores del Estado lamenta el fallecimiento de la doctora Mar\u00eda Elba Mart\u00ednez, luchadora y militante del campo popular, defensora irrestricta de los derechos humanos. Compa\u00f1era fundamental durante 40 a\u00f1os en recuperar la justicia para el pueblo, denunci\u00f3 y combati\u00f3 con las armas de la democracia [&hellip;]<\/p>\n","protected":false},"author":1,"featured_media":19220,"comment_status":"open","ping_status":"open","sticky":false,"template":"","format":"standard","meta":{"_exactmetrics_skip_tracking":false,"_exactmetrics_sitenote_active":false,"_exactmetrics_sitenote_note":"","_exactmetrics_sitenote_category":0,"jnews-multi-image_gallery":[],"jnews_single_post":[],"jnews_primary_category":[],"jnews_social_meta":[],"jnews_review":[],"enable_review":"","type":"","name":"","summary":"","brand":"","sku":"","good":[],"bad":[],"score_override":"","override_value":"","rating":[],"price":[],"jnews_override_counter":[],"jnews_post_split":[],"footnotes":""},"categories":[53],"tags":[],"class_list":["post-3103","post","type-post","status-publish","format-standard","has-post-thumbnail","hentry","category-comunicados-de-prensa"],"jetpack_featured_media_url":"https:\/\/atecordoba.org\/wp-content\/uploads\/2020\/05\/logo-nuevochico-e1561581322808.png","_links":{"self":[{"href":"https:\/\/atecordoba.org\/index.php?rest_route=\/wp\/v2\/posts\/3103","targetHints":{"allow":["GET"]}}],"collection":[{"href":"https:\/\/atecordoba.org\/index.php?rest_route=\/wp\/v2\/posts"}],"about":[{"href":"https:\/\/atecordoba.org\/index.php?rest_route=\/wp\/v2\/types\/post"}],"author":[{"embeddable":true,"href":"https:\/\/atecordoba.org\/index.php?rest_route=\/wp\/v2\/users\/1"}],"replies":[{"embeddable":true,"href":"https:\/\/atecordoba.org\/index.php?rest_route=%2Fwp%2Fv2%2Fcomments&post=3103"}],"version-history":[{"count":0,"href":"https:\/\/atecordoba.org\/index.php?rest_route=\/wp\/v2\/posts\/3103\/revisions"}],"wp:featuredmedia":[{"embeddable":true,"href":"https:\/\/atecordoba.org\/index.php?rest_route=\/wp\/v2\/media\/19220"}],"wp:attachment":[{"href":"https:\/\/atecordoba.org\/index.php?rest_route=%2Fwp%2Fv2%2Fmedia&parent=3103"}],"wp:term":[{"taxonomy":"category","embeddable":true,"href":"https:\/\/atecordoba.org\/index.php?rest_route=%2Fwp%2Fv2%2Fcategories&post=3103"},{"taxonomy":"post_tag","embeddable":true,"href":"https:\/\/atecordoba.org\/index.php?rest_route=%2Fwp%2Fv2%2Ftags&post=3103"}],"curies":[{"name":"wp","href":"https:\/\/api.w.org\/{rel}","templated":true}]}}