{"id":31020,"date":"2022-03-28T12:18:01","date_gmt":"2022-03-28T15:18:01","guid":{"rendered":"https:\/\/atecordoba.org\/?p=31020"},"modified":"2022-03-28T12:54:19","modified_gmt":"2022-03-28T15:54:19","slug":"rodolfo-walsh-tambien-presente-a-traves-del-teatro","status":"publish","type":"post","link":"https:\/\/atecordoba.org\/?p=31020","title":{"rendered":"Rodolfo Walsh tambi\u00e9n presente a trav\u00e9s del teatro"},"content":{"rendered":"\n<div class=\"wp-block-image\"><figure class=\"aligncenter size-large is-resized\"><img loading=\"lazy\" decoding=\"async\" src=\"https:\/\/atecordoba.org\/wp-content\/uploads\/2022\/03\/DSC5333-1024x683.jpg\" alt=\"\" class=\"wp-image-31023\" width=\"768\" height=\"512\" srcset=\"https:\/\/atecordoba.org\/wp-content\/uploads\/2022\/03\/DSC5333-1024x683.jpg 1024w, https:\/\/atecordoba.org\/wp-content\/uploads\/2022\/03\/DSC5333-300x200.jpg 300w, https:\/\/atecordoba.org\/wp-content\/uploads\/2022\/03\/DSC5333-768x512.jpg 768w, https:\/\/atecordoba.org\/wp-content\/uploads\/2022\/03\/DSC5333-1536x1024.jpg 1536w, https:\/\/atecordoba.org\/wp-content\/uploads\/2022\/03\/DSC5333-2048x1365.jpg 2048w, https:\/\/atecordoba.org\/wp-content\/uploads\/2022\/03\/DSC5333-750x500.jpg 750w, https:\/\/atecordoba.org\/wp-content\/uploads\/2022\/03\/DSC5333-1140x760.jpg 1140w\" sizes=\"auto, (max-width: 768px) 100vw, 768px\" \/><\/figure><\/div>\n\n\n\n<p>Con el apoyo de ATE C\u00f3rdoba, se estren\u00f3 el pasado viernes una obra de teatro que aborda el \u00faltimo tramo de la vida de Rodolfo Walsh, con la actuaci\u00f3n en formato de unipersonal del actor cordob\u00e9s Toto L\u00f3pez y la direcci\u00f3n y autor\u00eda dram\u00e1tica de Ricardo Bertone en la Sala Grote de barrio General bustos, en C\u00f3rdoba Capital. Por un convenio impulsado desde ATE Culturas, las afiliadas y afiliados a ATE C\u00f3rdoba tienen 2&#215;1 en entradas para ver la obra.<\/p>\n\n\n\n<p>Se trata de una puesta teatral aborda a Walsh, periodista, escritor y militante revolucionario montonero que fue asesinado el 25 de marzo de 1977, en formato de mon\u00f3logo, donde el personaje reflexiona sobre su propia muerte y el contexto de la dictadura que lo asesina en 1977.<\/p>\n\n\n\n<p>La figura de Walsh tuvo fuerte presencia este Mes de la Memoria debido a que se cumplieron 45 a\u00f1os de su asesinato a manos de una patota paramilitar de la ESMA, integrada entre otros por el el ex capitan Alfredo Astis, con m\u00faltiples condenas por delitos de lesa humanidad. <\/p>\n\n\n\n<div class=\"wp-block-image\"><figure class=\"alignright size-large is-resized\"><img loading=\"lazy\" decoding=\"async\" src=\"https:\/\/atecordoba.org\/wp-content\/uploads\/2022\/03\/IMG-20220323-WA0202-898x1024.jpg\" alt=\"\" class=\"wp-image-31024\" width=\"449\" height=\"512\"\/><\/figure><\/div>\n\n\n\n<p>La obra se titula <em>Zugzwang<\/em>, que&nbsp;significa \u2018obligaci\u00f3n de moverse\u2019, porque describe aquel momento en que Walsh est\u00e1 siendo cercado por la dictadura y al mismo tiempo, tras la muerte de su hija tambi\u00e9n a manos de la dictadura, ve que su propio destino est\u00e1 signado por ese final. \u201cVamos abordando una presencia trascendente que habla de c\u00f3mo fueron sus \u00faltimos momentos, de c\u00f3mo se despide de su mujer, c\u00f3mo fue el ataque, que entr\u00f3 muerto a la Esma, y los otros no se dieron cuenta. Decide trascender su propia muerte\u201d, explica Toto L\u00f3pez.<\/p>\n\n\n\n<p>Zugzwang es una situaci\u00f3n en la que un jugador de ajedrez tiene una desventaja porque es su turno de jugar, pero todos los movimientos disponibles son malos. Cualquier movimiento que el jugador que est\u00e1 en&nbsp;<em>zugzwang<\/em>&nbsp;tenga que jugar debilitar\u00e1 claramente su posici\u00f3n. La expresi\u00f3n interpreta para el autor y el actor aquellos \u00faltimos momentos de Walsh. <\/p>\n\n\n\n<p>La obra de Roberto Mart\u00ednez obtuvo una menci\u00f3n honor\u00edfica en el Premio Provincial de Dramaturgia de 2017, otorgado por la Agencia C\u00f3rdoba Cultura.<\/p>\n\n\n\n<p>La puesta ha sido encarada como un proyecto especial del grupo Los de la Vuelta, liderado por Toto L\u00f3pez, quien tom\u00f3 a su cargo las tareas de gesti\u00f3n y de producci\u00f3n.<\/p>\n\n\n\n<p>La obra de teatro estar\u00e1 exhibi\u00e9ndose todos los viernes y s\u00e1bados de  abril y mayo a las 21.30, en Casa Grote, Pedro Grote 1060.<\/p>\n\n\n\n<p><\/p>\n","protected":false},"excerpt":{"rendered":"<p>Con el apoyo de ATE C\u00f3rdoba, se estren\u00f3 el pasado viernes una obra de teatro que aborda el \u00faltimo tramo de la vida de Rodolfo Walsh, con la actuaci\u00f3n en formato de unipersonal del actor cordob\u00e9s Toto L\u00f3pez y la direcci\u00f3n y autor\u00eda dram\u00e1tica de Ricardo Bertone en la Sala Grote de barrio General bustos, [&hellip;]<\/p>\n","protected":false},"author":3,"featured_media":31022,"comment_status":"open","ping_status":"open","sticky":false,"template":"","format":"standard","meta":{"_exactmetrics_skip_tracking":false,"_exactmetrics_sitenote_active":false,"_exactmetrics_sitenote_note":"","_exactmetrics_sitenote_category":0,"jnews-multi-image_gallery":[],"jnews_single_post":{"subtitle":"La obra de teatral est\u00e1 protagonizada por Toto L\u00f3pez y dirigida por Ricardo Bertone. Afiliadas y afiliados a ATE C\u00f3rdoba tienen 2x1 en entradas para ver la obra.","format":"standard","video":"","gallery":"","source_name":"","source_url":"","via_name":"","via_url":"","override":[{"template":"1","single_blog_custom":"","parallax":"1","fullscreen":"1","layout":"right-sidebar","sidebar":"default-sidebar","second_sidebar":"default-sidebar","sticky_sidebar":"1","share_position":"top","share_float_style":"share-monocrhome","show_share_counter":"1","show_view_counter":"1","show_featured":"1","show_post_meta":"1","show_post_author":"1","show_post_author_image":"1","show_post_date":"1","post_date_format":"default","post_date_format_custom":"Y\/m\/d","show_post_category":"1","post_reading_time_wpm":"300","zoom_button_out_step":"2","zoom_button_in_step":"3","show_post_tag":"1","show_prev_next_post":"1","show_popup_post":"1","number_popup_post":"1"}],"image_override":[{"single_post_thumbnail_size":"crop-500","single_post_gallery_size":"crop-500"}],"trending_post_position":"meta","trending_post_label":"Trending","sponsored_post_label":"Sponsored by","sponsored_post_name":"","sponsored_post_url":"","sponsored_post_logo":"","sponsored_post_desc":""},"jnews_primary_category":{"id":""},"jnews_social_meta":[],"jnews_review":[],"enable_review":"","type":"","name":"","summary":"","brand":"","sku":"","good":[],"bad":[],"score_override":"","override_value":"","rating":[],"price":[],"jnews_override_counter":[],"jnews_post_split":[],"footnotes":""},"categories":[341,972],"tags":[720,1058],"class_list":["post-31020","post","type-post","status-publish","format-standard","has-post-thumbnail","hentry","category-cdp","category-culturas","tag-obra-de-teatro","tag-rodolfo-walsh"],"jetpack_featured_media_url":"https:\/\/atecordoba.org\/wp-content\/uploads\/2022\/03\/DSC4934-scaled-e1648480963631.jpg","_links":{"self":[{"href":"https:\/\/atecordoba.org\/index.php?rest_route=\/wp\/v2\/posts\/31020","targetHints":{"allow":["GET"]}}],"collection":[{"href":"https:\/\/atecordoba.org\/index.php?rest_route=\/wp\/v2\/posts"}],"about":[{"href":"https:\/\/atecordoba.org\/index.php?rest_route=\/wp\/v2\/types\/post"}],"author":[{"embeddable":true,"href":"https:\/\/atecordoba.org\/index.php?rest_route=\/wp\/v2\/users\/3"}],"replies":[{"embeddable":true,"href":"https:\/\/atecordoba.org\/index.php?rest_route=%2Fwp%2Fv2%2Fcomments&post=31020"}],"version-history":[{"count":4,"href":"https:\/\/atecordoba.org\/index.php?rest_route=\/wp\/v2\/posts\/31020\/revisions"}],"predecessor-version":[{"id":31045,"href":"https:\/\/atecordoba.org\/index.php?rest_route=\/wp\/v2\/posts\/31020\/revisions\/31045"}],"wp:featuredmedia":[{"embeddable":true,"href":"https:\/\/atecordoba.org\/index.php?rest_route=\/wp\/v2\/media\/31022"}],"wp:attachment":[{"href":"https:\/\/atecordoba.org\/index.php?rest_route=%2Fwp%2Fv2%2Fmedia&parent=31020"}],"wp:term":[{"taxonomy":"category","embeddable":true,"href":"https:\/\/atecordoba.org\/index.php?rest_route=%2Fwp%2Fv2%2Fcategories&post=31020"},{"taxonomy":"post_tag","embeddable":true,"href":"https:\/\/atecordoba.org\/index.php?rest_route=%2Fwp%2Fv2%2Ftags&post=31020"}],"curies":[{"name":"wp","href":"https:\/\/api.w.org\/{rel}","templated":true}]}}