{"id":30978,"date":"2022-03-28T10:10:48","date_gmt":"2022-03-28T13:10:48","guid":{"rendered":"https:\/\/atecordoba.org\/?p=30978"},"modified":"2022-03-28T10:12:51","modified_gmt":"2022-03-28T13:12:51","slug":"asamblea-en-el-corralon-de-san-francisco","status":"publish","type":"post","link":"https:\/\/atecordoba.org\/?p=30978","title":{"rendered":"Asamblea en el Corral\u00f3n de San Francisco: ATE pidi\u00f3 40% de aumento hasta julio"},"content":{"rendered":"\n<div class=\"wp-block-image\"><figure class=\"aligncenter size-large is-resized\"><img loading=\"lazy\" decoding=\"async\" src=\"https:\/\/atecordoba.org\/wp-content\/uploads\/2022\/03\/1.jpg\" alt=\"\" class=\"wp-image-30979\" width=\"720\" height=\"540\" srcset=\"https:\/\/atecordoba.org\/wp-content\/uploads\/2022\/03\/1.jpg 960w, https:\/\/atecordoba.org\/wp-content\/uploads\/2022\/03\/1-300x225.jpg 300w, https:\/\/atecordoba.org\/wp-content\/uploads\/2022\/03\/1-768x576.jpg 768w, https:\/\/atecordoba.org\/wp-content\/uploads\/2022\/03\/1-750x563.jpg 750w\" sizes=\"auto, (max-width: 720px) 100vw, 720px\" \/><\/figure><\/div>\n\n\n\n<p>El viernes 25 de marzo se llev\u00f3 a cabo una importante asamblea de trabajadores en el Corral\u00f3n Municipal de la ciudad de San Francisco.<\/p>\n\n\n\n<p>En la oportunidad, el secretaria General de San Justo, Dar\u00edo Paredes, inform\u00f3 a las y los compa\u00f1eros presentes el pedido al Ejecutivo Municipal de apertura salarial y a Secretar\u00eda de Econom\u00eda cuales son los siguientes porcentajes de la paritaria 2022. <\/p>\n\n\n\n<figure class=\"wp-block-gallery columns-2 is-cropped wp-block-gallery-1 is-layout-flex wp-block-gallery-is-layout-flex\"><ul class=\"blocks-gallery-grid\"><li class=\"blocks-gallery-item\"><figure><a href=\"https:\/\/atecordoba.org\/wp-content\/uploads\/2022\/03\/FB_IMG_1648301832696.jpg\"><img loading=\"lazy\" decoding=\"async\" width=\"960\" height=\"720\" src=\"https:\/\/atecordoba.org\/wp-content\/uploads\/2022\/03\/FB_IMG_1648301832696.jpg\" alt=\"\" data-id=\"30980\" data-full-url=\"https:\/\/atecordoba.org\/wp-content\/uploads\/2022\/03\/FB_IMG_1648301832696.jpg\" data-link=\"https:\/\/atecordoba.org\/?attachment_id=30980\" class=\"wp-image-30980\" srcset=\"https:\/\/atecordoba.org\/wp-content\/uploads\/2022\/03\/FB_IMG_1648301832696.jpg 960w, https:\/\/atecordoba.org\/wp-content\/uploads\/2022\/03\/FB_IMG_1648301832696-300x225.jpg 300w, https:\/\/atecordoba.org\/wp-content\/uploads\/2022\/03\/FB_IMG_1648301832696-768x576.jpg 768w, https:\/\/atecordoba.org\/wp-content\/uploads\/2022\/03\/FB_IMG_1648301832696-750x563.jpg 750w\" sizes=\"auto, (max-width: 960px) 100vw, 960px\" \/><\/a><\/figure><\/li><li class=\"blocks-gallery-item\"><figure><a href=\"https:\/\/atecordoba.org\/wp-content\/uploads\/2022\/03\/2.jpg\"><img decoding=\"async\" src=\"https:\/\/atecordoba.org\/wp-content\/uploads\/2022\/03\/2.jpg\" alt=\"\" data-id=\"30981\" data-full-url=\"https:\/\/atecordoba.org\/wp-content\/uploads\/2022\/03\/2.jpg\" data-link=\"https:\/\/atecordoba.org\/?attachment_id=30981\" class=\"wp-image-30981\" \/><\/a><\/figure><\/li><\/ul><figcaption class=\"blocks-gallery-caption\">Amplia participaci\u00f3n de las y los compa\u00f1eros en AMOS y el Corral\u00f3n.<\/figcaption><\/figure>\n\n\n\n<p>Paredes adelant\u00f3 que ATE plante\u00f3 a la Municipalidad un aumento salarial del 40% hasta julio, con el pago de los salarios de marzo (20%), mayo (10%) y junio (10%). <\/p>\n\n\n\n<p>En tanto se propone para julio pr\u00f3ximo la nueva revisi\u00f3n de mesa salarial.<\/p>\n\n\n\n<p>En esa l\u00ednea de informar, consultar y avanzar con el mandato de las y los compa\u00f1eros, el seguidamente ATE realiz\u00f3 otra asamblea en la Administraci\u00f3n Municipal de Obras Sanitarias (AMOS). <\/p>\n\n\n\n<p><\/p>\n\n\n\n<p><\/p>\n","protected":false},"excerpt":{"rendered":"<p>El viernes 25 de marzo se llev\u00f3 a cabo una importante asamblea de trabajadores en el Corral\u00f3n Municipal de la ciudad de San Francisco. En la oportunidad, el secretaria General de San Justo, Dar\u00edo Paredes, inform\u00f3 a las y los compa\u00f1eros presentes el pedido al Ejecutivo Municipal de apertura salarial y a Secretar\u00eda de Econom\u00eda [&hellip;]<\/p>\n","protected":false},"author":7,"featured_media":30981,"comment_status":"open","ping_status":"open","sticky":false,"template":"","format":"standard","meta":{"_exactmetrics_skip_tracking":false,"_exactmetrics_sitenote_active":false,"_exactmetrics_sitenote_note":"","_exactmetrics_sitenote_category":0,"jnews-multi-image_gallery":[],"jnews_single_post":{"subtitle":"La seccional propuso a la Municipalidad el pago de un 20% en marzo, 10% en mayo y otro 10% en junio.","format":"standard","video":"","gallery":"","source_name":"","source_url":"","via_name":"","via_url":"","override":[{"template":"1","single_blog_custom":"","parallax":"1","fullscreen":"1","layout":"right-sidebar","sidebar":"default-sidebar","second_sidebar":"default-sidebar","sticky_sidebar":"1","share_position":"top","share_float_style":"share-monocrhome","show_share_counter":"1","show_view_counter":"1","show_featured":"1","show_post_meta":"1","show_post_author":"1","show_post_author_image":"1","show_post_date":"1","post_date_format":"default","post_date_format_custom":"Y\/m\/d","show_post_category":"1","post_reading_time_wpm":"300","zoom_button_out_step":"2","zoom_button_in_step":"3","show_post_tag":"1","show_prev_next_post":"1","show_popup_post":"1","number_popup_post":"1"}],"image_override":[{"single_post_thumbnail_size":"crop-500","single_post_gallery_size":"crop-500"}],"trending_post_position":"meta","trending_post_label":"Trending","sponsored_post_label":"Sponsored by","sponsored_post_name":"","sponsored_post_url":"","sponsored_post_logo":"","sponsored_post_desc":""},"jnews_primary_category":{"id":""},"jnews_social_meta":[],"jnews_review":[],"enable_review":"","type":"","name":"","summary":"","brand":"","sku":"","good":[],"bad":[],"score_override":"","override_value":"","rating":[],"price":[],"jnews_override_counter":[],"jnews_post_split":[],"footnotes":""},"categories":[20,148],"tags":[1055,543],"class_list":["post-30978","post","type-post","status-publish","format-standard","has-post-thumbnail","hentry","category-municipales","category-san-justo","tag-amos","tag-corralon-municipal"],"jetpack_featured_media_url":"https:\/\/atecordoba.org\/wp-content\/uploads\/2022\/03\/2-e1648473036627.jpg","_links":{"self":[{"href":"https:\/\/atecordoba.org\/index.php?rest_route=\/wp\/v2\/posts\/30978","targetHints":{"allow":["GET"]}}],"collection":[{"href":"https:\/\/atecordoba.org\/index.php?rest_route=\/wp\/v2\/posts"}],"about":[{"href":"https:\/\/atecordoba.org\/index.php?rest_route=\/wp\/v2\/types\/post"}],"author":[{"embeddable":true,"href":"https:\/\/atecordoba.org\/index.php?rest_route=\/wp\/v2\/users\/7"}],"replies":[{"embeddable":true,"href":"https:\/\/atecordoba.org\/index.php?rest_route=%2Fwp%2Fv2%2Fcomments&post=30978"}],"version-history":[{"count":2,"href":"https:\/\/atecordoba.org\/index.php?rest_route=\/wp\/v2\/posts\/30978\/revisions"}],"predecessor-version":[{"id":30985,"href":"https:\/\/atecordoba.org\/index.php?rest_route=\/wp\/v2\/posts\/30978\/revisions\/30985"}],"wp:featuredmedia":[{"embeddable":true,"href":"https:\/\/atecordoba.org\/index.php?rest_route=\/wp\/v2\/media\/30981"}],"wp:attachment":[{"href":"https:\/\/atecordoba.org\/index.php?rest_route=%2Fwp%2Fv2%2Fmedia&parent=30978"}],"wp:term":[{"taxonomy":"category","embeddable":true,"href":"https:\/\/atecordoba.org\/index.php?rest_route=%2Fwp%2Fv2%2Fcategories&post=30978"},{"taxonomy":"post_tag","embeddable":true,"href":"https:\/\/atecordoba.org\/index.php?rest_route=%2Fwp%2Fv2%2Ftags&post=30978"}],"curies":[{"name":"wp","href":"https:\/\/api.w.org\/{rel}","templated":true}]}}