{"id":3096,"date":"2013-08-16T18:11:15","date_gmt":"2013-08-16T21:11:15","guid":{"rendered":"http:\/\/www.atecordoba.org\/?p=3096"},"modified":"2013-08-16T18:11:15","modified_gmt":"2013-08-16T21:11:15","slug":"cruz-del-eje-ate-presento-la-delegacion-del-norte-provincial","status":"publish","type":"post","link":"https:\/\/atecordoba.org\/?p=3096","title":{"rendered":"Cruz del Eje: ATE present\u00f3 la delegaci\u00f3n del norte provincial"},"content":{"rendered":"<p><em>Se trata de una instancia de organizaci\u00f3n que incluye a compa\u00f1eros afiliados de San Marcos Sierra, Chu\u00f1a, Villa de Sota, m\u00e1s Cruz del Eje. En conferencia de prensa, dirigentes de ATE explicaron la nueva situaci\u00f3n que los municipales como consecuencia de los fallos judiciales que confirmaron la legalidad de ATE en C\u00f3rdoba, as\u00ed como en el municipio de Salta.<\/em><\/p>\n<figure id=\"attachment_3099\" aria-describedby=\"caption-attachment-3099\" style=\"width: 700px\" class=\"wp-caption aligncenter\"><a href=\"http:\/\/www.atecordoba.org\/wp-content\/uploads\/2013\/08\/web-1.jpg\"><img loading=\"lazy\" decoding=\"async\" class=\" wp-image-3099 \" alt=\"web 1\" src=\"http:\/\/www.atecordoba.org\/wp-content\/uploads\/2013\/08\/web-1.jpg\" width=\"700\" height=\"525\" \/><\/a><figcaption id=\"caption-attachment-3099\" class=\"wp-caption-text\">Lu\u00eds Barcena, Secretario de Interior, en di\u00e1logo con la prensa<\/figcaption><\/figure>\n<p>Esta convocatoria se produjo en el marco de la difusi\u00f3n de la campa\u00f1a \u2018La justicia nos dio la raz\u00f3n\u2019, donde reclamamos al gobernador De la Sota y a los diferentes intendentes de C\u00f3rdoba que reconozcan el \u00e1mbito d representaci\u00f3n de ATE all\u00ed donde los trabajadores han resuelto afiliarse a nuestro gremio, conforme a lo que resolvi\u00f3 a nivel nacional la Justicia del Trabajo.<\/p>\n<p>\u201cEstamos ratificando la presencia de ATE en el norte provincial. M\u00e1s de 200 afiliados en la regi\u00f3n exigen que nuestro gremio profundice la organizaci\u00f3n porque, sobre todo los municipales, siguen viviendo las consecuencias de las malas condiciones de trabajo y los bajos salarios que imponen los intendentes\u201d, se\u00f1al\u00f3 el secretario de Interior del Consejo Directivo Provincial, Lu\u00eds Barcena. Llegado del C\u00f3rdoba Capital, Barcena encabez\u00f3 una delegaci\u00f3n integrada p0r el secretario de Organizaci\u00f3n, Alejandro Charra, y el vocal, Eduardo Pereyra.<\/p>\n<p>El dirigente explic\u00f3 que la C\u00e1mara Nacional de la Justicia del Trabajo, en un fallo emitido recientemente, zanj\u00f3 la disputa que el Sindicato de Empleados P\u00fablicos (SEP) plante\u00f3 en la justicia con ATE \u2013despu\u00e9s que el Ministerio de Trabajo de la Naci\u00f3n emitiera dos resoluciones confirmando la legalidad de ATE en la Provincia y los municipios cordobeses-, dando fin a la controversia sobre la representaci\u00f3n de los trabajadores provinciales.<\/p>\n<figure id=\"attachment_3097\" aria-describedby=\"caption-attachment-3097\" style=\"width: 480px\" class=\"wp-caption alignright\"><a href=\"http:\/\/www.atecordoba.org\/wp-content\/uploads\/2013\/08\/web-2.jpg\"><img loading=\"lazy\" decoding=\"async\" class=\" wp-image-3097 \" alt=\"El secretario de Organizaci\u00f3n Alejandro Charra\" src=\"http:\/\/www.atecordoba.org\/wp-content\/uploads\/2013\/08\/web-2.jpg\" width=\"480\" height=\"360\" \/><\/a><figcaption id=\"caption-attachment-3097\" class=\"wp-caption-text\">El secretario de Organizaci\u00f3n Alejandro Charra<\/figcaption><\/figure>\n<p>En la sentencia,\u00a0 la C\u00e1mara se\u00f1al\u00f3 tambi\u00e9n que ATE es legal para intervenir en la representaci\u00f3n de los trabajadores municipales, por caso en Cruz del Eje, donde el intendente se ha negado sistem\u00e1ticamente a reconocer a nuestro gremio.<\/p>\n<p>En la oportunidad estuvieron presentes los compa\u00f1eros Manuel Vel\u00e1zquez y Juan Sanchez, de \u00a0Villa Soto, Pedro Mor\u00e1n, de Cruz del Eje, Patricia y Antonio Tuli\u00e1n, de San Marcos Sierra, y el compa\u00f1ero Albornos Reyes, de Chu\u00f1a.<\/p>\n<p>Durante la conferencia de prensa se hizo referencia al fallo de ATE C\/ Municipalidad de Salta, donde la Corte Suprema de Justicia de la Naci\u00f3n, por otra v\u00eda, tambi\u00e9n confirm\u00f3 en \u00e1mbito de representaci\u00f3n de ATE en los municipios.<\/p>\n<p>Los compa\u00f1eros municipales criticaron durante a los ejecutivos municipales que no respetan las escalas salariales, se niegan a discutir paritarias y mantienen precarizados a gran cantidad de compa\u00f1eros, poniendo sobre sus cabezas el temor a perder el trabajo como forma de controlar los leg\u00edtimos reclamos.<\/p>\n<p>\u201cHay que perder el miedo. ATE respalda a los trabajadores y pone su estructura gremial a disposici\u00f3n de los que quieran sumarse para consolidar una fuerza sindical que pueda cambiar la realidad de los compa\u00f1eros estatales en la regi\u00f3n\u201d, concluy\u00f3 Barcena.<\/p>\n<figure id=\"attachment_3098\" aria-describedby=\"caption-attachment-3098\" style=\"width: 480px\" class=\"wp-caption aligncenter\"><a href=\"http:\/\/www.atecordoba.org\/wp-content\/uploads\/2013\/08\/web-3.jpg\"><img loading=\"lazy\" decoding=\"async\" class=\"wp-image-3098 \" alt=\"El delegado municipal de Cruz del Eje, Pedro Mor\u00e1n\" src=\"http:\/\/www.atecordoba.org\/wp-content\/uploads\/2013\/08\/web-3.jpg\" width=\"480\" height=\"360\" \/><\/a><figcaption id=\"caption-attachment-3098\" class=\"wp-caption-text\">El delegado municipal de Cruz del Eje, Pedro Mor\u00e1n<\/figcaption><\/figure>\n","protected":false},"excerpt":{"rendered":"<p>Se trata de una instancia de organizaci\u00f3n que incluye a compa\u00f1eros afiliados de San Marcos Sierra, Chu\u00f1a, Villa de Sota, m\u00e1s Cruz del Eje. En conferencia de prensa, dirigentes de ATE explicaron la nueva situaci\u00f3n que los municipales como consecuencia de los fallos judiciales que confirmaron la legalidad de ATE en C\u00f3rdoba, as\u00ed como en [&hellip;]<\/p>\n","protected":false},"author":1,"featured_media":19220,"comment_status":"open","ping_status":"open","sticky":false,"template":"","format":"standard","meta":{"_exactmetrics_skip_tracking":false,"_exactmetrics_sitenote_active":false,"_exactmetrics_sitenote_note":"","_exactmetrics_sitenote_category":0,"jnews-multi-image_gallery":[],"jnews_single_post":[],"jnews_primary_category":[],"jnews_social_meta":[],"jnews_review":[],"enable_review":"","type":"","name":"","summary":"","brand":"","sku":"","good":[],"bad":[],"score_override":"","override_value":"","rating":[],"price":[],"jnews_override_counter":[],"jnews_post_split":[],"footnotes":""},"categories":[20],"tags":[],"class_list":["post-3096","post","type-post","status-publish","format-standard","has-post-thumbnail","hentry","category-municipales"],"jetpack_featured_media_url":"https:\/\/atecordoba.org\/wp-content\/uploads\/2020\/05\/logo-nuevochico-e1561581322808.png","_links":{"self":[{"href":"https:\/\/atecordoba.org\/index.php?rest_route=\/wp\/v2\/posts\/3096","targetHints":{"allow":["GET"]}}],"collection":[{"href":"https:\/\/atecordoba.org\/index.php?rest_route=\/wp\/v2\/posts"}],"about":[{"href":"https:\/\/atecordoba.org\/index.php?rest_route=\/wp\/v2\/types\/post"}],"author":[{"embeddable":true,"href":"https:\/\/atecordoba.org\/index.php?rest_route=\/wp\/v2\/users\/1"}],"replies":[{"embeddable":true,"href":"https:\/\/atecordoba.org\/index.php?rest_route=%2Fwp%2Fv2%2Fcomments&post=3096"}],"version-history":[{"count":0,"href":"https:\/\/atecordoba.org\/index.php?rest_route=\/wp\/v2\/posts\/3096\/revisions"}],"wp:featuredmedia":[{"embeddable":true,"href":"https:\/\/atecordoba.org\/index.php?rest_route=\/wp\/v2\/media\/19220"}],"wp:attachment":[{"href":"https:\/\/atecordoba.org\/index.php?rest_route=%2Fwp%2Fv2%2Fmedia&parent=3096"}],"wp:term":[{"taxonomy":"category","embeddable":true,"href":"https:\/\/atecordoba.org\/index.php?rest_route=%2Fwp%2Fv2%2Fcategories&post=3096"},{"taxonomy":"post_tag","embeddable":true,"href":"https:\/\/atecordoba.org\/index.php?rest_route=%2Fwp%2Fv2%2Ftags&post=3096"}],"curies":[{"name":"wp","href":"https:\/\/api.w.org\/{rel}","templated":true}]}}