{"id":30946,"date":"2022-03-25T14:34:25","date_gmt":"2022-03-25T17:34:25","guid":{"rendered":"https:\/\/atecordoba.org\/?p=30946"},"modified":"2022-03-25T15:06:41","modified_gmt":"2022-03-25T18:06:41","slug":"los-ddhh-unifican-y-movilizan-al-pueblo-ate-marcho-ayer-en-la-historica-y-multitudinaria-convocatoria-por-memoria-verdad-y-justicia-homenajeando-los-30-mil-desaparecidos-y-llamando-a-encontrar-las-y","status":"publish","type":"post","link":"https:\/\/atecordoba.org\/?p=30946","title":{"rendered":"Los DDHH unifican y movilizan al pueblo: ATE march\u00f3 ayer en la hist\u00f3rica y multitudinaria convocatoria por Memoria, Verdad y Justicia homenajeando las y los 30 mil desaparecidos y llamando a encontrar las y los nietos que faltan"},"content":{"rendered":"\n<div class=\"wp-block-image\"><figure class=\"aligncenter size-large is-resized\"><img loading=\"lazy\" decoding=\"async\" src=\"https:\/\/atecordoba.org\/wp-content\/uploads\/2022\/03\/276259332_5490285827682179_7959784668923161861_n-1024x768.jpg\" alt=\"\" class=\"wp-image-30947\" width=\"768\" height=\"576\" \/><\/figure><\/div>\n\n\n\n<p>(Fotos Julia Ferreyra)<\/p>\n\n\n\n<p>Con mucha emoci\u00f3n, llevando con orgullo el legado de las y los estatales desaparecidos por la dictadura genocida, pero tambi\u00e9n de las y los miles de cesanteados, exiliados y perseguidos de m\u00faltiples y brutales formas, ATE C\u00f3rdoba estuvo presente con una nutrida columna de compa\u00f1eros y compa\u00f1eras en la movilizaci\u00f3n masiva que dej\u00f3 en pie, un a\u00f1o m\u00e1s, las banderas de los derechos humanos como pol\u00edtica transversal que aglutina a toda la sociedad. <\/p>\n\n\n\n<p>En C\u00f3rdoba no hay marcha que convoque m\u00e1s gente. Cada a\u00f1o es el comentario que ayer se repiti\u00f3 nuevamente. Y las consignas de &#8216;Memoria, Verdad y Justicia&#8217; congregan a organizaciones libres del pueblo, partidos pol\u00edticos y dirigentes de todo pelaje. Sin duda es un estigma que cargan las y los negacionistas (como la intendenta de la comuna de Los Aromos, en el Valle de Paravachasca) que no participan o se expresan en favor de los genocidas. <\/p>\n\n\n\n<div class=\"wp-block-image\"><figure class=\"alignright size-large is-resized\"><img loading=\"lazy\" decoding=\"async\" src=\"https:\/\/atecordoba.org\/wp-content\/uploads\/2022\/03\/277174812_5490289164348512_8893197004236372003_n-1024x768.jpg\" alt=\"\" class=\"wp-image-30948\" width=\"512\" height=\"384\" srcset=\"https:\/\/atecordoba.org\/wp-content\/uploads\/2022\/03\/277174812_5490289164348512_8893197004236372003_n-1024x768.jpg 1024w, https:\/\/atecordoba.org\/wp-content\/uploads\/2022\/03\/277174812_5490289164348512_8893197004236372003_n-300x225.jpg 300w, https:\/\/atecordoba.org\/wp-content\/uploads\/2022\/03\/277174812_5490289164348512_8893197004236372003_n-768x576.jpg 768w, https:\/\/atecordoba.org\/wp-content\/uploads\/2022\/03\/277174812_5490289164348512_8893197004236372003_n-1536x1152.jpg 1536w, https:\/\/atecordoba.org\/wp-content\/uploads\/2022\/03\/277174812_5490289164348512_8893197004236372003_n-750x563.jpg 750w, https:\/\/atecordoba.org\/wp-content\/uploads\/2022\/03\/277174812_5490289164348512_8893197004236372003_n-1140x855.jpg 1140w, https:\/\/atecordoba.org\/wp-content\/uploads\/2022\/03\/277174812_5490289164348512_8893197004236372003_n.jpg 1600w\" sizes=\"auto, (max-width: 512px) 100vw, 512px\" \/><\/figure><\/div>\n\n\n\n<p>Frente a la brutalidad de la masacre cometida, el pueblo respondi\u00f3 una vez m\u00e1s con la alegr\u00eda con encontrarse en las calles bajo puntos de referencia en com\u00fan. <\/p>\n\n\n\n<p>La columna de ATE estuvo encabezada por nuestro secretario General, Federico Giuliani, quien como hijo de un preso pol\u00edtico y v\u00edctima del terrorismo de Estado (su padre juan Carlos &#8216;Pipon&#8217; Giuliani, periodista y dirigente del gremio de prensa, pas\u00f3 largos a\u00f1os en la c\u00e1rcel como preso pol\u00edtico) reivindic\u00f3 precisamente la alegr\u00eda de marchar todos juntos. <\/p>\n\n\n\n<p>&#8220;Estamos en una jornada hist\u00f3rica, es impactante la masiva concurrencia, muchas familias y muchas y muchos j\u00f3venes&#8221;, dijo el dirigente ante una consulta de prensa.<\/p>\n\n\n\n<p>Y reflexion\u00f3: &#8220;recordar a nuestros 30 mil es fundamental para el ejercicio de la memoria hist\u00f3rica, para saber de d\u00f3nde venimos y para la proyecci\u00f3n hist\u00f3rica hac\u00eda donde vamos. Tambi\u00e9n es un d\u00eda de lucha en varios sentidos, las y los compa\u00f1eros no dieron sus vidas por un capitalismo m\u00e1s serio, con rostro humano como nos plantea la socialdemocracia que gobierna el pa\u00eds: planteaban una patria libre y soberana para todos y todas y, en ese marco, la lucha tiene que ver con el acuerdo con el FMI. Entendemos que va a ajustar m\u00e1s sobre las espaldas del pueblo trabajador, que viene sosteniendo los cuatro a\u00f1os de macrismo nefasto y estos dos a\u00f1os de pandemia&#8221;.<\/p>\n\n\n\n<p>&#8220;Por eso, continu\u00f3,  es importante la unidad en la acci\u00f3n, el pliego de reivindicaciones es amplio. Nos toca conducir ATE con los problemas sindicales de las y los estatales , pero tambi\u00e9n la CTAA. Hoy la problem\u00e1tica en las barriadas populares tiene que ver con el hambre, la falta de trabajo, de educaci\u00f3n, de salud p\u00fablica y acceso a la tierra para la vivienda&#8221;, enumer\u00f3.<\/p>\n\n\n\n<p>Para Giuliani &#8220;el salto cualitativo ser\u00e1 la construcci\u00f3n de un programa de la clase, donde podamos proyectar que ciudad, que provincia y que naci\u00f3n queremos y nos merecemos vivir. Por eso hay que destacar que en esta C\u00f3rdoba tan paradojal se parieron dos programas como los de Huerta Grande y La Falda, se pari\u00f3 un Cordobazo, fue cuna de las organizaciones revolucionarias de los \u201970 que arras\u00f3 el terrorismo de Estado con un plan sistem\u00e1tico tremendo&#8221;.<\/p>\n\n\n\n<div class=\"wp-block-image\"><figure class=\"aligncenter size-large is-resized\"><img loading=\"lazy\" decoding=\"async\" src=\"https:\/\/atecordoba.org\/wp-content\/uploads\/2022\/03\/276230478_5490286434348785_2066065022331029084_n-1024x768.jpg\" alt=\"\" class=\"wp-image-30949\" width=\"512\" height=\"384\" srcset=\"https:\/\/atecordoba.org\/wp-content\/uploads\/2022\/03\/276230478_5490286434348785_2066065022331029084_n-1024x768.jpg 1024w, https:\/\/atecordoba.org\/wp-content\/uploads\/2022\/03\/276230478_5490286434348785_2066065022331029084_n-300x225.jpg 300w, https:\/\/atecordoba.org\/wp-content\/uploads\/2022\/03\/276230478_5490286434348785_2066065022331029084_n-768x576.jpg 768w, https:\/\/atecordoba.org\/wp-content\/uploads\/2022\/03\/276230478_5490286434348785_2066065022331029084_n-1536x1152.jpg 1536w, https:\/\/atecordoba.org\/wp-content\/uploads\/2022\/03\/276230478_5490286434348785_2066065022331029084_n-750x563.jpg 750w, https:\/\/atecordoba.org\/wp-content\/uploads\/2022\/03\/276230478_5490286434348785_2066065022331029084_n-1140x855.jpg 1140w, https:\/\/atecordoba.org\/wp-content\/uploads\/2022\/03\/276230478_5490286434348785_2066065022331029084_n.jpg 1600w\" sizes=\"auto, (max-width: 512px) 100vw, 512px\" \/><\/figure><\/div>\n\n\n\n<p>En otro tramo, el dirigente remarc\u00f3 que con la conducci\u00f3n de ATE , junto a muchas y muchos delegados y activistas de capital y el interior provincial &#8220;recorrimos el campo de exterminio de La Perla, ayer estuvimos en la Maternidad Provincial donde las compa\u00f1eras par\u00edan a muchos hijos que hoy est\u00e1n con su identidad robada, sin su familia natural&#8221;.<\/p>\n\n\n\n<p>Por eso &#8220;seguimos reclamando memoria, verdad y justicia porque no nos han vencido. Pero se vino a instaurar un modelo econ\u00f3mico y social de exclusi\u00f3n que a\u00fan sigue vigente. Somos el brote de esa semilla sembrada que germin\u00f3 y queremos reinstalar la justicia social y que nos pone en el desaf\u00edo de reconstruir ese camino, claramente para m\u00ed como hijo de un preso pol\u00edtico y v\u00edctima del terrorismo de Estado con la consigna &#8216;no nos olvidamos, no perdonamos, no nos reconciliamos'&#8221;. <\/p>\n\n\n\n<p>Y concluy\u00f3 afirmando que &#8220;reclamamos c\u00e1rcel com\u00fan no solo para los genocidas como el cobarde de Men\u00e9ndez sino para los grupos econ\u00f3micos c\u00f3mplices del golpe, para la sociedad civil c\u00f3mplice del golpe, para la curia eclesi\u00e1stica c\u00f3mplice. Muchos de ellos siguen caminando por nuestras calles y sus apellidos son ilustres en esta C\u00f3rdoba tan contradictoria&#8221;.<\/p>\n\n\n\n<p><strong>#Campa\u00f1a #Identidad Estamos buscando a las y los que faltan.<\/strong><\/p>\n\n\n\n<div class=\"wp-block-image\"><figure class=\"aligncenter size-large\"><img loading=\"lazy\" decoding=\"async\" width=\"819\" height=\"1024\" src=\"https:\/\/atecordoba.org\/wp-content\/uploads\/2022\/03\/IMG-20220321-WA0124-819x1024.jpg\" alt=\"\" class=\"wp-image-30968\" srcset=\"https:\/\/atecordoba.org\/wp-content\/uploads\/2022\/03\/IMG-20220321-WA0124-819x1024.jpg 819w, https:\/\/atecordoba.org\/wp-content\/uploads\/2022\/03\/IMG-20220321-WA0124-240x300.jpg 240w, https:\/\/atecordoba.org\/wp-content\/uploads\/2022\/03\/IMG-20220321-WA0124-768x960.jpg 768w, https:\/\/atecordoba.org\/wp-content\/uploads\/2022\/03\/IMG-20220321-WA0124-750x938.jpg 750w, https:\/\/atecordoba.org\/wp-content\/uploads\/2022\/03\/IMG-20220321-WA0124.jpg 1024w\" sizes=\"auto, (max-width: 819px) 100vw, 819px\" \/><\/figure><\/div>\n\n\n\n<p>&nbsp;ATE C\u00f3rdoba se suma a la campa\u00f1a por la restituci\u00f3n de identidades robadas mediante la apropiaci\u00f3n de beb\u00e9s por parte del Terrorismo de Estado.<\/p>\n\n\n\n<p>Imprim\u00ed el cartel, sacate una foto y env\u00edanos a +54 9 351 662-7375, subila a tus redes y etiquetanos junto a Abuelas.&nbsp;<\/p>\n\n\n\n<p>Por eso, *si ten\u00e9s dudas acerca de tu identidad* y naciste entre *1975 y 1980*, comunicate con Abuelas de Plaza de Mayo, escribiendo a a&nbsp;<a rel=\"noreferrer noopener\" href=\"mailto:abuelascordoba@gmail.com\" target=\"_blank\">abuelascordoba@gmail.com<\/a>&nbsp;<\/p>\n\n\n\n<p>La verdad y el amor nos esperan a todas y todos.<\/p>\n\n\n\n<hr class=\"wp-block-separator\" \/>\n\n\n\n<figure class=\"wp-block-gallery columns-3 is-cropped wp-block-gallery-1 is-layout-flex wp-block-gallery-is-layout-flex\"><ul class=\"blocks-gallery-grid\"><li class=\"blocks-gallery-item\"><figure><a href=\"https:\/\/atecordoba.org\/wp-content\/uploads\/2022\/03\/276170896_5490286584348770_4203946752576254465_n.jpg\"><img loading=\"lazy\" decoding=\"async\" width=\"1024\" height=\"768\" src=\"https:\/\/atecordoba.org\/wp-content\/uploads\/2022\/03\/276170896_5490286584348770_4203946752576254465_n-1024x768.jpg\" alt=\"\" data-id=\"30950\" data-full-url=\"https:\/\/atecordoba.org\/wp-content\/uploads\/2022\/03\/276170896_5490286584348770_4203946752576254465_n.jpg\" data-link=\"https:\/\/atecordoba.org\/?attachment_id=30950\" class=\"wp-image-30950\" srcset=\"https:\/\/atecordoba.org\/wp-content\/uploads\/2022\/03\/276170896_5490286584348770_4203946752576254465_n-1024x768.jpg 1024w, https:\/\/atecordoba.org\/wp-content\/uploads\/2022\/03\/276170896_5490286584348770_4203946752576254465_n-300x225.jpg 300w, https:\/\/atecordoba.org\/wp-content\/uploads\/2022\/03\/276170896_5490286584348770_4203946752576254465_n-768x576.jpg 768w, https:\/\/atecordoba.org\/wp-content\/uploads\/2022\/03\/276170896_5490286584348770_4203946752576254465_n-1536x1152.jpg 1536w, https:\/\/atecordoba.org\/wp-content\/uploads\/2022\/03\/276170896_5490286584348770_4203946752576254465_n-750x563.jpg 750w, https:\/\/atecordoba.org\/wp-content\/uploads\/2022\/03\/276170896_5490286584348770_4203946752576254465_n-1140x855.jpg 1140w, https:\/\/atecordoba.org\/wp-content\/uploads\/2022\/03\/276170896_5490286584348770_4203946752576254465_n.jpg 1600w\" sizes=\"auto, (max-width: 1024px) 100vw, 1024px\" \/><\/a><\/figure><\/li><li class=\"blocks-gallery-item\"><figure><a href=\"https:\/\/atecordoba.org\/wp-content\/uploads\/2022\/03\/276195901_5490279441016151_2710319901345319561_n.jpg\"><img loading=\"lazy\" decoding=\"async\" width=\"1024\" height=\"768\" src=\"https:\/\/atecordoba.org\/wp-content\/uploads\/2022\/03\/276195901_5490279441016151_2710319901345319561_n-1024x768.jpg\" alt=\"\" data-id=\"30951\" data-full-url=\"https:\/\/atecordoba.org\/wp-content\/uploads\/2022\/03\/276195901_5490279441016151_2710319901345319561_n.jpg\" data-link=\"https:\/\/atecordoba.org\/?attachment_id=30951\" class=\"wp-image-30951\" srcset=\"https:\/\/atecordoba.org\/wp-content\/uploads\/2022\/03\/276195901_5490279441016151_2710319901345319561_n-1024x768.jpg 1024w, https:\/\/atecordoba.org\/wp-content\/uploads\/2022\/03\/276195901_5490279441016151_2710319901345319561_n-300x225.jpg 300w, https:\/\/atecordoba.org\/wp-content\/uploads\/2022\/03\/276195901_5490279441016151_2710319901345319561_n-768x576.jpg 768w, https:\/\/atecordoba.org\/wp-content\/uploads\/2022\/03\/276195901_5490279441016151_2710319901345319561_n-1536x1152.jpg 1536w, https:\/\/atecordoba.org\/wp-content\/uploads\/2022\/03\/276195901_5490279441016151_2710319901345319561_n-750x563.jpg 750w, https:\/\/atecordoba.org\/wp-content\/uploads\/2022\/03\/276195901_5490279441016151_2710319901345319561_n-1140x855.jpg 1140w, https:\/\/atecordoba.org\/wp-content\/uploads\/2022\/03\/276195901_5490279441016151_2710319901345319561_n.jpg 1600w\" sizes=\"auto, (max-width: 1024px) 100vw, 1024px\" \/><\/a><\/figure><\/li><li class=\"blocks-gallery-item\"><figure><a href=\"https:\/\/atecordoba.org\/wp-content\/uploads\/2022\/03\/276230478_5490286434348785_2066065022331029084_n-1.jpg\"><img loading=\"lazy\" decoding=\"async\" width=\"1024\" height=\"768\" src=\"https:\/\/atecordoba.org\/wp-content\/uploads\/2022\/03\/276230478_5490286434348785_2066065022331029084_n-1-1024x768.jpg\" alt=\"\" data-id=\"30952\" data-full-url=\"https:\/\/atecordoba.org\/wp-content\/uploads\/2022\/03\/276230478_5490286434348785_2066065022331029084_n-1.jpg\" data-link=\"https:\/\/atecordoba.org\/?attachment_id=30952\" class=\"wp-image-30952\" srcset=\"https:\/\/atecordoba.org\/wp-content\/uploads\/2022\/03\/276230478_5490286434348785_2066065022331029084_n-1-1024x768.jpg 1024w, https:\/\/atecordoba.org\/wp-content\/uploads\/2022\/03\/276230478_5490286434348785_2066065022331029084_n-1-300x225.jpg 300w, https:\/\/atecordoba.org\/wp-content\/uploads\/2022\/03\/276230478_5490286434348785_2066065022331029084_n-1-768x576.jpg 768w, https:\/\/atecordoba.org\/wp-content\/uploads\/2022\/03\/276230478_5490286434348785_2066065022331029084_n-1-1536x1152.jpg 1536w, https:\/\/atecordoba.org\/wp-content\/uploads\/2022\/03\/276230478_5490286434348785_2066065022331029084_n-1-750x563.jpg 750w, https:\/\/atecordoba.org\/wp-content\/uploads\/2022\/03\/276230478_5490286434348785_2066065022331029084_n-1-1140x855.jpg 1140w, https:\/\/atecordoba.org\/wp-content\/uploads\/2022\/03\/276230478_5490286434348785_2066065022331029084_n-1.jpg 1600w\" sizes=\"auto, (max-width: 1024px) 100vw, 1024px\" \/><\/a><\/figure><\/li><li class=\"blocks-gallery-item\"><figure><a href=\"https:\/\/atecordoba.org\/wp-content\/uploads\/2022\/03\/276242424_5490279551016140_8295113169025315304_n.jpg\"><img loading=\"lazy\" decoding=\"async\" width=\"1024\" height=\"576\" src=\"https:\/\/atecordoba.org\/wp-content\/uploads\/2022\/03\/276242424_5490279551016140_8295113169025315304_n-1024x576.jpg\" alt=\"\" data-id=\"30953\" data-full-url=\"https:\/\/atecordoba.org\/wp-content\/uploads\/2022\/03\/276242424_5490279551016140_8295113169025315304_n.jpg\" data-link=\"https:\/\/atecordoba.org\/?attachment_id=30953\" class=\"wp-image-30953\" srcset=\"https:\/\/atecordoba.org\/wp-content\/uploads\/2022\/03\/276242424_5490279551016140_8295113169025315304_n-1024x576.jpg 1024w, https:\/\/atecordoba.org\/wp-content\/uploads\/2022\/03\/276242424_5490279551016140_8295113169025315304_n-300x169.jpg 300w, https:\/\/atecordoba.org\/wp-content\/uploads\/2022\/03\/276242424_5490279551016140_8295113169025315304_n-768x432.jpg 768w, https:\/\/atecordoba.org\/wp-content\/uploads\/2022\/03\/276242424_5490279551016140_8295113169025315304_n-1536x864.jpg 1536w, https:\/\/atecordoba.org\/wp-content\/uploads\/2022\/03\/276242424_5490279551016140_8295113169025315304_n-750x422.jpg 750w, https:\/\/atecordoba.org\/wp-content\/uploads\/2022\/03\/276242424_5490279551016140_8295113169025315304_n-1140x641.jpg 1140w, https:\/\/atecordoba.org\/wp-content\/uploads\/2022\/03\/276242424_5490279551016140_8295113169025315304_n.jpg 1600w\" sizes=\"auto, (max-width: 1024px) 100vw, 1024px\" \/><\/a><\/figure><\/li><li class=\"blocks-gallery-item\"><figure><a href=\"https:\/\/atecordoba.org\/wp-content\/uploads\/2022\/03\/276309078_5490288684348560_7699953620319204891_n.jpg\"><img loading=\"lazy\" decoding=\"async\" width=\"575\" height=\"720\" src=\"https:\/\/atecordoba.org\/wp-content\/uploads\/2022\/03\/276309078_5490288684348560_7699953620319204891_n.jpg\" alt=\"\" data-id=\"30954\" data-full-url=\"https:\/\/atecordoba.org\/wp-content\/uploads\/2022\/03\/276309078_5490288684348560_7699953620319204891_n.jpg\" data-link=\"https:\/\/atecordoba.org\/?attachment_id=30954\" class=\"wp-image-30954\" srcset=\"https:\/\/atecordoba.org\/wp-content\/uploads\/2022\/03\/276309078_5490288684348560_7699953620319204891_n.jpg 575w, https:\/\/atecordoba.org\/wp-content\/uploads\/2022\/03\/276309078_5490288684348560_7699953620319204891_n-240x300.jpg 240w\" sizes=\"auto, (max-width: 575px) 100vw, 575px\" \/><\/a><\/figure><\/li><li class=\"blocks-gallery-item\"><figure><a href=\"https:\/\/atecordoba.org\/wp-content\/uploads\/2022\/03\/276319383_5490287067682055_2832639310727267552_n.jpg\"><img loading=\"lazy\" decoding=\"async\" width=\"1024\" height=\"768\" src=\"https:\/\/atecordoba.org\/wp-content\/uploads\/2022\/03\/276319383_5490287067682055_2832639310727267552_n-1024x768.jpg\" alt=\"\" data-id=\"30955\" data-full-url=\"https:\/\/atecordoba.org\/wp-content\/uploads\/2022\/03\/276319383_5490287067682055_2832639310727267552_n.jpg\" data-link=\"https:\/\/atecordoba.org\/?attachment_id=30955\" class=\"wp-image-30955\" srcset=\"https:\/\/atecordoba.org\/wp-content\/uploads\/2022\/03\/276319383_5490287067682055_2832639310727267552_n-1024x768.jpg 1024w, https:\/\/atecordoba.org\/wp-content\/uploads\/2022\/03\/276319383_5490287067682055_2832639310727267552_n-300x225.jpg 300w, https:\/\/atecordoba.org\/wp-content\/uploads\/2022\/03\/276319383_5490287067682055_2832639310727267552_n-768x576.jpg 768w, https:\/\/atecordoba.org\/wp-content\/uploads\/2022\/03\/276319383_5490287067682055_2832639310727267552_n-1536x1152.jpg 1536w, https:\/\/atecordoba.org\/wp-content\/uploads\/2022\/03\/276319383_5490287067682055_2832639310727267552_n-750x563.jpg 750w, https:\/\/atecordoba.org\/wp-content\/uploads\/2022\/03\/276319383_5490287067682055_2832639310727267552_n-1140x855.jpg 1140w, https:\/\/atecordoba.org\/wp-content\/uploads\/2022\/03\/276319383_5490287067682055_2832639310727267552_n.jpg 1600w\" sizes=\"auto, (max-width: 1024px) 100vw, 1024px\" \/><\/a><\/figure><\/li><li class=\"blocks-gallery-item\"><figure><a href=\"https:\/\/atecordoba.org\/wp-content\/uploads\/2022\/03\/276320407_5490286227682139_550160985333593640_n.jpg\"><img loading=\"lazy\" decoding=\"async\" width=\"1024\" height=\"576\" src=\"https:\/\/atecordoba.org\/wp-content\/uploads\/2022\/03\/276320407_5490286227682139_550160985333593640_n-1024x576.jpg\" alt=\"\" data-id=\"30956\" data-full-url=\"https:\/\/atecordoba.org\/wp-content\/uploads\/2022\/03\/276320407_5490286227682139_550160985333593640_n.jpg\" data-link=\"https:\/\/atecordoba.org\/?attachment_id=30956\" class=\"wp-image-30956\" srcset=\"https:\/\/atecordoba.org\/wp-content\/uploads\/2022\/03\/276320407_5490286227682139_550160985333593640_n-1024x576.jpg 1024w, https:\/\/atecordoba.org\/wp-content\/uploads\/2022\/03\/276320407_5490286227682139_550160985333593640_n-300x169.jpg 300w, https:\/\/atecordoba.org\/wp-content\/uploads\/2022\/03\/276320407_5490286227682139_550160985333593640_n-768x432.jpg 768w, https:\/\/atecordoba.org\/wp-content\/uploads\/2022\/03\/276320407_5490286227682139_550160985333593640_n-1536x864.jpg 1536w, https:\/\/atecordoba.org\/wp-content\/uploads\/2022\/03\/276320407_5490286227682139_550160985333593640_n-750x422.jpg 750w, https:\/\/atecordoba.org\/wp-content\/uploads\/2022\/03\/276320407_5490286227682139_550160985333593640_n-1140x641.jpg 1140w, https:\/\/atecordoba.org\/wp-content\/uploads\/2022\/03\/276320407_5490286227682139_550160985333593640_n.jpg 1600w\" sizes=\"auto, (max-width: 1024px) 100vw, 1024px\" \/><\/a><\/figure><\/li><li class=\"blocks-gallery-item\"><figure><a href=\"https:\/\/atecordoba.org\/wp-content\/uploads\/2022\/03\/276999438_5490286964348732_4100141503190460181_n.jpg\"><img loading=\"lazy\" decoding=\"async\" width=\"1024\" height=\"768\" src=\"https:\/\/atecordoba.org\/wp-content\/uploads\/2022\/03\/276999438_5490286964348732_4100141503190460181_n-1024x768.jpg\" alt=\"\" data-id=\"30957\" data-full-url=\"https:\/\/atecordoba.org\/wp-content\/uploads\/2022\/03\/276999438_5490286964348732_4100141503190460181_n.jpg\" data-link=\"https:\/\/atecordoba.org\/?attachment_id=30957\" class=\"wp-image-30957\" srcset=\"https:\/\/atecordoba.org\/wp-content\/uploads\/2022\/03\/276999438_5490286964348732_4100141503190460181_n-1024x768.jpg 1024w, https:\/\/atecordoba.org\/wp-content\/uploads\/2022\/03\/276999438_5490286964348732_4100141503190460181_n-300x225.jpg 300w, https:\/\/atecordoba.org\/wp-content\/uploads\/2022\/03\/276999438_5490286964348732_4100141503190460181_n-768x576.jpg 768w, https:\/\/atecordoba.org\/wp-content\/uploads\/2022\/03\/276999438_5490286964348732_4100141503190460181_n-1536x1152.jpg 1536w, https:\/\/atecordoba.org\/wp-content\/uploads\/2022\/03\/276999438_5490286964348732_4100141503190460181_n-750x563.jpg 750w, https:\/\/atecordoba.org\/wp-content\/uploads\/2022\/03\/276999438_5490286964348732_4100141503190460181_n-1140x855.jpg 1140w, https:\/\/atecordoba.org\/wp-content\/uploads\/2022\/03\/276999438_5490286964348732_4100141503190460181_n.jpg 1600w\" sizes=\"auto, (max-width: 1024px) 100vw, 1024px\" \/><\/a><\/figure><\/li><li class=\"blocks-gallery-item\"><figure><a href=\"https:\/\/atecordoba.org\/wp-content\/uploads\/2022\/03\/277001540_5490285967682165_4120198464162027141_n.jpg\"><img loading=\"lazy\" decoding=\"async\" width=\"1024\" height=\"768\" src=\"https:\/\/atecordoba.org\/wp-content\/uploads\/2022\/03\/277001540_5490285967682165_4120198464162027141_n-1024x768.jpg\" alt=\"\" data-id=\"30958\" data-full-url=\"https:\/\/atecordoba.org\/wp-content\/uploads\/2022\/03\/277001540_5490285967682165_4120198464162027141_n.jpg\" data-link=\"https:\/\/atecordoba.org\/?attachment_id=30958\" class=\"wp-image-30958\" srcset=\"https:\/\/atecordoba.org\/wp-content\/uploads\/2022\/03\/277001540_5490285967682165_4120198464162027141_n-1024x768.jpg 1024w, https:\/\/atecordoba.org\/wp-content\/uploads\/2022\/03\/277001540_5490285967682165_4120198464162027141_n-300x225.jpg 300w, https:\/\/atecordoba.org\/wp-content\/uploads\/2022\/03\/277001540_5490285967682165_4120198464162027141_n-768x576.jpg 768w, https:\/\/atecordoba.org\/wp-content\/uploads\/2022\/03\/277001540_5490285967682165_4120198464162027141_n-1536x1152.jpg 1536w, https:\/\/atecordoba.org\/wp-content\/uploads\/2022\/03\/277001540_5490285967682165_4120198464162027141_n-750x563.jpg 750w, https:\/\/atecordoba.org\/wp-content\/uploads\/2022\/03\/277001540_5490285967682165_4120198464162027141_n-1140x855.jpg 1140w, https:\/\/atecordoba.org\/wp-content\/uploads\/2022\/03\/277001540_5490285967682165_4120198464162027141_n.jpg 1600w\" sizes=\"auto, (max-width: 1024px) 100vw, 1024px\" \/><\/a><\/figure><\/li><li class=\"blocks-gallery-item\"><figure><a href=\"https:\/\/atecordoba.org\/wp-content\/uploads\/2022\/03\/277080460_5490286664348762_1889868079218717388_n.jpg\"><img loading=\"lazy\" decoding=\"async\" width=\"1024\" height=\"768\" src=\"https:\/\/atecordoba.org\/wp-content\/uploads\/2022\/03\/277080460_5490286664348762_1889868079218717388_n-1024x768.jpg\" alt=\"\" data-id=\"30959\" data-full-url=\"https:\/\/atecordoba.org\/wp-content\/uploads\/2022\/03\/277080460_5490286664348762_1889868079218717388_n.jpg\" data-link=\"https:\/\/atecordoba.org\/?attachment_id=30959\" class=\"wp-image-30959\" srcset=\"https:\/\/atecordoba.org\/wp-content\/uploads\/2022\/03\/277080460_5490286664348762_1889868079218717388_n-1024x768.jpg 1024w, https:\/\/atecordoba.org\/wp-content\/uploads\/2022\/03\/277080460_5490286664348762_1889868079218717388_n-300x225.jpg 300w, https:\/\/atecordoba.org\/wp-content\/uploads\/2022\/03\/277080460_5490286664348762_1889868079218717388_n-768x576.jpg 768w, https:\/\/atecordoba.org\/wp-content\/uploads\/2022\/03\/277080460_5490286664348762_1889868079218717388_n-1536x1152.jpg 1536w, https:\/\/atecordoba.org\/wp-content\/uploads\/2022\/03\/277080460_5490286664348762_1889868079218717388_n-750x563.jpg 750w, https:\/\/atecordoba.org\/wp-content\/uploads\/2022\/03\/277080460_5490286664348762_1889868079218717388_n-1140x855.jpg 1140w, https:\/\/atecordoba.org\/wp-content\/uploads\/2022\/03\/277080460_5490286664348762_1889868079218717388_n.jpg 1600w\" sizes=\"auto, (max-width: 1024px) 100vw, 1024px\" \/><\/a><\/figure><\/li><li class=\"blocks-gallery-item\"><figure><a href=\"https:\/\/atecordoba.org\/wp-content\/uploads\/2022\/03\/277148428_5490279961016099_5005690772790627578_n.jpg\"><img loading=\"lazy\" decoding=\"async\" width=\"460\" height=\"1024\" src=\"https:\/\/atecordoba.org\/wp-content\/uploads\/2022\/03\/277148428_5490279961016099_5005690772790627578_n-460x1024.jpg\" alt=\"\" data-id=\"30960\" data-full-url=\"https:\/\/atecordoba.org\/wp-content\/uploads\/2022\/03\/277148428_5490279961016099_5005690772790627578_n.jpg\" data-link=\"https:\/\/atecordoba.org\/?attachment_id=30960\" class=\"wp-image-30960\" srcset=\"https:\/\/atecordoba.org\/wp-content\/uploads\/2022\/03\/277148428_5490279961016099_5005690772790627578_n-460x1024.jpg 460w, https:\/\/atecordoba.org\/wp-content\/uploads\/2022\/03\/277148428_5490279961016099_5005690772790627578_n-135x300.jpg 135w, https:\/\/atecordoba.org\/wp-content\/uploads\/2022\/03\/277148428_5490279961016099_5005690772790627578_n.jpg 575w\" sizes=\"auto, (max-width: 460px) 100vw, 460px\" \/><\/a><\/figure><\/li><li class=\"blocks-gallery-item\"><figure><a href=\"https:\/\/atecordoba.org\/wp-content\/uploads\/2022\/03\/277160840_5490286087682153_1983953771867454137_n.jpg\"><img loading=\"lazy\" decoding=\"async\" width=\"1024\" height=\"768\" src=\"https:\/\/atecordoba.org\/wp-content\/uploads\/2022\/03\/277160840_5490286087682153_1983953771867454137_n-1024x768.jpg\" alt=\"\" data-id=\"30961\" data-full-url=\"https:\/\/atecordoba.org\/wp-content\/uploads\/2022\/03\/277160840_5490286087682153_1983953771867454137_n.jpg\" data-link=\"https:\/\/atecordoba.org\/?attachment_id=30961\" class=\"wp-image-30961\" srcset=\"https:\/\/atecordoba.org\/wp-content\/uploads\/2022\/03\/277160840_5490286087682153_1983953771867454137_n-1024x768.jpg 1024w, https:\/\/atecordoba.org\/wp-content\/uploads\/2022\/03\/277160840_5490286087682153_1983953771867454137_n-300x225.jpg 300w, https:\/\/atecordoba.org\/wp-content\/uploads\/2022\/03\/277160840_5490286087682153_1983953771867454137_n-768x576.jpg 768w, https:\/\/atecordoba.org\/wp-content\/uploads\/2022\/03\/277160840_5490286087682153_1983953771867454137_n-1536x1152.jpg 1536w, https:\/\/atecordoba.org\/wp-content\/uploads\/2022\/03\/277160840_5490286087682153_1983953771867454137_n-750x563.jpg 750w, https:\/\/atecordoba.org\/wp-content\/uploads\/2022\/03\/277160840_5490286087682153_1983953771867454137_n-1140x855.jpg 1140w, https:\/\/atecordoba.org\/wp-content\/uploads\/2022\/03\/277160840_5490286087682153_1983953771867454137_n.jpg 1600w\" sizes=\"auto, (max-width: 1024px) 100vw, 1024px\" \/><\/a><\/figure><\/li><li class=\"blocks-gallery-item\"><figure><a href=\"https:\/\/atecordoba.org\/wp-content\/uploads\/2022\/03\/277174812_5490289164348512_8893197004236372003_n-1.jpg\"><img loading=\"lazy\" decoding=\"async\" width=\"1024\" height=\"768\" src=\"https:\/\/atecordoba.org\/wp-content\/uploads\/2022\/03\/277174812_5490289164348512_8893197004236372003_n-1-1024x768.jpg\" alt=\"\" data-id=\"30962\" data-full-url=\"https:\/\/atecordoba.org\/wp-content\/uploads\/2022\/03\/277174812_5490289164348512_8893197004236372003_n-1.jpg\" data-link=\"https:\/\/atecordoba.org\/?attachment_id=30962\" class=\"wp-image-30962\" srcset=\"https:\/\/atecordoba.org\/wp-content\/uploads\/2022\/03\/277174812_5490289164348512_8893197004236372003_n-1-1024x768.jpg 1024w, https:\/\/atecordoba.org\/wp-content\/uploads\/2022\/03\/277174812_5490289164348512_8893197004236372003_n-1-300x225.jpg 300w, https:\/\/atecordoba.org\/wp-content\/uploads\/2022\/03\/277174812_5490289164348512_8893197004236372003_n-1-768x576.jpg 768w, https:\/\/atecordoba.org\/wp-content\/uploads\/2022\/03\/277174812_5490289164348512_8893197004236372003_n-1-1536x1152.jpg 1536w, https:\/\/atecordoba.org\/wp-content\/uploads\/2022\/03\/277174812_5490289164348512_8893197004236372003_n-1-750x563.jpg 750w, https:\/\/atecordoba.org\/wp-content\/uploads\/2022\/03\/277174812_5490289164348512_8893197004236372003_n-1-1140x855.jpg 1140w, https:\/\/atecordoba.org\/wp-content\/uploads\/2022\/03\/277174812_5490289164348512_8893197004236372003_n-1.jpg 1600w\" sizes=\"auto, (max-width: 1024px) 100vw, 1024px\" \/><\/a><\/figure><\/li><li class=\"blocks-gallery-item\"><figure><a href=\"https:\/\/atecordoba.org\/wp-content\/uploads\/2022\/03\/277175306_5490288614348567_2331605749408415936_n.jpg\"><img loading=\"lazy\" decoding=\"async\" width=\"576\" height=\"1024\" src=\"https:\/\/atecordoba.org\/wp-content\/uploads\/2022\/03\/277175306_5490288614348567_2331605749408415936_n-576x1024.jpg\" alt=\"\" data-id=\"30963\" data-full-url=\"https:\/\/atecordoba.org\/wp-content\/uploads\/2022\/03\/277175306_5490288614348567_2331605749408415936_n.jpg\" data-link=\"https:\/\/atecordoba.org\/?attachment_id=30963\" class=\"wp-image-30963\" srcset=\"https:\/\/atecordoba.org\/wp-content\/uploads\/2022\/03\/277175306_5490288614348567_2331605749408415936_n-576x1024.jpg 576w, https:\/\/atecordoba.org\/wp-content\/uploads\/2022\/03\/277175306_5490288614348567_2331605749408415936_n-169x300.jpg 169w, https:\/\/atecordoba.org\/wp-content\/uploads\/2022\/03\/277175306_5490288614348567_2331605749408415936_n-768x1365.jpg 768w, https:\/\/atecordoba.org\/wp-content\/uploads\/2022\/03\/277175306_5490288614348567_2331605749408415936_n-864x1536.jpg 864w, https:\/\/atecordoba.org\/wp-content\/uploads\/2022\/03\/277175306_5490288614348567_2331605749408415936_n-750x1333.jpg 750w, https:\/\/atecordoba.org\/wp-content\/uploads\/2022\/03\/277175306_5490288614348567_2331605749408415936_n.jpg 900w\" sizes=\"auto, (max-width: 576px) 100vw, 576px\" \/><\/a><\/figure><\/li><li class=\"blocks-gallery-item\"><figure><a href=\"https:\/\/atecordoba.org\/wp-content\/uploads\/2022\/03\/277175959_5490279757682786_3645313394402278224_n.jpg\"><img loading=\"lazy\" decoding=\"async\" width=\"460\" height=\"1024\" src=\"https:\/\/atecordoba.org\/wp-content\/uploads\/2022\/03\/277175959_5490279757682786_3645313394402278224_n-460x1024.jpg\" alt=\"\" data-id=\"30964\" data-full-url=\"https:\/\/atecordoba.org\/wp-content\/uploads\/2022\/03\/277175959_5490279757682786_3645313394402278224_n.jpg\" data-link=\"https:\/\/atecordoba.org\/?attachment_id=30964\" class=\"wp-image-30964\" srcset=\"https:\/\/atecordoba.org\/wp-content\/uploads\/2022\/03\/277175959_5490279757682786_3645313394402278224_n-460x1024.jpg 460w, https:\/\/atecordoba.org\/wp-content\/uploads\/2022\/03\/277175959_5490279757682786_3645313394402278224_n-135x300.jpg 135w, https:\/\/atecordoba.org\/wp-content\/uploads\/2022\/03\/277175959_5490279757682786_3645313394402278224_n.jpg 575w\" sizes=\"auto, (max-width: 460px) 100vw, 460px\" \/><\/a><\/figure><\/li><li class=\"blocks-gallery-item\"><figure><a href=\"https:\/\/atecordoba.org\/wp-content\/uploads\/2022\/03\/277224766_5490289011015194_3615138901544815487_n.jpg\"><img loading=\"lazy\" decoding=\"async\" width=\"1024\" height=\"768\" src=\"https:\/\/atecordoba.org\/wp-content\/uploads\/2022\/03\/277224766_5490289011015194_3615138901544815487_n-1024x768.jpg\" alt=\"\" data-id=\"30965\" data-full-url=\"https:\/\/atecordoba.org\/wp-content\/uploads\/2022\/03\/277224766_5490289011015194_3615138901544815487_n.jpg\" data-link=\"https:\/\/atecordoba.org\/?attachment_id=30965\" class=\"wp-image-30965\" srcset=\"https:\/\/atecordoba.org\/wp-content\/uploads\/2022\/03\/277224766_5490289011015194_3615138901544815487_n-1024x768.jpg 1024w, https:\/\/atecordoba.org\/wp-content\/uploads\/2022\/03\/277224766_5490289011015194_3615138901544815487_n-300x225.jpg 300w, https:\/\/atecordoba.org\/wp-content\/uploads\/2022\/03\/277224766_5490289011015194_3615138901544815487_n-768x576.jpg 768w, https:\/\/atecordoba.org\/wp-content\/uploads\/2022\/03\/277224766_5490289011015194_3615138901544815487_n-1536x1152.jpg 1536w, https:\/\/atecordoba.org\/wp-content\/uploads\/2022\/03\/277224766_5490289011015194_3615138901544815487_n-750x563.jpg 750w, https:\/\/atecordoba.org\/wp-content\/uploads\/2022\/03\/277224766_5490289011015194_3615138901544815487_n-1140x855.jpg 1140w, https:\/\/atecordoba.org\/wp-content\/uploads\/2022\/03\/277224766_5490289011015194_3615138901544815487_n.jpg 1600w\" sizes=\"auto, (max-width: 1024px) 100vw, 1024px\" \/><\/a><\/figure><\/li><li class=\"blocks-gallery-item\"><figure><a href=\"https:\/\/atecordoba.org\/wp-content\/uploads\/2022\/03\/277225533_5490280367682725_7836147966953155229_n.jpg\"><img loading=\"lazy\" decoding=\"async\" width=\"768\" height=\"1024\" src=\"https:\/\/atecordoba.org\/wp-content\/uploads\/2022\/03\/277225533_5490280367682725_7836147966953155229_n-768x1024.jpg\" alt=\"\" data-id=\"30966\" data-full-url=\"https:\/\/atecordoba.org\/wp-content\/uploads\/2022\/03\/277225533_5490280367682725_7836147966953155229_n.jpg\" data-link=\"https:\/\/atecordoba.org\/?attachment_id=30966\" class=\"wp-image-30966\" srcset=\"https:\/\/atecordoba.org\/wp-content\/uploads\/2022\/03\/277225533_5490280367682725_7836147966953155229_n-768x1024.jpg 768w, https:\/\/atecordoba.org\/wp-content\/uploads\/2022\/03\/277225533_5490280367682725_7836147966953155229_n-225x300.jpg 225w, https:\/\/atecordoba.org\/wp-content\/uploads\/2022\/03\/277225533_5490280367682725_7836147966953155229_n-750x1000.jpg 750w, https:\/\/atecordoba.org\/wp-content\/uploads\/2022\/03\/277225533_5490280367682725_7836147966953155229_n.jpg 960w\" sizes=\"auto, (max-width: 768px) 100vw, 768px\" \/><\/a><\/figure><\/li><li class=\"blocks-gallery-item\"><figure><a href=\"https:\/\/atecordoba.org\/wp-content\/uploads\/2022\/03\/277250180_5490289327681829_741190680824445317_n.jpg\"><img loading=\"lazy\" decoding=\"async\" width=\"1024\" height=\"768\" src=\"https:\/\/atecordoba.org\/wp-content\/uploads\/2022\/03\/277250180_5490289327681829_741190680824445317_n-1024x768.jpg\" alt=\"\" data-id=\"30967\" data-full-url=\"https:\/\/atecordoba.org\/wp-content\/uploads\/2022\/03\/277250180_5490289327681829_741190680824445317_n.jpg\" data-link=\"https:\/\/atecordoba.org\/?attachment_id=30967\" class=\"wp-image-30967\" srcset=\"https:\/\/atecordoba.org\/wp-content\/uploads\/2022\/03\/277250180_5490289327681829_741190680824445317_n-1024x768.jpg 1024w, https:\/\/atecordoba.org\/wp-content\/uploads\/2022\/03\/277250180_5490289327681829_741190680824445317_n-300x225.jpg 300w, https:\/\/atecordoba.org\/wp-content\/uploads\/2022\/03\/277250180_5490289327681829_741190680824445317_n-768x576.jpg 768w, https:\/\/atecordoba.org\/wp-content\/uploads\/2022\/03\/277250180_5490289327681829_741190680824445317_n-1536x1152.jpg 1536w, https:\/\/atecordoba.org\/wp-content\/uploads\/2022\/03\/277250180_5490289327681829_741190680824445317_n-750x563.jpg 750w, https:\/\/atecordoba.org\/wp-content\/uploads\/2022\/03\/277250180_5490289327681829_741190680824445317_n-1140x855.jpg 1140w, https:\/\/atecordoba.org\/wp-content\/uploads\/2022\/03\/277250180_5490289327681829_741190680824445317_n.jpg 1600w\" sizes=\"auto, (max-width: 1024px) 100vw, 1024px\" \/><\/a><\/figure><\/li><\/ul><\/figure>\n\n\n\n<p><\/p>\n","protected":false},"excerpt":{"rendered":"<p>(Fotos Julia Ferreyra) Con mucha emoci\u00f3n, llevando con orgullo el legado de las y los estatales desaparecidos por la dictadura genocida, pero tambi\u00e9n de las y los miles de cesanteados, exiliados y perseguidos de m\u00faltiples y brutales formas, ATE C\u00f3rdoba estuvo presente con una nutrida columna de compa\u00f1eros y compa\u00f1eras en la movilizaci\u00f3n masiva que [&hellip;]<\/p>\n","protected":false},"author":7,"featured_media":30947,"comment_status":"open","ping_status":"open","sticky":false,"template":"","format":"standard","meta":{"_exactmetrics_skip_tracking":false,"_exactmetrics_sitenote_active":false,"_exactmetrics_sitenote_note":"","_exactmetrics_sitenote_category":0,"jnews-multi-image_gallery":[],"jnews_single_post":{"subtitle":"\"Estamos en una jornada hist\u00f3rica, es impactante la masiva concurrencia, muchas familias y muchos j\u00f3venes\", dijo el secretario General de ATE C\u00f3rdoba, Federico Giuliani.","format":"standard","video":"","gallery":"","source_name":"","source_url":"","via_name":"","via_url":"","override":[{"template":"1","single_blog_custom":"","parallax":"1","fullscreen":"1","layout":"right-sidebar","sidebar":"default-sidebar","second_sidebar":"default-sidebar","sticky_sidebar":"1","share_position":"top","share_float_style":"share-monocrhome","show_share_counter":"1","show_view_counter":"1","show_featured":"1","show_post_meta":"1","show_post_author":"1","show_post_author_image":"1","show_post_date":"1","post_date_format":"default","post_date_format_custom":"Y\/m\/d","show_post_category":"1","post_reading_time_wpm":"300","zoom_button_out_step":"2","zoom_button_in_step":"3","show_post_tag":"1","show_prev_next_post":"1","show_popup_post":"1","number_popup_post":"1"}],"image_override":[{"single_post_thumbnail_size":"crop-500","single_post_gallery_size":"crop-500"}],"trending_post_position":"meta","trending_post_label":"Trending","sponsored_post_label":"Sponsored by","sponsored_post_name":"","sponsored_post_url":"","sponsored_post_logo":"","sponsored_post_desc":""},"jnews_primary_category":{"id":""},"jnews_social_meta":[],"jnews_review":[],"enable_review":"","type":"","name":"","summary":"","brand":"","sku":"","good":[],"bad":[],"score_override":"","override_value":"","rating":[],"price":[],"jnews_override_counter":[],"jnews_post_split":[],"footnotes":""},"categories":[341,122],"tags":[],"class_list":["post-30946","post","type-post","status-publish","format-standard","has-post-thumbnail","hentry","category-cdp","category-ddhh"],"jetpack_featured_media_url":"https:\/\/atecordoba.org\/wp-content\/uploads\/2022\/03\/276259332_5490285827682179_7959784668923161861_n-e1648229653440.jpg","_links":{"self":[{"href":"https:\/\/atecordoba.org\/index.php?rest_route=\/wp\/v2\/posts\/30946","targetHints":{"allow":["GET"]}}],"collection":[{"href":"https:\/\/atecordoba.org\/index.php?rest_route=\/wp\/v2\/posts"}],"about":[{"href":"https:\/\/atecordoba.org\/index.php?rest_route=\/wp\/v2\/types\/post"}],"author":[{"embeddable":true,"href":"https:\/\/atecordoba.org\/index.php?rest_route=\/wp\/v2\/users\/7"}],"replies":[{"embeddable":true,"href":"https:\/\/atecordoba.org\/index.php?rest_route=%2Fwp%2Fv2%2Fcomments&post=30946"}],"version-history":[{"count":5,"href":"https:\/\/atecordoba.org\/index.php?rest_route=\/wp\/v2\/posts\/30946\/revisions"}],"predecessor-version":[{"id":30974,"href":"https:\/\/atecordoba.org\/index.php?rest_route=\/wp\/v2\/posts\/30946\/revisions\/30974"}],"wp:featuredmedia":[{"embeddable":true,"href":"https:\/\/atecordoba.org\/index.php?rest_route=\/wp\/v2\/media\/30947"}],"wp:attachment":[{"href":"https:\/\/atecordoba.org\/index.php?rest_route=%2Fwp%2Fv2%2Fmedia&parent=30946"}],"wp:term":[{"taxonomy":"category","embeddable":true,"href":"https:\/\/atecordoba.org\/index.php?rest_route=%2Fwp%2Fv2%2Fcategories&post=30946"},{"taxonomy":"post_tag","embeddable":true,"href":"https:\/\/atecordoba.org\/index.php?rest_route=%2Fwp%2Fv2%2Ftags&post=30946"}],"curies":[{"name":"wp","href":"https:\/\/api.w.org\/{rel}","templated":true}]}}