{"id":30942,"date":"2022-03-25T11:27:07","date_gmt":"2022-03-25T14:27:07","guid":{"rendered":"https:\/\/atecordoba.org\/?p=30942"},"modified":"2022-03-25T12:46:41","modified_gmt":"2022-03-25T15:46:41","slug":"logro-de-ate-pases-a-planta-permanente-en-la-localidad-de-bulnes","status":"publish","type":"post","link":"https:\/\/atecordoba.org\/?p=30942","title":{"rendered":"Logro de ATE: pases a planta permanente en la localidad de Bulnes"},"content":{"rendered":"\n<div class=\"wp-block-image\"><figure class=\"aligncenter size-large is-resized\"><img loading=\"lazy\" decoding=\"async\" src=\"https:\/\/atecordoba.org\/wp-content\/uploads\/2022\/03\/FB_IMG_1648051511048.jpg\" alt=\"\" class=\"wp-image-30943\" width=\"720\" height=\"720\" \/><\/figure><\/div>\n\n\n\n<p>En una reuni\u00f3n llevada a cabo con el intendente Mart\u00edn Toselli de la localidad de Bulnes, radicada dentro del \u00e1mbito de actuaci\u00f3n de la seccional ATE Adelia Mar\u00eda, nuestro gremio  acord\u00f3 el pase a planta permanente de tres trabajadores municipales. <\/p>\n\n\n\n<p>De esta forma se incrementa el personal con estabilidad laboral en un cuerpo de trabajadores y trabajadores que alcanza las y los 25 compa\u00f1eros. <\/p>\n\n\n\n<p>&#8220;Estamos muy contentos y esperamos seguir avanzando con otros logros para el sector porque hay muy buena disposici\u00f3n entre las partes&#8221;, dijo la compa\u00f1era Liliana Morales, integrante de la comisi\u00f3n directiva de la seccional.<\/p>\n","protected":false},"excerpt":{"rendered":"<p>En una reuni\u00f3n llevada a cabo con el intendente Mart\u00edn Toselli de la localidad de Bulnes, radicada dentro del \u00e1mbito de actuaci\u00f3n de la seccional ATE Adelia Mar\u00eda, nuestro gremio acord\u00f3 el pase a planta permanente de tres trabajadores municipales. De esta forma se incrementa el personal con estabilidad laboral en un cuerpo de trabajadores [&hellip;]<\/p>\n","protected":false},"author":7,"featured_media":30943,"comment_status":"open","ping_status":"open","sticky":false,"template":"","format":"standard","meta":{"_exactmetrics_skip_tracking":false,"_exactmetrics_sitenote_active":false,"_exactmetrics_sitenote_note":"","_exactmetrics_sitenote_category":0,"jnews-multi-image_gallery":[],"jnews_single_post":{"subtitle":"Se trata de una localidad ubicada en el sur provincial, a casi 300 kil\u00f3metros de C\u00f3rdoba Capital.","format":"standard","video":"","gallery":"","source_name":"","source_url":"","via_name":"","via_url":"","override":[{"template":"1","single_blog_custom":"","parallax":"1","fullscreen":"1","layout":"right-sidebar","sidebar":"default-sidebar","second_sidebar":"default-sidebar","sticky_sidebar":"1","share_position":"top","share_float_style":"share-monocrhome","show_share_counter":"1","show_view_counter":"1","show_featured":"1","show_post_meta":"1","show_post_author":"1","show_post_author_image":"1","show_post_date":"1","post_date_format":"default","post_date_format_custom":"Y\/m\/d","show_post_category":"1","post_reading_time_wpm":"300","zoom_button_out_step":"2","zoom_button_in_step":"3","show_post_tag":"1","show_prev_next_post":"1","show_popup_post":"1","number_popup_post":"1"}],"image_override":[{"single_post_thumbnail_size":"crop-500","single_post_gallery_size":"crop-500"}],"trending_post_position":"meta","trending_post_label":"Trending","sponsored_post_label":"Sponsored by","sponsored_post_name":"","sponsored_post_url":"","sponsored_post_logo":"","sponsored_post_desc":""},"jnews_primary_category":{"id":""},"jnews_social_meta":[],"jnews_review":[],"enable_review":"","type":"","name":"","summary":"","brand":"","sku":"","good":[],"bad":[],"score_override":"","override_value":"","rating":[],"price":[],"jnews_override_counter":[],"jnews_post_split":[],"footnotes":""},"categories":[149,20],"tags":[664],"class_list":["post-30942","post","type-post","status-publish","format-standard","has-post-thumbnail","hentry","category-adelia-maria","category-municipales","tag-bulnes"],"jetpack_featured_media_url":"https:\/\/atecordoba.org\/wp-content\/uploads\/2022\/03\/FB_IMG_1648051511048-e1648218416354.jpg","_links":{"self":[{"href":"https:\/\/atecordoba.org\/index.php?rest_route=\/wp\/v2\/posts\/30942","targetHints":{"allow":["GET"]}}],"collection":[{"href":"https:\/\/atecordoba.org\/index.php?rest_route=\/wp\/v2\/posts"}],"about":[{"href":"https:\/\/atecordoba.org\/index.php?rest_route=\/wp\/v2\/types\/post"}],"author":[{"embeddable":true,"href":"https:\/\/atecordoba.org\/index.php?rest_route=\/wp\/v2\/users\/7"}],"replies":[{"embeddable":true,"href":"https:\/\/atecordoba.org\/index.php?rest_route=%2Fwp%2Fv2%2Fcomments&post=30942"}],"version-history":[{"count":2,"href":"https:\/\/atecordoba.org\/index.php?rest_route=\/wp\/v2\/posts\/30942\/revisions"}],"predecessor-version":[{"id":30945,"href":"https:\/\/atecordoba.org\/index.php?rest_route=\/wp\/v2\/posts\/30942\/revisions\/30945"}],"wp:featuredmedia":[{"embeddable":true,"href":"https:\/\/atecordoba.org\/index.php?rest_route=\/wp\/v2\/media\/30943"}],"wp:attachment":[{"href":"https:\/\/atecordoba.org\/index.php?rest_route=%2Fwp%2Fv2%2Fmedia&parent=30942"}],"wp:term":[{"taxonomy":"category","embeddable":true,"href":"https:\/\/atecordoba.org\/index.php?rest_route=%2Fwp%2Fv2%2Fcategories&post=30942"},{"taxonomy":"post_tag","embeddable":true,"href":"https:\/\/atecordoba.org\/index.php?rest_route=%2Fwp%2Fv2%2Ftags&post=30942"}],"curies":[{"name":"wp","href":"https:\/\/api.w.org\/{rel}","templated":true}]}}