{"id":30939,"date":"2022-03-25T10:03:16","date_gmt":"2022-03-25T13:03:16","guid":{"rendered":"https:\/\/atecordoba.org\/?p=30939"},"modified":"2022-03-25T10:04:30","modified_gmt":"2022-03-25T13:04:30","slug":"en-audiencia-con-la-intendenta-de-transito-ate-pidio-la-apertura-de-paritarias","status":"publish","type":"post","link":"https:\/\/atecordoba.org\/?p=30939","title":{"rendered":"En audiencia con la intendenta de Tr\u00e1nsito ATE pidi\u00f3 la apertura de paritarias"},"content":{"rendered":"\n<div class=\"wp-block-image\"><figure class=\"aligncenter size-large is-resized\"><img loading=\"lazy\" decoding=\"async\" src=\"https:\/\/atecordoba.org\/wp-content\/uploads\/2022\/03\/FB_IMG_1648073650490.jpg\" alt=\"\" class=\"wp-image-30940\" width=\"720\" height=\"540\" \/><\/figure><\/div>\n\n\n\n<p>El mi\u00e9rcoles pasado la seccional ATE San Justo se hizo presente en la localidad de Tr\u00e1nsito, en el este provincial.<\/p>\n\n\n\n<p>En la oportunidad la intendenta dra Eliza Carrizo recibi\u00f3 a una delegaci\u00f3n de nuestros gremio encabezada por el secretario General de la seccional, Dar\u00edo Paredes, donde se solicit\u00f3 la apertura de paritarias, aumento salarial, pase a planta y a contrato del personal precarizado y las recategorizaciones adeudadas.<\/p>\n","protected":false},"excerpt":{"rendered":"<p>El mi\u00e9rcoles pasado la seccional ATE San Justo se hizo presente en la localidad de Tr\u00e1nsito, en el este provincial. En la oportunidad la intendenta dra Eliza Carrizo recibi\u00f3 a una delegaci\u00f3n de nuestros gremio encabezada por el secretario General de la seccional, Dar\u00edo Paredes, donde se solicit\u00f3 la apertura de paritarias, aumento salarial, pase [&hellip;]<\/p>\n","protected":false},"author":7,"featured_media":30940,"comment_status":"open","ping_status":"open","sticky":false,"template":"","format":"standard","meta":{"_exactmetrics_skip_tracking":false,"_exactmetrics_sitenote_active":false,"_exactmetrics_sitenote_note":"","_exactmetrics_sitenote_category":0,"jnews-multi-image_gallery":[],"jnews_single_post":{"subtitle":"La jefa comunal recibi\u00f3 al secretario General de ATE San Justo, Dar\u00edo Paredes.","format":"standard","video":"","gallery":"","source_name":"","source_url":"","via_name":"","via_url":"","override":[{"template":"1","single_blog_custom":"","parallax":"1","fullscreen":"1","layout":"right-sidebar","sidebar":"default-sidebar","second_sidebar":"default-sidebar","sticky_sidebar":"1","share_position":"top","share_float_style":"share-monocrhome","show_share_counter":"1","show_view_counter":"1","show_featured":"1","show_post_meta":"1","show_post_author":"1","show_post_author_image":"1","show_post_date":"1","post_date_format":"default","post_date_format_custom":"Y\/m\/d","show_post_category":"1","post_reading_time_wpm":"300","zoom_button_out_step":"2","zoom_button_in_step":"3","show_post_tag":"1","show_prev_next_post":"1","show_popup_post":"1","number_popup_post":"1"}],"image_override":[{"single_post_thumbnail_size":"crop-500","single_post_gallery_size":"crop-500"}],"trending_post_position":"meta","trending_post_label":"Trending","sponsored_post_label":"Sponsored by","sponsored_post_name":"","sponsored_post_url":"","sponsored_post_logo":"","sponsored_post_desc":""},"jnews_primary_category":{"id":""},"jnews_social_meta":[],"jnews_review":[],"enable_review":"","type":"","name":"","summary":"","brand":"","sku":"","good":[],"bad":[],"score_override":"","override_value":"","rating":[],"price":[],"jnews_override_counter":[],"jnews_post_split":[],"footnotes":""},"categories":[20,148],"tags":[876],"class_list":["post-30939","post","type-post","status-publish","format-standard","has-post-thumbnail","hentry","category-municipales","category-san-justo","tag-transito-2"],"jetpack_featured_media_url":"https:\/\/atecordoba.org\/wp-content\/uploads\/2022\/03\/FB_IMG_1648073650490-e1648213378805.jpg","_links":{"self":[{"href":"https:\/\/atecordoba.org\/index.php?rest_route=\/wp\/v2\/posts\/30939","targetHints":{"allow":["GET"]}}],"collection":[{"href":"https:\/\/atecordoba.org\/index.php?rest_route=\/wp\/v2\/posts"}],"about":[{"href":"https:\/\/atecordoba.org\/index.php?rest_route=\/wp\/v2\/types\/post"}],"author":[{"embeddable":true,"href":"https:\/\/atecordoba.org\/index.php?rest_route=\/wp\/v2\/users\/7"}],"replies":[{"embeddable":true,"href":"https:\/\/atecordoba.org\/index.php?rest_route=%2Fwp%2Fv2%2Fcomments&post=30939"}],"version-history":[{"count":1,"href":"https:\/\/atecordoba.org\/index.php?rest_route=\/wp\/v2\/posts\/30939\/revisions"}],"predecessor-version":[{"id":30941,"href":"https:\/\/atecordoba.org\/index.php?rest_route=\/wp\/v2\/posts\/30939\/revisions\/30941"}],"wp:featuredmedia":[{"embeddable":true,"href":"https:\/\/atecordoba.org\/index.php?rest_route=\/wp\/v2\/media\/30940"}],"wp:attachment":[{"href":"https:\/\/atecordoba.org\/index.php?rest_route=%2Fwp%2Fv2%2Fmedia&parent=30939"}],"wp:term":[{"taxonomy":"category","embeddable":true,"href":"https:\/\/atecordoba.org\/index.php?rest_route=%2Fwp%2Fv2%2Fcategories&post=30939"},{"taxonomy":"post_tag","embeddable":true,"href":"https:\/\/atecordoba.org\/index.php?rest_route=%2Fwp%2Fv2%2Ftags&post=30939"}],"curies":[{"name":"wp","href":"https:\/\/api.w.org\/{rel}","templated":true}]}}