{"id":3091,"date":"2013-08-16T17:13:36","date_gmt":"2013-08-16T20:13:36","guid":{"rendered":"http:\/\/www.atecordoba.org\/?p=3091"},"modified":"2013-08-16T17:13:36","modified_gmt":"2013-08-16T20:13:36","slug":"la-justicia-nos-dio-la-razon-campana-de-difusion-afiches","status":"publish","type":"post","link":"https:\/\/atecordoba.org\/?p=3091","title":{"rendered":"La Justicia Nos Dio la Raz\u00f3n: campa\u00f1a de difusi\u00f3n. afiches"},"content":{"rendered":"<p style=\"text-align: center;\"><a href=\"http:\/\/www.atecordoba.org\/wp-content\/uploads\/2013\/08\/AFICHE-2.jpg\"><img loading=\"lazy\" decoding=\"async\" class=\" wp-image-3039 aligncenter\" alt=\"AFICHE 2\" src=\"http:\/\/www.atecordoba.org\/wp-content\/uploads\/2013\/08\/AFICHE-2-1024x763.jpg\" width=\"590\" height=\"439\" \/><\/a><\/p>\n<p style=\"text-align: center;\"><a href=\"http:\/\/www.atecordoba.org\/wp-content\/uploads\/2013\/08\/AFICHE-5.jpg\"><img loading=\"lazy\" decoding=\"async\" class=\" wp-image-3038 aligncenter\" alt=\"AFICHE 5\" src=\"http:\/\/www.atecordoba.org\/wp-content\/uploads\/2013\/08\/AFICHE-5-1024x763.jpg\" width=\"590\" height=\"439\" \/><\/a><\/p>\n<p style=\"text-align: center;\">\n<p style=\"text-align: center;\"><img loading=\"lazy\" decoding=\"async\" class=\"ngg-singlepic ngg-center aligncenter\" alt=\"afiche-1\" src=\"http:\/\/www.atecordoba.org\/wp-content\/gallery\/afiches\/afiche-1.jpg\" width=\"614\" height=\"457\" \/><\/p>\n<p style=\"text-align: center;\"><img loading=\"lazy\" decoding=\"async\" class=\"ngg-singlepic ngg-center aligncenter\" alt=\"afiche-3\" src=\"http:\/\/www.atecordoba.org\/wp-content\/gallery\/afiches\/afiche-3.jpg\" width=\"596\" height=\"445\" \/><\/p>\n","protected":false},"excerpt":{"rendered":"","protected":false},"author":1,"featured_media":19220,"comment_status":"open","ping_status":"open","sticky":false,"template":"","format":"standard","meta":{"_exactmetrics_skip_tracking":false,"_exactmetrics_sitenote_active":false,"_exactmetrics_sitenote_note":"","_exactmetrics_sitenote_category":0,"jnews-multi-image_gallery":[],"jnews_single_post":[],"jnews_primary_category":[],"jnews_social_meta":[],"jnews_review":[],"enable_review":"","type":"","name":"","summary":"","brand":"","sku":"","good":[],"bad":[],"score_override":"","override_value":"","rating":[],"price":[],"jnews_override_counter":[],"jnews_post_split":[],"footnotes":""},"categories":[90],"tags":[],"class_list":["post-3091","post","type-post","status-publish","format-standard","has-post-thumbnail","hentry","category-campana"],"jetpack_featured_media_url":"https:\/\/atecordoba.org\/wp-content\/uploads\/2020\/05\/logo-nuevochico-e1561581322808.png","_links":{"self":[{"href":"https:\/\/atecordoba.org\/index.php?rest_route=\/wp\/v2\/posts\/3091","targetHints":{"allow":["GET"]}}],"collection":[{"href":"https:\/\/atecordoba.org\/index.php?rest_route=\/wp\/v2\/posts"}],"about":[{"href":"https:\/\/atecordoba.org\/index.php?rest_route=\/wp\/v2\/types\/post"}],"author":[{"embeddable":true,"href":"https:\/\/atecordoba.org\/index.php?rest_route=\/wp\/v2\/users\/1"}],"replies":[{"embeddable":true,"href":"https:\/\/atecordoba.org\/index.php?rest_route=%2Fwp%2Fv2%2Fcomments&post=3091"}],"version-history":[{"count":0,"href":"https:\/\/atecordoba.org\/index.php?rest_route=\/wp\/v2\/posts\/3091\/revisions"}],"wp:featuredmedia":[{"embeddable":true,"href":"https:\/\/atecordoba.org\/index.php?rest_route=\/wp\/v2\/media\/19220"}],"wp:attachment":[{"href":"https:\/\/atecordoba.org\/index.php?rest_route=%2Fwp%2Fv2%2Fmedia&parent=3091"}],"wp:term":[{"taxonomy":"category","embeddable":true,"href":"https:\/\/atecordoba.org\/index.php?rest_route=%2Fwp%2Fv2%2Fcategories&post=3091"},{"taxonomy":"post_tag","embeddable":true,"href":"https:\/\/atecordoba.org\/index.php?rest_route=%2Fwp%2Fv2%2Ftags&post=3091"}],"curies":[{"name":"wp","href":"https:\/\/api.w.org\/{rel}","templated":true}]}}