{"id":30903,"date":"2022-03-23T10:15:43","date_gmt":"2022-03-23T13:15:43","guid":{"rendered":"https:\/\/atecordoba.org\/?p=30903"},"modified":"2022-03-23T10:17:20","modified_gmt":"2022-03-23T13:17:20","slug":"ate-denuncia-una-complicidad-entre-el-ejecutivo-de-rio-cuarto-y-el-sindicato-municipal-que-degrada-el-salario","status":"publish","type":"post","link":"https:\/\/atecordoba.org\/?p=30903","title":{"rendered":"ATE denuncia una complicidad entre el Ejecutivo de R\u00edo Cuarto y el Sindicato Municipal que degrada el salario"},"content":{"rendered":"\n<div class=\"wp-block-image\"><figure class=\"alignleft size-large is-resized\"><img loading=\"lazy\" decoding=\"async\" src=\"https:\/\/atecordoba.org\/wp-content\/uploads\/2022\/03\/RioCuarto_Municipalidad-1024x697.jpg\" alt=\"\" class=\"wp-image-30904\" width=\"512\" height=\"349\" \/><\/figure><\/div>\n\n\n\n<p>En un comunicado emitido ayer, la seccional ATE R\u00edo Cuarto denunci\u00f3 la larga complicidad entre el Ejecutivo municipal de esa ciudad y el Sindicato de Empleados Municipales (SEM-CGT) que &#8220;ha dejado su huella en la calidad de vida de cientos de trabajadores y trabajadoras&#8221;.<\/p>\n\n\n\n<p>Esto es as\u00ed porque los procesos de toma de decisi\u00f3n no han sido democr\u00e1ticos y no han garantizado instancias de debate &#8220;cuya agenda de discusi\u00f3n sea el resultado de asambleas para dar respuestas reales a las y los trabajadores&#8221;, fustig\u00f3 la seccional que conduce la secretaria General Rafaela Alcoba.<\/p>\n\n\n\n<p>\u201cEsta historia la venimos padeciendo hace mucho a\u00f1os, en el transcurso hemos visto deteriorarse nuestros sueldos b\u00e1sicos, el pago de adicionales y con ello se ha destruido la capacidad adquisitiva no solo del personal en actividad sino peor a\u00fan se ha da\u00f1ado la calidad de vida de las y los jubilados&#8221;, apunt\u00f3 la seccional.<\/p>\n\n\n\n<p><strong>Da\u00f1o a la mutual<\/strong><\/p>\n\n\n\n<p>En ese marco de bajos salarios y la carga con adicionales no remunerativos en los salarios de las y los municipales &#8220;conlleva a un da\u00f1o estructural econ\u00f3mico de nuestra Mutual, nuestras p\u00e9rdidas se ven duplicadas al momento de recibir aumentos que se encuentran muy por debajo de la inflaci\u00f3n y adem\u00e1s desde la instituci\u00f3n deben duplicar esfuerzos econ\u00f3micos para no perder la misma&#8221;.<\/p>\n\n\n\n<p>\u201cNuestras p\u00e9rdidas salariales impactan en la calidad de vida de nuestrxs hijxs, nuestro presente y nuestro futuro. Somos trabajadores y trabajadoras. La \u00fanica herramienta de luchas es el Sindicato, afiliate\u201d, alent\u00f3 Alcoba.<\/p>\n","protected":false},"excerpt":{"rendered":"<p>En un comunicado emitido ayer, la seccional ATE R\u00edo Cuarto denunci\u00f3 la larga complicidad entre el Ejecutivo municipal de esa ciudad y el Sindicato de Empleados Municipales (SEM-CGT) que &#8220;ha dejado su huella en la calidad de vida de cientos de trabajadores y trabajadoras&#8221;. Esto es as\u00ed porque los procesos de toma de decisi\u00f3n no [&hellip;]<\/p>\n","protected":false},"author":7,"featured_media":30904,"comment_status":"open","ping_status":"open","sticky":false,"template":"","format":"standard","meta":{"_exactmetrics_skip_tracking":false,"_exactmetrics_sitenote_active":false,"_exactmetrics_sitenote_note":"","_exactmetrics_sitenote_category":0,"jnews-multi-image_gallery":[],"jnews_single_post":{"subtitle":"La seccional que conduce Rafaela Alcoba dijo tambi\u00e9n que est\u00e1 afectada la mutual municipal como efecto de los bajos haberes.","format":"standard","video":"","gallery":"","source_name":"","source_url":"","via_name":"","via_url":"","override":[{"template":"1","single_blog_custom":"","parallax":"1","fullscreen":"1","layout":"right-sidebar","sidebar":"default-sidebar","second_sidebar":"default-sidebar","sticky_sidebar":"1","share_position":"top","share_float_style":"share-monocrhome","show_share_counter":"1","show_view_counter":"1","show_featured":"1","show_post_meta":"1","show_post_author":"1","show_post_author_image":"1","show_post_date":"1","post_date_format":"default","post_date_format_custom":"Y\/m\/d","show_post_category":"1","post_reading_time_wpm":"300","zoom_button_out_step":"2","zoom_button_in_step":"3","show_post_tag":"1","show_prev_next_post":"1","show_popup_post":"1","number_popup_post":"1"}],"image_override":[{"single_post_thumbnail_size":"crop-500","single_post_gallery_size":"crop-500"}],"trending_post_position":"meta","trending_post_label":"Trending","sponsored_post_label":"Sponsored by","sponsored_post_name":"","sponsored_post_url":"","sponsored_post_logo":"","sponsored_post_desc":""},"jnews_primary_category":{"id":""},"jnews_social_meta":[],"jnews_review":[],"enable_review":"","type":"","name":"","summary":"","brand":"","sku":"","good":[],"bad":[],"score_override":"","override_value":"","rating":[],"price":[],"jnews_override_counter":[],"jnews_post_split":[],"footnotes":""},"categories":[20,12],"tags":[1053,881,485],"class_list":["post-30903","post","type-post","status-publish","format-standard","has-post-thumbnail","hentry","category-municipales","category-rio-cuarto","tag-mutual","tag-rio-cuarto","tag-salarios-bajos"],"jetpack_featured_media_url":"https:\/\/atecordoba.org\/wp-content\/uploads\/2022\/03\/RioCuarto_Municipalidad-e1648041337182.jpg","_links":{"self":[{"href":"https:\/\/atecordoba.org\/index.php?rest_route=\/wp\/v2\/posts\/30903","targetHints":{"allow":["GET"]}}],"collection":[{"href":"https:\/\/atecordoba.org\/index.php?rest_route=\/wp\/v2\/posts"}],"about":[{"href":"https:\/\/atecordoba.org\/index.php?rest_route=\/wp\/v2\/types\/post"}],"author":[{"embeddable":true,"href":"https:\/\/atecordoba.org\/index.php?rest_route=\/wp\/v2\/users\/7"}],"replies":[{"embeddable":true,"href":"https:\/\/atecordoba.org\/index.php?rest_route=%2Fwp%2Fv2%2Fcomments&post=30903"}],"version-history":[{"count":1,"href":"https:\/\/atecordoba.org\/index.php?rest_route=\/wp\/v2\/posts\/30903\/revisions"}],"predecessor-version":[{"id":30905,"href":"https:\/\/atecordoba.org\/index.php?rest_route=\/wp\/v2\/posts\/30903\/revisions\/30905"}],"wp:featuredmedia":[{"embeddable":true,"href":"https:\/\/atecordoba.org\/index.php?rest_route=\/wp\/v2\/media\/30904"}],"wp:attachment":[{"href":"https:\/\/atecordoba.org\/index.php?rest_route=%2Fwp%2Fv2%2Fmedia&parent=30903"}],"wp:term":[{"taxonomy":"category","embeddable":true,"href":"https:\/\/atecordoba.org\/index.php?rest_route=%2Fwp%2Fv2%2Fcategories&post=30903"},{"taxonomy":"post_tag","embeddable":true,"href":"https:\/\/atecordoba.org\/index.php?rest_route=%2Fwp%2Fv2%2Ftags&post=30903"}],"curies":[{"name":"wp","href":"https:\/\/api.w.org\/{rel}","templated":true}]}}