{"id":30894,"date":"2022-03-22T14:37:14","date_gmt":"2022-03-22T17:37:14","guid":{"rendered":"https:\/\/atecordoba.org\/?p=30894"},"modified":"2022-03-22T15:03:20","modified_gmt":"2022-03-22T18:03:20","slug":"delegados-electos-en-la-unc","status":"publish","type":"post","link":"https:\/\/atecordoba.org\/?p=30894","title":{"rendered":"La Facultad de Psicolog\u00eda de la UNC eligi\u00f3 nuevos delegados de ATE"},"content":{"rendered":"\n<div class=\"wp-block-image\"><figure class=\"aligncenter size-large is-resized\"><img loading=\"lazy\" decoding=\"async\" src=\"https:\/\/atecordoba.org\/wp-content\/uploads\/2022\/03\/facultad_de_psicologia_UNC-1024x680.jpg\" alt=\"\" class=\"wp-image-30896\" width=\"768\" height=\"510\"\/><\/figure><\/div>\n\n\n\n<p>Con alta participaci\u00f3n de las y los trabajadores no docentes de la Facultad de Psicolog\u00eda de la Universidad Nacional de C\u00f3rdoba, se eligieron hoy dos delegados de ATE en el sector.<\/p>\n\n\n\n<p>&#8220;Fue una campa\u00f1a activa de presentaci\u00f3n ante las y los compa\u00f1eros, trasmitiendo cual es el rol que queremos cumplir como delegados, haciendo foco en la necesidad de la unidad en la defensa de las fuentes de trabajo y la mejora en las condiciones de trabajo sin distinci\u00f3n en el claustro&#8221;, explic\u00f3 Germ\u00e1n Juncos, delegado electo junto a Ra\u00fal Brangi. <\/p>\n\n\n\n<p><\/p>\n","protected":false},"excerpt":{"rendered":"<p>Con alta participaci\u00f3n de las y los trabajadores no docentes de la Facultad de Psicolog\u00eda de la Universidad Nacional de C\u00f3rdoba, se eligieron hoy dos delegados de ATE en el sector. &#8220;Fue una campa\u00f1a activa de presentaci\u00f3n ante las y los compa\u00f1eros, trasmitiendo cual es el rol que queremos cumplir como delegados, haciendo foco en [&hellip;]<\/p>\n","protected":false},"author":7,"featured_media":30896,"comment_status":"open","ping_status":"open","sticky":false,"template":"","format":"standard","meta":{"_exactmetrics_skip_tracking":false,"_exactmetrics_sitenote_active":false,"_exactmetrics_sitenote_note":"","_exactmetrics_sitenote_category":0,"jnews-multi-image_gallery":[],"jnews_single_post":{"subtitle":"Germ\u00e1n Juncos y Ra\u00fal Brangis ser\u00e1n los nuevos representantes de las y los trabajadores de la unidad acad\u00e9mica.","format":"standard","video":"","gallery":"","source_name":"","source_url":"","via_name":"","via_url":"","override":[{"template":"1","single_blog_custom":"","parallax":"1","fullscreen":"1","layout":"right-sidebar","sidebar":"default-sidebar","second_sidebar":"default-sidebar","sticky_sidebar":"1","share_position":"top","share_float_style":"share-monocrhome","show_share_counter":"1","show_view_counter":"1","show_featured":"1","show_post_meta":"1","show_post_author":"1","show_post_author_image":"1","show_post_date":"1","post_date_format":"default","post_date_format_custom":"Y\/m\/d","show_post_category":"1","post_reading_time_wpm":"300","zoom_button_out_step":"2","zoom_button_in_step":"3","show_post_tag":"1","show_prev_next_post":"1","show_popup_post":"1","number_popup_post":"1"}],"image_override":[{"single_post_thumbnail_size":"crop-500","single_post_gallery_size":"crop-500"}],"trending_post_position":"meta","trending_post_label":"Trending","sponsored_post_label":"Sponsored by","sponsored_post_name":"","sponsored_post_url":"","sponsored_post_logo":"","sponsored_post_desc":""},"jnews_primary_category":{"id":""},"jnews_social_meta":[],"jnews_review":[],"enable_review":"","type":"","name":"","summary":"","brand":"","sku":"","good":[],"bad":[],"score_override":"","override_value":"","rating":[],"price":[],"jnews_override_counter":[],"jnews_post_split":[],"footnotes":""},"categories":[18,1],"tags":[495,63],"class_list":["post-30894","post","type-post","status-publish","format-standard","has-post-thumbnail","hentry","category-nacionales","category-sin-categoria","tag-facultad-de-psicologia","tag-unc"],"jetpack_featured_media_url":"https:\/\/atecordoba.org\/wp-content\/uploads\/2022\/03\/facultad_de_psicologia_UNC-e1647970582791.jpg","_links":{"self":[{"href":"https:\/\/atecordoba.org\/index.php?rest_route=\/wp\/v2\/posts\/30894","targetHints":{"allow":["GET"]}}],"collection":[{"href":"https:\/\/atecordoba.org\/index.php?rest_route=\/wp\/v2\/posts"}],"about":[{"href":"https:\/\/atecordoba.org\/index.php?rest_route=\/wp\/v2\/types\/post"}],"author":[{"embeddable":true,"href":"https:\/\/atecordoba.org\/index.php?rest_route=\/wp\/v2\/users\/7"}],"replies":[{"embeddable":true,"href":"https:\/\/atecordoba.org\/index.php?rest_route=%2Fwp%2Fv2%2Fcomments&post=30894"}],"version-history":[{"count":3,"href":"https:\/\/atecordoba.org\/index.php?rest_route=\/wp\/v2\/posts\/30894\/revisions"}],"predecessor-version":[{"id":30902,"href":"https:\/\/atecordoba.org\/index.php?rest_route=\/wp\/v2\/posts\/30894\/revisions\/30902"}],"wp:featuredmedia":[{"embeddable":true,"href":"https:\/\/atecordoba.org\/index.php?rest_route=\/wp\/v2\/media\/30896"}],"wp:attachment":[{"href":"https:\/\/atecordoba.org\/index.php?rest_route=%2Fwp%2Fv2%2Fmedia&parent=30894"}],"wp:term":[{"taxonomy":"category","embeddable":true,"href":"https:\/\/atecordoba.org\/index.php?rest_route=%2Fwp%2Fv2%2Fcategories&post=30894"},{"taxonomy":"post_tag","embeddable":true,"href":"https:\/\/atecordoba.org\/index.php?rest_route=%2Fwp%2Fv2%2Ftags&post=30894"}],"curies":[{"name":"wp","href":"https:\/\/api.w.org\/{rel}","templated":true}]}}