{"id":3087,"date":"2013-08-16T16:16:35","date_gmt":"2013-08-16T19:16:35","guid":{"rendered":"http:\/\/www.atecordoba.org\/?p=3087"},"modified":"2013-08-16T16:16:35","modified_gmt":"2013-08-16T19:16:35","slug":"victor-de-gennaro-hacia-una-ley-de-organizaciones-de-trabajadores-sindicalizados","status":"publish","type":"post","link":"https:\/\/atecordoba.org\/?p=3087","title":{"rendered":"V\u00edctor de Gennaro: Hacia una Ley de Organizaciones de Trabajadores Sindicalizados"},"content":{"rendered":"<p><strong>Libertad y democracia sindical<\/strong>.\u00a0<em>En una audiencia parlamentaria convocada por el diputado Victor De Gennaro se comenz\u00f3 a discutir el fin del unicato. El vicepresidente de la Comisi\u00f3n de Legislaci\u00f3n Laboral de la C\u00e1mara de Diputados y fundador de la Central de Trabajadores de la Argentina, dio inicio a la presentaci\u00f3n de esta &#8220;jornada hist\u00f3rica para todos los trabajadores y trabajadoras&#8221;. Pablo Micheli, junto a otros dirigentes de la CTA se hicieron presentes, felicitando la iniciativa y aportando a la construcci\u00f3n del proyecto.<\/em><\/p>\n<figure id=\"attachment_3088\" aria-describedby=\"caption-attachment-3088\" style=\"width: 400px\" class=\"wp-caption aligncenter\"><a href=\"http:\/\/www.atecordoba.org\/wp-content\/uploads\/2013\/08\/victor-presentacion-proyecto-de-ley-de-modificacion-de-asociaciones-sindicales.jpg\"><img loading=\"lazy\" decoding=\"async\" class=\"size-full wp-image-3088 \" alt=\"\" src=\"http:\/\/www.atecordoba.org\/wp-content\/uploads\/2013\/08\/victor-presentacion-proyecto-de-ley-de-modificacion-de-asociaciones-sindicales.jpg\" width=\"400\" height=\"300\" \/><\/a><figcaption id=\"caption-attachment-3088\" class=\"wp-caption-text\">El vicepresidente de la Comisi\u00f3n de Trabajo de la C\u00e1mara de Diputados V\u00edctor De Gennaro larg\u00f3 el debate<\/figcaption><\/figure>\n<p>El debate comenz\u00f3 apenas pasadas las 14 horas con una introducci\u00f3n del Diputado Nacional De Gennaro quien expres\u00f3 su &#8220;alegr\u00eda y orgullo de saber que hoy empieza un proceso que esperamos que consolide la libertad y la democracia de los trabajadores, que son quienes generan la riqueza de nuestro pa\u00eds. Estamos abriendo un cauce que no dimensionamos hasta d\u00f3nde ir\u00e1 a llegar&#8221;.<\/p>\n<div class=\"epyt-video-wrapper\"><iframe loading=\"lazy\"  style=\"display: block; margin: 0px auto;\"  id=\"_ytid_41030\"  width=\"480\" height=\"270\"  data-origwidth=\"480\" data-origheight=\"270\" src=\"https:\/\/www.youtube.com\/embed\/g5JpdN-KcBk?enablejsapi=1&#038;autoplay=0&#038;cc_load_policy=0&#038;cc_lang_pref=&#038;iv_load_policy=3&#038;loop=0&#038;rel=0&#038;fs=1&#038;playsinline=0&#038;autohide=2&#038;theme=dark&#038;color=red&#038;controls=1&#038;disablekb=0&#038;\" class=\"__youtube_prefs__  epyt-is-override  no-lazyload\" title=\"YouTube player\"  allow=\"fullscreen; accelerometer; autoplay; clipboard-write; encrypted-media; gyroscope; picture-in-picture; web-share\" referrerpolicy=\"strict-origin-when-cross-origin\" allowfullscreen data-no-lazy=\"1\" data-skipgform_ajax_framebjll=\"\"><\/iframe><\/div>\n<p>El fundador de la CTA se encontraba rodeado de los actuales dirigentes de la Central: Pablo Micheli, secretario General; Ricardo Peidro, secretario Adjunto; Daniel Jorajur\u00eda, secretario Gremial; Horacio Meguira, director del Observatorio Jur\u00eddico; Juan Carlos &#8220;Pip\u00f3n&#8221; Giuliani, secretario de Relaciones Institucionales; Dar\u00edo Perillo, secretario de Organizaci\u00f3n; Adolfo &#8220;fito&#8221; Aguirre, secretario de Relaciones Internacionales; Jos\u00e9 Zas, secretario de Comunicaci\u00f3n; Jorge Cardelli, secretario de Formaci\u00f3n y diputado por el bloque Proyecto Sur. Tambi\u00e9n participaron el secretario General de ATE Nacional, Julio Fuentes, y Hugo &#8220;Cachorro&#8221; Godoy, secretario Adjunto de ese gremio y V\u00edctor Mendibil, secretario general de la Federaci\u00f3n Judicial Argentina, entre decenas de dirigentes y compa\u00f1eros de otros gremios.<\/p>\n<p>&#8220;No estar\u00edamos hoy ac\u00e1, continu\u00f3 De Gennaro, si no fuera por conquistas fundamentales que tienen que ver con este proyecto que ya tiene m\u00e1s de 20 a\u00f1os. No se concibe tratar esta ley sin la experiencia de la CTA y de miles de organizaciones sindicales&#8221;.<\/p>\n<h3>Antecedente de lucha y organizaci\u00f3n<\/h3>\n<p>&#8220;La CTA no tiene personer\u00eda gremial, pero vive en experiencias importantes de lucha, y sobrevive porque tiene un trabajo real con los trabajadores. Pero existe un engendro que necesitaba ser cambiado. No puede ser que haya organizaciones simplemente inscritas, otras con personer\u00eda gremial y otras nada. Por eso, hace un tiempo, empezamos a presentar reformas peque\u00f1as, hasta que nos planteamos construir un proyecto nuevo. La figura de la personer\u00eda gremial no existe en casi ning\u00fan lugar del mundo&#8221;, explic\u00f3 el Diputado.<\/p>\n<p>Y continu\u00f3: &#8220;Creemos en la unidad por consenso, no por decreto. estamos abriendo este debate junto a compa\u00f1eros juristas, abogados laboralistas, dirigentes sindicales y otros compa\u00f1eros que puedan aportar en la construcci\u00f3n de este proyecto. Me siento privilegiado de estar abriendo este debate, sumamente necesario para defender nuestros derechos, nuestra libertad y ya no m\u00e1s personer\u00eda gremial, ni tutela del Ministerio de Trabajo&#8221;.<\/p>\n<h3>Un debate necesario<\/h3>\n<p>El Secretario General de la CTA, Pablo Micheli se refiri\u00f3 a la importancia de este proyecto: &#8220;Esta iniciativa es fundamental, es el momento de abrir el debate y de dar la batalla cultural, explicar los fundamentos y las experiencias que permitan recorrer este camino. La CTA es la organizaci\u00f3n m\u00e1s grande del campo popular y es ilegal. Pero no tener personer\u00eda gremial no nos impide defender con dignidad los derechos de los trabajadores&#8221;.<\/p>\n<p>&#8220;La aprobaci\u00f3n de esta ley por parte del Congreso, dijo Micheli, no va a ser f\u00e1cil. Por eso es necesario que se debata a lo largo y ancho de todo el pa\u00eds. Que la conozcan y se la apropien todos los compa\u00f1eros trabajadores, como ocurri\u00f3 con la Ley de Riesgo de Trabajo. Lo importante es c\u00f3mo discutimos con nuestros compa\u00f1eros en todo el pa\u00eds, eso nos dar\u00e1 la garant\u00eda&#8221;.<\/p>\n<p>Y record\u00f3: &#8220;Cuando la CTA naci\u00f3 a principio de los \u201990 empez\u00f3 a decir que hab\u00eda que democratizar los sindicatos. Y si ahora hay otras organizaciones que empiezan a pensar que es algo necesario, es un logro de la CTA, compa\u00f1eros. Esta ley va a poner en contradicci\u00f3n a unos cuentos. As\u00ed que, salga lo que salga, va a ser un triunfo&#8221;.<\/p>\n<h3>Otros aportes<\/h3>\n<p>Luego tom\u00f3 la voz el secretario Adjunto, Ricardo Peidro quien manifest\u00f3 su orgullo de estar en la presentaci\u00f3n de una ley que busca democratizar los sindicatos: &#8220;Hablo como Secretario Adjunto de la CTA pero tambi\u00e9n como Secretario General de la Asociaci\u00f3n de Agentes de Propaganda M\u00e9dica (AAPM), un sindicato con personer\u00eda gremial. No es la personer\u00eda gremial, ni sus estructuras, lo que le da fortaleza a un sindicato, muchas veces la personer\u00eda funciona como impedimento. Es la libertad de los trabajadores y la representaci\u00f3n directa en los lugares de trabajo, donde el patr\u00f3n es el gobierno y tambi\u00e9n donde el patr\u00f3n son las multinacionales. All\u00ed muchas veces es donde est\u00e1n m\u00e1s desprotegidos, porque est\u00e1n en manos de dirigentes sindicales que cuidan a los patrones, no a los trabajadores&#8221;.<\/p>\n<p>Luego, el secretario Gremial de la CTA, Daniel Jorajur\u00eda, aport\u00f3: &#8220;soy secretario General del Nuevo Sindicato Gastron\u00f3mico, y como gastron\u00f3micos hemos tenido la experiencia de, desde adentro, recuperar un sindicato y que no lo reconozcan. Y en la CTA vemos todos los d\u00edas llegar sindicatos con problemas para inscribirse. Por eso no es menor la expectativa que hay, estamos hablando de la ley de leyes para los trabajadores. La Ley de Asociaciones Sindicales protege a la dirigencia sindical y deja completamente a un lado a los trabajadores. Todos los gremios que fueron reconocidos \u00faltimamente, fue a trav\u00e9s de la Justicia, no del Ministerio de Trabajo&#8221;.<\/p>\n<p>Por su parte, Horacio Meguira, Director del Observatorio Jur\u00eddico de la CTA puntualiz\u00f3 cada cap\u00edtulo del anteproyecto y explic\u00f3 qu\u00e9 significa cada uno de ellos. Tambi\u00e9n expres\u00f3 su &#8220;gran emoci\u00f3n de que haya llegado este d\u00eda. Vamos comprendiendo que es posible algo que primero fue una fantas\u00eda, luego una utop\u00eda, despu\u00e9s fue un ideal y ahora empieza a materializarse&#8221;.<\/p>\n<p>Y explic\u00f3 que en la confecci\u00f3n de este proyecto se incorporaron las reivindicaciones de los trabajadores, porque &#8220;son ellos quienes conocen la situaci\u00f3n en que trabajan todos los d\u00edas. Esto es un anteproyecto que necesita debate, debate que le dar\u00e1 legitimidad m\u00e1s all\u00e1 de que nos den o no la legalidad en el Congreso&#8221;.<\/p>\n","protected":false},"excerpt":{"rendered":"<p>Libertad y democracia sindical.\u00a0En una audiencia parlamentaria convocada por el diputado Victor De Gennaro se comenz\u00f3 a discutir el fin del unicato. El vicepresidente de la Comisi\u00f3n de Legislaci\u00f3n Laboral de la C\u00e1mara de Diputados y fundador de la Central de Trabajadores de la Argentina, dio inicio a la presentaci\u00f3n de esta &#8220;jornada hist\u00f3rica para [&hellip;]<\/p>\n","protected":false},"author":1,"featured_media":19220,"comment_status":"open","ping_status":"open","sticky":false,"template":"","format":"standard","meta":{"_exactmetrics_skip_tracking":false,"_exactmetrics_sitenote_active":false,"_exactmetrics_sitenote_note":"","_exactmetrics_sitenote_category":0,"jnews-multi-image_gallery":[],"jnews_single_post":[],"jnews_primary_category":[],"jnews_social_meta":[],"jnews_review":[],"enable_review":"","type":"","name":"","summary":"","brand":"","sku":"","good":[],"bad":[],"score_override":"","override_value":"","rating":[],"price":[],"jnews_override_counter":[],"jnews_post_split":[],"footnotes":""},"categories":[1],"tags":[],"class_list":["post-3087","post","type-post","status-publish","format-standard","has-post-thumbnail","hentry","category-sin-categoria"],"jetpack_featured_media_url":"https:\/\/atecordoba.org\/wp-content\/uploads\/2020\/05\/logo-nuevochico-e1561581322808.png","_links":{"self":[{"href":"https:\/\/atecordoba.org\/index.php?rest_route=\/wp\/v2\/posts\/3087","targetHints":{"allow":["GET"]}}],"collection":[{"href":"https:\/\/atecordoba.org\/index.php?rest_route=\/wp\/v2\/posts"}],"about":[{"href":"https:\/\/atecordoba.org\/index.php?rest_route=\/wp\/v2\/types\/post"}],"author":[{"embeddable":true,"href":"https:\/\/atecordoba.org\/index.php?rest_route=\/wp\/v2\/users\/1"}],"replies":[{"embeddable":true,"href":"https:\/\/atecordoba.org\/index.php?rest_route=%2Fwp%2Fv2%2Fcomments&post=3087"}],"version-history":[{"count":0,"href":"https:\/\/atecordoba.org\/index.php?rest_route=\/wp\/v2\/posts\/3087\/revisions"}],"wp:featuredmedia":[{"embeddable":true,"href":"https:\/\/atecordoba.org\/index.php?rest_route=\/wp\/v2\/media\/19220"}],"wp:attachment":[{"href":"https:\/\/atecordoba.org\/index.php?rest_route=%2Fwp%2Fv2%2Fmedia&parent=3087"}],"wp:term":[{"taxonomy":"category","embeddable":true,"href":"https:\/\/atecordoba.org\/index.php?rest_route=%2Fwp%2Fv2%2Fcategories&post=3087"},{"taxonomy":"post_tag","embeddable":true,"href":"https:\/\/atecordoba.org\/index.php?rest_route=%2Fwp%2Fv2%2Ftags&post=3087"}],"curies":[{"name":"wp","href":"https:\/\/api.w.org\/{rel}","templated":true}]}}