{"id":30780,"date":"2022-03-21T13:58:16","date_gmt":"2022-03-21T16:58:16","guid":{"rendered":"https:\/\/atecordoba.org\/?p=30780"},"modified":"2022-03-22T13:24:55","modified_gmt":"2022-03-22T16:24:55","slug":"en-el-mes-de-la-lucha-por-los-ddhh-ate-cordoba-realizo-una-emotiva-visitar-al-ex-centro-de-exterminio-la-perla-hoy-espacio-de-la-memoria","status":"publish","type":"post","link":"https:\/\/atecordoba.org\/?p=30780","title":{"rendered":"En el mes de la lucha por los DDHH ATE C\u00f3rdoba realiz\u00f3 una emotiva visitar al ex centro de exterminio La Perla, hoy espacio de la memoria"},"content":{"rendered":"\n<figure class=\"wp-block-embed is-type-video is-provider-youtube wp-block-embed-youtube wp-embed-aspect-16-9 wp-has-aspect-ratio\"><div class=\"wp-block-embed__wrapper\">\n<div class=\"epyt-video-wrapper\"><iframe loading=\"lazy\"  style=\"display: block; margin: 0px auto;\"  id=\"_ytid_95649\"  width=\"480\" height=\"270\"  data-origwidth=\"480\" data-origheight=\"270\" src=\"https:\/\/www.youtube.com\/embed\/4HKvlRQXTK8?enablejsapi=1&#038;autoplay=0&#038;cc_load_policy=0&#038;cc_lang_pref=&#038;iv_load_policy=3&#038;loop=0&#038;rel=0&#038;fs=1&#038;playsinline=0&#038;autohide=2&#038;theme=dark&#038;color=red&#038;controls=1&#038;disablekb=0&#038;\" class=\"__youtube_prefs__  epyt-is-override  no-lazyload\" title=\"YouTube player\"  allow=\"fullscreen; accelerometer; autoplay; clipboard-write; encrypted-media; gyroscope; picture-in-picture; web-share\" referrerpolicy=\"strict-origin-when-cross-origin\" allowfullscreen data-no-lazy=\"1\" data-skipgform_ajax_framebjll=\"\"><\/iframe><\/div>\n<\/div><\/figure>\n\n\n\n<p>El jueves pasado el Consejo Directivo Provincial (CDP) de ATE C\u00f3rdoba llev\u00f3 adelante una jornada de formaci\u00f3n y memoria, visitando con una delegaci\u00f3n de 70 compa\u00f1eros y compa\u00f1eras el Espacio de la Memoria La Perla, ex centro de secuestro, tortura y muerte que funcion\u00f3 entre 1976 y 1979 a escasos kil\u00f3metros de C\u00f3rdoba Capital, por donde se estima que pasaron alrededor de 2500 desaparecidos, de los cu\u00e1les sobrevivi\u00f3 solo el 10%.<\/p>\n\n\n\n<p>Se trat\u00f3 de una jornada de reflexi\u00f3n, capacitaci\u00f3n y fuerte carga emocional, que moviliz\u00f3 a las y los presentes. La actividad se extendi\u00f3 desde la ma\u00f1ana hasta las 16 horas, encabeza por el secretario General de ATE C\u00f3rdoba, Federico Giuliani, en base a la iniciativa propuesta por la Secretaria de Formaci\u00f3n del CDP, a cargo de C\u00e9sar Theaux, junto a los departamentos de DDHH, de la mano de Jorge Chalub, y Cultura, integrado por la secretaria de Prensa Julia Giuliani y el militante de DDHH y activista por la Salud Mental, el m\u00e9dico psiquiatra Juan Cagnani.<\/p>\n\n\n\n<figure class=\"wp-block-gallery columns-3 is-cropped wp-block-gallery-1 is-layout-flex wp-block-gallery-is-layout-flex\"><ul class=\"blocks-gallery-grid\"><li class=\"blocks-gallery-item\"><figure><a href=\"https:\/\/atecordoba.org\/wp-content\/uploads\/2022\/03\/17_03_22_La_Perla_15-1024x576.jpg\"><img loading=\"lazy\" decoding=\"async\" width=\"1024\" height=\"576\" src=\"https:\/\/atecordoba.org\/wp-content\/uploads\/2022\/03\/17_03_22_La_Perla_15-1024x576.jpg\" alt=\"\" data-id=\"30782\" data-link=\"https:\/\/atecordoba.org\/?attachment_id=30782\" class=\"wp-image-30782\" srcset=\"https:\/\/atecordoba.org\/wp-content\/uploads\/2022\/03\/17_03_22_La_Perla_15-1024x576.jpg 1024w, https:\/\/atecordoba.org\/wp-content\/uploads\/2022\/03\/17_03_22_La_Perla_15-300x169.jpg 300w, https:\/\/atecordoba.org\/wp-content\/uploads\/2022\/03\/17_03_22_La_Perla_15-768x432.jpg 768w, https:\/\/atecordoba.org\/wp-content\/uploads\/2022\/03\/17_03_22_La_Perla_15-1536x864.jpg 1536w, https:\/\/atecordoba.org\/wp-content\/uploads\/2022\/03\/17_03_22_La_Perla_15-2048x1152.jpg 2048w, https:\/\/atecordoba.org\/wp-content\/uploads\/2022\/03\/17_03_22_La_Perla_15-750x422.jpg 750w, https:\/\/atecordoba.org\/wp-content\/uploads\/2022\/03\/17_03_22_La_Perla_15-1140x641.jpg 1140w\" sizes=\"auto, (max-width: 1024px) 100vw, 1024px\" \/><\/a><\/figure><\/li><li class=\"blocks-gallery-item\"><figure><a href=\"https:\/\/atecordoba.org\/wp-content\/uploads\/2022\/03\/17_03_22_La_Perla_16-1024x576.jpg\"><img loading=\"lazy\" decoding=\"async\" width=\"1024\" height=\"576\" src=\"https:\/\/atecordoba.org\/wp-content\/uploads\/2022\/03\/17_03_22_La_Perla_16-1024x576.jpg\" alt=\"\" data-id=\"30783\" data-link=\"https:\/\/atecordoba.org\/?attachment_id=30783\" class=\"wp-image-30783\" srcset=\"https:\/\/atecordoba.org\/wp-content\/uploads\/2022\/03\/17_03_22_La_Perla_16-1024x576.jpg 1024w, https:\/\/atecordoba.org\/wp-content\/uploads\/2022\/03\/17_03_22_La_Perla_16-300x169.jpg 300w, https:\/\/atecordoba.org\/wp-content\/uploads\/2022\/03\/17_03_22_La_Perla_16-768x432.jpg 768w, https:\/\/atecordoba.org\/wp-content\/uploads\/2022\/03\/17_03_22_La_Perla_16-1536x864.jpg 1536w, https:\/\/atecordoba.org\/wp-content\/uploads\/2022\/03\/17_03_22_La_Perla_16-2048x1152.jpg 2048w, https:\/\/atecordoba.org\/wp-content\/uploads\/2022\/03\/17_03_22_La_Perla_16-750x422.jpg 750w, https:\/\/atecordoba.org\/wp-content\/uploads\/2022\/03\/17_03_22_La_Perla_16-1140x641.jpg 1140w\" sizes=\"auto, (max-width: 1024px) 100vw, 1024px\" \/><\/a><\/figure><\/li><li class=\"blocks-gallery-item\"><figure><a href=\"https:\/\/atecordoba.org\/wp-content\/uploads\/2022\/03\/DSC4683-scaled.jpg\"><img loading=\"lazy\" decoding=\"async\" width=\"1024\" height=\"683\" src=\"https:\/\/atecordoba.org\/wp-content\/uploads\/2022\/03\/DSC4683-1024x683.jpg\" alt=\"\" data-id=\"30784\" data-full-url=\"https:\/\/atecordoba.org\/wp-content\/uploads\/2022\/03\/DSC4683-scaled.jpg\" data-link=\"https:\/\/atecordoba.org\/?attachment_id=30784\" class=\"wp-image-30784\" srcset=\"https:\/\/atecordoba.org\/wp-content\/uploads\/2022\/03\/DSC4683-1024x683.jpg 1024w, https:\/\/atecordoba.org\/wp-content\/uploads\/2022\/03\/DSC4683-300x200.jpg 300w, https:\/\/atecordoba.org\/wp-content\/uploads\/2022\/03\/DSC4683-768x512.jpg 768w, https:\/\/atecordoba.org\/wp-content\/uploads\/2022\/03\/DSC4683-1536x1024.jpg 1536w, https:\/\/atecordoba.org\/wp-content\/uploads\/2022\/03\/DSC4683-2048x1365.jpg 2048w, https:\/\/atecordoba.org\/wp-content\/uploads\/2022\/03\/DSC4683-750x500.jpg 750w, https:\/\/atecordoba.org\/wp-content\/uploads\/2022\/03\/DSC4683-1140x760.jpg 1140w\" sizes=\"auto, (max-width: 1024px) 100vw, 1024px\" \/><\/a><\/figure><\/li><\/ul><\/figure>\n\n\n\n<p>Junto a Giuliani estuvieron dirigentes de distintos puntos de la provincia, como R\u00edo Cuarto, Villa Mar\u00eda, San Justo, Punilla y Cruz del Eje.<\/p>\n\n\n\n<p>Para aquellos que nunca hab\u00edan estado en el lugar o lo conocieron hace ya 15 a\u00f1os cuando el Presidente N\u00e9stor Kirchner lo recuper\u00f3 del Ejercito para consagrarlo como Espacio de la Memoria, el lugar impacta por la dimensi\u00f3n emocional que conlleva entrar al pabell\u00f3n o mirar desde atr\u00e1s de un vidrio las salas del m\u00e1s emblem\u00e1tico campo de concentraci\u00f3n donde se practic\u00f3 la tortura sistem\u00e1tica a las v\u00edctimas del terrorismo de Estado en C\u00f3rdoba. Fue la reflexi\u00f3n generalizada.<\/p>\n\n\n\n<p>Pero las y los compa\u00f1eros rescataron tambi\u00e9n la fuerza y la dignidad de los desaparecidos, al tiempo que el gu\u00eda asignado para orientar la visita, el compa\u00f1ero Mat\u00edas Capra, daba cuenta con mucha pedagog\u00eda y tacto de los pormenores y detalles de los distintos puntos de la visita, mientras daba pie con buen tino a que las y los compa\u00f1eros pudieran preguntar o comentar sus propias impresiones.<\/p>\n\n\n\n<figure class=\"wp-block-gallery columns-3 is-cropped wp-block-gallery-2 is-layout-flex wp-block-gallery-is-layout-flex\"><ul class=\"blocks-gallery-grid\"><li class=\"blocks-gallery-item\"><figure><a href=\"https:\/\/atecordoba.org\/wp-content\/uploads\/2022\/03\/17_03_22_La_Perla_10-scaled.jpg\"><img loading=\"lazy\" decoding=\"async\" width=\"1024\" height=\"576\" src=\"https:\/\/atecordoba.org\/wp-content\/uploads\/2022\/03\/17_03_22_La_Perla_10-1024x576.jpg\" alt=\"\" data-id=\"30785\" data-full-url=\"https:\/\/atecordoba.org\/wp-content\/uploads\/2022\/03\/17_03_22_La_Perla_10-scaled.jpg\" data-link=\"https:\/\/atecordoba.org\/?attachment_id=30785\" class=\"wp-image-30785\" srcset=\"https:\/\/atecordoba.org\/wp-content\/uploads\/2022\/03\/17_03_22_La_Perla_10-1024x576.jpg 1024w, https:\/\/atecordoba.org\/wp-content\/uploads\/2022\/03\/17_03_22_La_Perla_10-300x169.jpg 300w, https:\/\/atecordoba.org\/wp-content\/uploads\/2022\/03\/17_03_22_La_Perla_10-768x432.jpg 768w, https:\/\/atecordoba.org\/wp-content\/uploads\/2022\/03\/17_03_22_La_Perla_10-1536x864.jpg 1536w, https:\/\/atecordoba.org\/wp-content\/uploads\/2022\/03\/17_03_22_La_Perla_10-2048x1152.jpg 2048w, https:\/\/atecordoba.org\/wp-content\/uploads\/2022\/03\/17_03_22_La_Perla_10-750x422.jpg 750w, https:\/\/atecordoba.org\/wp-content\/uploads\/2022\/03\/17_03_22_La_Perla_10-1140x641.jpg 1140w\" sizes=\"auto, (max-width: 1024px) 100vw, 1024px\" \/><\/a><\/figure><\/li><li class=\"blocks-gallery-item\"><figure><a href=\"https:\/\/atecordoba.org\/wp-content\/uploads\/2022\/03\/DSC4661-scaled.jpg\"><img loading=\"lazy\" decoding=\"async\" width=\"1024\" height=\"683\" src=\"https:\/\/atecordoba.org\/wp-content\/uploads\/2022\/03\/DSC4661-1024x683.jpg\" alt=\"\" data-id=\"30786\" data-full-url=\"https:\/\/atecordoba.org\/wp-content\/uploads\/2022\/03\/DSC4661-scaled.jpg\" data-link=\"https:\/\/atecordoba.org\/?attachment_id=30786\" class=\"wp-image-30786\" srcset=\"https:\/\/atecordoba.org\/wp-content\/uploads\/2022\/03\/DSC4661-1024x683.jpg 1024w, https:\/\/atecordoba.org\/wp-content\/uploads\/2022\/03\/DSC4661-300x200.jpg 300w, https:\/\/atecordoba.org\/wp-content\/uploads\/2022\/03\/DSC4661-768x512.jpg 768w, https:\/\/atecordoba.org\/wp-content\/uploads\/2022\/03\/DSC4661-1536x1024.jpg 1536w, https:\/\/atecordoba.org\/wp-content\/uploads\/2022\/03\/DSC4661-2048x1365.jpg 2048w, https:\/\/atecordoba.org\/wp-content\/uploads\/2022\/03\/DSC4661-750x500.jpg 750w, https:\/\/atecordoba.org\/wp-content\/uploads\/2022\/03\/DSC4661-1140x760.jpg 1140w\" sizes=\"auto, (max-width: 1024px) 100vw, 1024px\" \/><\/a><\/figure><\/li><li class=\"blocks-gallery-item\"><figure><a href=\"https:\/\/atecordoba.org\/wp-content\/uploads\/2022\/03\/DSC4666-scaled.jpg\"><img loading=\"lazy\" decoding=\"async\" width=\"1024\" height=\"683\" src=\"https:\/\/atecordoba.org\/wp-content\/uploads\/2022\/03\/DSC4666-1024x683.jpg\" alt=\"\" data-id=\"30787\" data-full-url=\"https:\/\/atecordoba.org\/wp-content\/uploads\/2022\/03\/DSC4666-scaled.jpg\" data-link=\"https:\/\/atecordoba.org\/?attachment_id=30787\" class=\"wp-image-30787\" srcset=\"https:\/\/atecordoba.org\/wp-content\/uploads\/2022\/03\/DSC4666-1024x683.jpg 1024w, https:\/\/atecordoba.org\/wp-content\/uploads\/2022\/03\/DSC4666-300x200.jpg 300w, https:\/\/atecordoba.org\/wp-content\/uploads\/2022\/03\/DSC4666-768x512.jpg 768w, https:\/\/atecordoba.org\/wp-content\/uploads\/2022\/03\/DSC4666-1536x1024.jpg 1536w, https:\/\/atecordoba.org\/wp-content\/uploads\/2022\/03\/DSC4666-2048x1365.jpg 2048w, https:\/\/atecordoba.org\/wp-content\/uploads\/2022\/03\/DSC4666-750x500.jpg 750w, https:\/\/atecordoba.org\/wp-content\/uploads\/2022\/03\/DSC4666-1140x760.jpg 1140w\" sizes=\"auto, (max-width: 1024px) 100vw, 1024px\" \/><\/a><\/figure><\/li><\/ul><\/figure>\n\n\n\n<p>Federico Giuliani cerr\u00f3 el recorrido impulsando una reflexi\u00f3n conjunta. Antes, distintos compa\u00f1eros leyeron la legendaria Carta Abierta a la Junta Militar, pieza magistral que el periodista Rodolfo Walsh se envi\u00f3 a los jerarcas del r\u00e9gimen genocida al cumplirse un a\u00f1o del golpe de Estado. Se trata de un texto que da un marco excepcional a aquel momento hist\u00f3rico y que hoy funciona como una gu\u00eda de comprensi\u00f3n de lo que nos sucedi\u00f3 como pueblo al vivir durante aquellos a\u00f1os bajo un proceso de exterminio de toda disidencia pol\u00edtica, activismo gremial y resistencia cultural.<\/p>\n\n\n\n<p>Cabe se\u00f1alar que actualmente, las y los trabajadores del lugar se encuentran en conflicto gremial debido al estado de precariedad laboral que les impone el gobierno provincial, denominador en com\u00fan de lo que sufre un amplio sector de las y los trabajadores provinciales.<\/p>\n\n\n\n<p><strong>Giuliani<\/strong><\/p>\n\n\n\n<p>A la hora de realizar su reflexi\u00f3n, que sirvi\u00f3 como puente colectivo para dar una conclusi\u00f3n a la visita, el secretario General de ATE C\u00f3rdoba comenz\u00f3 afirmando que \u201cen este momento de mucha conflictividad y de mucha lucha que se viene, es bueno hacer estas actividades de formaci\u00f3n en el marco de la decisi\u00f3n pol\u00edtica de ser un sindicato diferente a la burocracia sindical. Esto no solo se pr\u00e9dica, sino que tambi\u00e9n se act\u00faa\u201d.<\/p>\n\n\n\n<p>Y valor\u00f3 que \u201cnuestros activistas, los que hacen ATE todos los d\u00edas, tiene que conocer la historia, qu\u00e9 pas\u00f3, para hacer la proyecci\u00f3n donde sepan a d\u00f3nde vamos. Por eso creo que estamos en un lugar que tiene mucha energ\u00eda\u201d.<\/p>\n\n\n\n<figure class=\"wp-block-gallery columns-3 is-cropped wp-block-gallery-3 is-layout-flex wp-block-gallery-is-layout-flex\"><ul class=\"blocks-gallery-grid\"><li class=\"blocks-gallery-item\"><figure><a href=\"https:\/\/atecordoba.org\/wp-content\/uploads\/2022\/03\/17_03_22_La_Perla_11-scaled.jpg\"><img loading=\"lazy\" decoding=\"async\" width=\"1024\" height=\"576\" src=\"https:\/\/atecordoba.org\/wp-content\/uploads\/2022\/03\/17_03_22_La_Perla_11-1024x576.jpg\" alt=\"\" data-id=\"30788\" data-full-url=\"https:\/\/atecordoba.org\/wp-content\/uploads\/2022\/03\/17_03_22_La_Perla_11-scaled.jpg\" data-link=\"https:\/\/atecordoba.org\/?attachment_id=30788\" class=\"wp-image-30788\" srcset=\"https:\/\/atecordoba.org\/wp-content\/uploads\/2022\/03\/17_03_22_La_Perla_11-1024x576.jpg 1024w, https:\/\/atecordoba.org\/wp-content\/uploads\/2022\/03\/17_03_22_La_Perla_11-300x169.jpg 300w, https:\/\/atecordoba.org\/wp-content\/uploads\/2022\/03\/17_03_22_La_Perla_11-768x432.jpg 768w, https:\/\/atecordoba.org\/wp-content\/uploads\/2022\/03\/17_03_22_La_Perla_11-1536x864.jpg 1536w, https:\/\/atecordoba.org\/wp-content\/uploads\/2022\/03\/17_03_22_La_Perla_11-2048x1152.jpg 2048w, https:\/\/atecordoba.org\/wp-content\/uploads\/2022\/03\/17_03_22_La_Perla_11-750x422.jpg 750w, https:\/\/atecordoba.org\/wp-content\/uploads\/2022\/03\/17_03_22_La_Perla_11-1140x641.jpg 1140w\" sizes=\"auto, (max-width: 1024px) 100vw, 1024px\" \/><\/a><\/figure><\/li><li class=\"blocks-gallery-item\"><figure><a href=\"https:\/\/atecordoba.org\/wp-content\/uploads\/2022\/03\/17_03_22_La_Perla_8-scaled.jpg\"><img loading=\"lazy\" decoding=\"async\" width=\"1024\" height=\"572\" src=\"https:\/\/atecordoba.org\/wp-content\/uploads\/2022\/03\/17_03_22_La_Perla_8-1024x572.jpg\" alt=\"\" data-id=\"30790\" data-full-url=\"https:\/\/atecordoba.org\/wp-content\/uploads\/2022\/03\/17_03_22_La_Perla_8-scaled.jpg\" data-link=\"https:\/\/atecordoba.org\/?attachment_id=30790\" class=\"wp-image-30790\" srcset=\"https:\/\/atecordoba.org\/wp-content\/uploads\/2022\/03\/17_03_22_La_Perla_8-1024x572.jpg 1024w, https:\/\/atecordoba.org\/wp-content\/uploads\/2022\/03\/17_03_22_La_Perla_8-300x168.jpg 300w, https:\/\/atecordoba.org\/wp-content\/uploads\/2022\/03\/17_03_22_La_Perla_8-768x429.jpg 768w, https:\/\/atecordoba.org\/wp-content\/uploads\/2022\/03\/17_03_22_La_Perla_8-1536x858.jpg 1536w, https:\/\/atecordoba.org\/wp-content\/uploads\/2022\/03\/17_03_22_La_Perla_8-2048x1144.jpg 2048w, https:\/\/atecordoba.org\/wp-content\/uploads\/2022\/03\/17_03_22_La_Perla_8-750x419.jpg 750w, https:\/\/atecordoba.org\/wp-content\/uploads\/2022\/03\/17_03_22_La_Perla_8-1140x637.jpg 1140w\" sizes=\"auto, (max-width: 1024px) 100vw, 1024px\" \/><\/a><\/figure><\/li><li class=\"blocks-gallery-item\"><figure><a href=\"https:\/\/atecordoba.org\/wp-content\/uploads\/2022\/03\/17_03_22_La_Perla_9-scaled.jpg\"><img loading=\"lazy\" decoding=\"async\" width=\"1024\" height=\"576\" src=\"https:\/\/atecordoba.org\/wp-content\/uploads\/2022\/03\/17_03_22_La_Perla_9-1024x576.jpg\" alt=\"\" data-id=\"30791\" data-full-url=\"https:\/\/atecordoba.org\/wp-content\/uploads\/2022\/03\/17_03_22_La_Perla_9-scaled.jpg\" data-link=\"https:\/\/atecordoba.org\/?attachment_id=30791\" class=\"wp-image-30791\" srcset=\"https:\/\/atecordoba.org\/wp-content\/uploads\/2022\/03\/17_03_22_La_Perla_9-1024x576.jpg 1024w, https:\/\/atecordoba.org\/wp-content\/uploads\/2022\/03\/17_03_22_La_Perla_9-300x169.jpg 300w, https:\/\/atecordoba.org\/wp-content\/uploads\/2022\/03\/17_03_22_La_Perla_9-768x432.jpg 768w, https:\/\/atecordoba.org\/wp-content\/uploads\/2022\/03\/17_03_22_La_Perla_9-1536x864.jpg 1536w, https:\/\/atecordoba.org\/wp-content\/uploads\/2022\/03\/17_03_22_La_Perla_9-2048x1152.jpg 2048w, https:\/\/atecordoba.org\/wp-content\/uploads\/2022\/03\/17_03_22_La_Perla_9-750x422.jpg 750w, https:\/\/atecordoba.org\/wp-content\/uploads\/2022\/03\/17_03_22_La_Perla_9-1140x641.jpg 1140w\" sizes=\"auto, (max-width: 1024px) 100vw, 1024px\" \/><\/a><\/figure><\/li><\/ul><\/figure>\n\n\n\n<p>El dirigente destac\u00f3 la decisi\u00f3n de ATE llevar adelante la actividad formativa. \u201cAqu\u00ed estuvimos cuando N\u00e9stor vino a entregarlo en 2007, en un acto muy emocionante, pero es la primera vez que me toca visitarlo como un lugar de memoria hist\u00f3rica y compartirlo con ustedes. Que est\u00e9n Elvira, Eugenia, Bechi, Guillermo, Franco, que son trabajadores del sindicato muestra que nuestra mirada como gremio es integral. No solo queremos discutir salario, no olvidamos que C\u00f3rdoba fue el epicentro y puntapi\u00e9 inicial del golpe del \u201976, cuando se produjo el Navarrazo en el \u201974 por un golpe policial y comenz\u00f3 el proceso de intervenci\u00f3n de la vida democr\u00e1tica. No fue casualidad, C\u00f3rdoba era un centro de actividad industrial con una clase obrera de avanzada, con conciencia y por eso no es casual que haya sucedido el Cordobazo. Ac\u00e1 estaban desarrolladas fuertemente las organizaciones revolucionarias, que claramente disputaban un proyecto de pa\u00eds. As\u00ed como la oligarqu\u00eda recalcitrante viene a instalar un modelo de naci\u00f3n de exclusi\u00f3n, de hambre, que termin\u00f3 con el fifty-fifty de la distribuci\u00f3n del ingreso en la Argentina\u201d.<\/p>\n\n\n\n<figure class=\"wp-block-gallery columns-3 is-cropped wp-block-gallery-4 is-layout-flex wp-block-gallery-is-layout-flex\"><ul class=\"blocks-gallery-grid\"><li class=\"blocks-gallery-item\"><figure><a href=\"https:\/\/atecordoba.org\/wp-content\/uploads\/2022\/03\/17_03_22_La_Perla_4-scaled.jpg\"><img loading=\"lazy\" decoding=\"async\" width=\"1024\" height=\"576\" src=\"https:\/\/atecordoba.org\/wp-content\/uploads\/2022\/03\/17_03_22_La_Perla_4-1024x576.jpg\" alt=\"\" data-id=\"30792\" data-full-url=\"https:\/\/atecordoba.org\/wp-content\/uploads\/2022\/03\/17_03_22_La_Perla_4-scaled.jpg\" data-link=\"https:\/\/atecordoba.org\/?attachment_id=30792\" class=\"wp-image-30792\" srcset=\"https:\/\/atecordoba.org\/wp-content\/uploads\/2022\/03\/17_03_22_La_Perla_4-1024x576.jpg 1024w, https:\/\/atecordoba.org\/wp-content\/uploads\/2022\/03\/17_03_22_La_Perla_4-300x169.jpg 300w, https:\/\/atecordoba.org\/wp-content\/uploads\/2022\/03\/17_03_22_La_Perla_4-768x432.jpg 768w, https:\/\/atecordoba.org\/wp-content\/uploads\/2022\/03\/17_03_22_La_Perla_4-1536x864.jpg 1536w, https:\/\/atecordoba.org\/wp-content\/uploads\/2022\/03\/17_03_22_La_Perla_4-2048x1152.jpg 2048w, https:\/\/atecordoba.org\/wp-content\/uploads\/2022\/03\/17_03_22_La_Perla_4-750x422.jpg 750w, https:\/\/atecordoba.org\/wp-content\/uploads\/2022\/03\/17_03_22_La_Perla_4-1140x641.jpg 1140w\" sizes=\"auto, (max-width: 1024px) 100vw, 1024px\" \/><\/a><\/figure><\/li><li class=\"blocks-gallery-item\"><figure><a href=\"https:\/\/atecordoba.org\/wp-content\/uploads\/2022\/03\/17_03_22_La_Perla_6-scaled.jpg\"><img loading=\"lazy\" decoding=\"async\" width=\"1024\" height=\"576\" src=\"https:\/\/atecordoba.org\/wp-content\/uploads\/2022\/03\/17_03_22_La_Perla_6-1024x576.jpg\" alt=\"\" data-id=\"30793\" data-full-url=\"https:\/\/atecordoba.org\/wp-content\/uploads\/2022\/03\/17_03_22_La_Perla_6-scaled.jpg\" data-link=\"https:\/\/atecordoba.org\/?attachment_id=30793\" class=\"wp-image-30793\" srcset=\"https:\/\/atecordoba.org\/wp-content\/uploads\/2022\/03\/17_03_22_La_Perla_6-1024x576.jpg 1024w, https:\/\/atecordoba.org\/wp-content\/uploads\/2022\/03\/17_03_22_La_Perla_6-300x169.jpg 300w, https:\/\/atecordoba.org\/wp-content\/uploads\/2022\/03\/17_03_22_La_Perla_6-768x432.jpg 768w, https:\/\/atecordoba.org\/wp-content\/uploads\/2022\/03\/17_03_22_La_Perla_6-1536x864.jpg 1536w, https:\/\/atecordoba.org\/wp-content\/uploads\/2022\/03\/17_03_22_La_Perla_6-2048x1152.jpg 2048w, https:\/\/atecordoba.org\/wp-content\/uploads\/2022\/03\/17_03_22_La_Perla_6-750x422.jpg 750w, https:\/\/atecordoba.org\/wp-content\/uploads\/2022\/03\/17_03_22_La_Perla_6-1140x641.jpg 1140w\" sizes=\"auto, (max-width: 1024px) 100vw, 1024px\" \/><\/a><\/figure><\/li><li class=\"blocks-gallery-item\"><figure><a href=\"https:\/\/atecordoba.org\/wp-content\/uploads\/2022\/03\/17_03_22_La_Perla_7-scaled.jpg\"><img loading=\"lazy\" decoding=\"async\" width=\"1024\" height=\"576\" src=\"https:\/\/atecordoba.org\/wp-content\/uploads\/2022\/03\/17_03_22_La_Perla_7-1024x576.jpg\" alt=\"\" data-id=\"30794\" data-full-url=\"https:\/\/atecordoba.org\/wp-content\/uploads\/2022\/03\/17_03_22_La_Perla_7-scaled.jpg\" data-link=\"https:\/\/atecordoba.org\/?attachment_id=30794\" class=\"wp-image-30794\" srcset=\"https:\/\/atecordoba.org\/wp-content\/uploads\/2022\/03\/17_03_22_La_Perla_7-1024x576.jpg 1024w, https:\/\/atecordoba.org\/wp-content\/uploads\/2022\/03\/17_03_22_La_Perla_7-300x169.jpg 300w, https:\/\/atecordoba.org\/wp-content\/uploads\/2022\/03\/17_03_22_La_Perla_7-768x432.jpg 768w, https:\/\/atecordoba.org\/wp-content\/uploads\/2022\/03\/17_03_22_La_Perla_7-1536x864.jpg 1536w, https:\/\/atecordoba.org\/wp-content\/uploads\/2022\/03\/17_03_22_La_Perla_7-2048x1152.jpg 2048w, https:\/\/atecordoba.org\/wp-content\/uploads\/2022\/03\/17_03_22_La_Perla_7-750x422.jpg 750w, https:\/\/atecordoba.org\/wp-content\/uploads\/2022\/03\/17_03_22_La_Perla_7-1140x641.jpg 1140w\" sizes=\"auto, (max-width: 1024px) 100vw, 1024px\" \/><\/a><\/figure><\/li><\/ul><\/figure>\n\n\n\n<p>Y rese\u00f1\u00f3 que \u201clos compa\u00f1eros que pasaron por ac\u00e1 militaban, quer\u00edan la patria socialista. Siete de cada diez desaparecidos y desaparecidas de nuestro pa\u00eds eran laburantes, eran dirigentes de base, formaban comisiones internas, era delegados, dirigentes. Es decir, se atac\u00f3 al n\u00facleo de organizaci\u00f3n de una patria socialista. M\u00e1s all\u00e1 de los sucesos desgarradores que sabemos que ocurrieron ac\u00e1, yo me quedo con la experiencia solidarias y cotidianas de las y los compa\u00f1eros detenidos desaparecidos. La solidaridad como un valor y una acci\u00f3n colectiva que permiti\u00f3 que otros y otras sobrevivieran para dar testimonio del horror que ac\u00e1 pas\u00f3\u201d.<\/p>\n\n\n\n<p><strong>Mes de la memoria<\/strong><\/p>\n\n\n\n<p>Por otro lado, Giuliani destac\u00f3 \u201cla cantidad de compa\u00f1eros y compa\u00f1eras que nos encontramos ac\u00e1 para frenar un poco y reflexionar sobre lo que pas\u00f3, en un mes impregnado de actividades de memoria: empez\u00f3 con la presentaci\u00f3n del libro de las presas pol\u00edticas, el reconocimiento a la Abuela de Plaza de Mayo Sonia Torres, sigue hoy y estaremos el 24 en la calle. El 31 de marzo vamos al Campo de La Ribera\u201d.<\/p>\n\n\n\n<p>\u201cEl terrorismo de Estado actu\u00f3 como quiso en C\u00f3rdoba porque este fue un territorio liberado, de impunidad, sumado a la complicidad eclesi\u00e1stica, econ\u00f3mica y civil de muchos aquellos que aun hoy est\u00e1n enquistados en esos lugares de poder. Partidos pol\u00edticos, la Curia, los grupos econ\u00f3micos y muchos de los representantes pol\u00edticos que hoy todav\u00eda tenemos, que se jactan de los DDHH pero que tambi\u00e9n fueron c\u00f3mplices, y esta situaci\u00f3n es la que nos lleva a tener hoy la crisis de representatividad que hay en C\u00f3rdoba, en los partidos pol\u00edticos, las organizaciones sociales y culturales\u201d, explic\u00f3.<\/p>\n\n\n\n<figure class=\"wp-block-gallery columns-3 is-cropped wp-block-gallery-5 is-layout-flex wp-block-gallery-is-layout-flex\"><ul class=\"blocks-gallery-grid\"><li class=\"blocks-gallery-item\"><figure><a href=\"https:\/\/atecordoba.org\/wp-content\/uploads\/2022\/03\/17_03_22_La_Perla_14-scaled.jpg\"><img loading=\"lazy\" decoding=\"async\" width=\"1024\" height=\"576\" src=\"https:\/\/atecordoba.org\/wp-content\/uploads\/2022\/03\/17_03_22_La_Perla_14-1024x576.jpg\" alt=\"\" data-id=\"30795\" data-full-url=\"https:\/\/atecordoba.org\/wp-content\/uploads\/2022\/03\/17_03_22_La_Perla_14-scaled.jpg\" data-link=\"https:\/\/atecordoba.org\/?attachment_id=30795\" class=\"wp-image-30795\" srcset=\"https:\/\/atecordoba.org\/wp-content\/uploads\/2022\/03\/17_03_22_La_Perla_14-1024x576.jpg 1024w, https:\/\/atecordoba.org\/wp-content\/uploads\/2022\/03\/17_03_22_La_Perla_14-300x169.jpg 300w, https:\/\/atecordoba.org\/wp-content\/uploads\/2022\/03\/17_03_22_La_Perla_14-768x432.jpg 768w, https:\/\/atecordoba.org\/wp-content\/uploads\/2022\/03\/17_03_22_La_Perla_14-1536x864.jpg 1536w, https:\/\/atecordoba.org\/wp-content\/uploads\/2022\/03\/17_03_22_La_Perla_14-2048x1152.jpg 2048w, https:\/\/atecordoba.org\/wp-content\/uploads\/2022\/03\/17_03_22_La_Perla_14-750x422.jpg 750w, https:\/\/atecordoba.org\/wp-content\/uploads\/2022\/03\/17_03_22_La_Perla_14-1140x641.jpg 1140w\" sizes=\"auto, (max-width: 1024px) 100vw, 1024px\" \/><\/a><\/figure><\/li><li class=\"blocks-gallery-item\"><figure><a href=\"https:\/\/atecordoba.org\/wp-content\/uploads\/2022\/03\/17_03_22_La_Perla_4-copia-scaled.jpg\"><img loading=\"lazy\" decoding=\"async\" width=\"1024\" height=\"576\" src=\"https:\/\/atecordoba.org\/wp-content\/uploads\/2022\/03\/17_03_22_La_Perla_4-copia-1024x576.jpg\" alt=\"\" data-id=\"30796\" data-full-url=\"https:\/\/atecordoba.org\/wp-content\/uploads\/2022\/03\/17_03_22_La_Perla_4-copia-scaled.jpg\" data-link=\"https:\/\/atecordoba.org\/?attachment_id=30796\" class=\"wp-image-30796\" srcset=\"https:\/\/atecordoba.org\/wp-content\/uploads\/2022\/03\/17_03_22_La_Perla_4-copia-1024x576.jpg 1024w, https:\/\/atecordoba.org\/wp-content\/uploads\/2022\/03\/17_03_22_La_Perla_4-copia-300x169.jpg 300w, https:\/\/atecordoba.org\/wp-content\/uploads\/2022\/03\/17_03_22_La_Perla_4-copia-768x432.jpg 768w, https:\/\/atecordoba.org\/wp-content\/uploads\/2022\/03\/17_03_22_La_Perla_4-copia-1536x864.jpg 1536w, https:\/\/atecordoba.org\/wp-content\/uploads\/2022\/03\/17_03_22_La_Perla_4-copia-2048x1152.jpg 2048w, https:\/\/atecordoba.org\/wp-content\/uploads\/2022\/03\/17_03_22_La_Perla_4-copia-750x422.jpg 750w, https:\/\/atecordoba.org\/wp-content\/uploads\/2022\/03\/17_03_22_La_Perla_4-copia-1140x641.jpg 1140w\" sizes=\"auto, (max-width: 1024px) 100vw, 1024px\" \/><\/a><\/figure><\/li><li class=\"blocks-gallery-item\"><figure><a href=\"https:\/\/atecordoba.org\/wp-content\/uploads\/2022\/03\/17_03_22_La_Perla_6-copia-scaled.jpg\"><img loading=\"lazy\" decoding=\"async\" width=\"1024\" height=\"576\" src=\"https:\/\/atecordoba.org\/wp-content\/uploads\/2022\/03\/17_03_22_La_Perla_6-copia-1024x576.jpg\" alt=\"\" data-id=\"30797\" data-full-url=\"https:\/\/atecordoba.org\/wp-content\/uploads\/2022\/03\/17_03_22_La_Perla_6-copia-scaled.jpg\" data-link=\"https:\/\/atecordoba.org\/?attachment_id=30797\" class=\"wp-image-30797\" srcset=\"https:\/\/atecordoba.org\/wp-content\/uploads\/2022\/03\/17_03_22_La_Perla_6-copia-1024x576.jpg 1024w, https:\/\/atecordoba.org\/wp-content\/uploads\/2022\/03\/17_03_22_La_Perla_6-copia-300x169.jpg 300w, https:\/\/atecordoba.org\/wp-content\/uploads\/2022\/03\/17_03_22_La_Perla_6-copia-768x432.jpg 768w, https:\/\/atecordoba.org\/wp-content\/uploads\/2022\/03\/17_03_22_La_Perla_6-copia-1536x864.jpg 1536w, https:\/\/atecordoba.org\/wp-content\/uploads\/2022\/03\/17_03_22_La_Perla_6-copia-2048x1152.jpg 2048w, https:\/\/atecordoba.org\/wp-content\/uploads\/2022\/03\/17_03_22_La_Perla_6-copia-750x422.jpg 750w, https:\/\/atecordoba.org\/wp-content\/uploads\/2022\/03\/17_03_22_La_Perla_6-copia-1140x641.jpg 1140w\" sizes=\"auto, (max-width: 1024px) 100vw, 1024px\" \/><\/a><\/figure><\/li><\/ul><\/figure>\n\n\n\n<p>Para Giuliani \u201cla crisis de representatividad sucede tambi\u00e9n porque los mejores compa\u00f1eros de las organizaciones libre del pueblo est\u00e1n desaparecidos, exiliados, fueron detenidos o murieron en combate. Esa es la realidad. Los lugares vac\u00edos los ocuparon muchos de los que hoy son gerentes de los poderes econ\u00f3micos. En ese marco, resalto que haya tanta juventud hoy, un sindicato no se puede proyectar para adelante si no hay activismo joven. Esto tiene que ver con construir un sindicato diferente, que dispute salario pero que reivindique la Memoria y la Justicia: c\u00e1rcel com\u00fan para los genocidas. Celebramos que se lo logr\u00f3 juzgar a los cobardes como \u2018El Chacal\u2019 Luciano Benjam\u00edn Men\u00e9ndez, gracias a la fuerza de los organismos de DDHH, a la pelea inclaudicable de nuestras Abuelas y nuestras Madres, pero tambi\u00e9n queremos justicia con el poder econ\u00f3mico y la dirigencia que fue c\u00f3mplice de genocidio\u201d.<\/p>\n\n\n\n<p><strong>Nadie indiferente<\/strong><\/p>\n\n\n\n<p>\u201cEsta visita es importante porque uno no defiende lo que no conoce. La mayor\u00eda de las y los compa\u00f1eros que viven a 20 minutos de ac\u00e1 y no conoc\u00edan La Perla\u201d, dijo Giuliani.<\/p>\n\n\n\n<figure class=\"wp-block-gallery columns-3 is-cropped wp-block-gallery-6 is-layout-flex wp-block-gallery-is-layout-flex\"><ul class=\"blocks-gallery-grid\"><li class=\"blocks-gallery-item\"><figure><a href=\"https:\/\/atecordoba.org\/wp-content\/uploads\/2022\/03\/17_03_22_La_Perla_27-scaled.jpg\"><img loading=\"lazy\" decoding=\"async\" width=\"1024\" height=\"576\" src=\"https:\/\/atecordoba.org\/wp-content\/uploads\/2022\/03\/17_03_22_La_Perla_27-1024x576.jpg\" alt=\"\" data-id=\"30798\" data-full-url=\"https:\/\/atecordoba.org\/wp-content\/uploads\/2022\/03\/17_03_22_La_Perla_27-scaled.jpg\" data-link=\"https:\/\/atecordoba.org\/?attachment_id=30798\" class=\"wp-image-30798\" srcset=\"https:\/\/atecordoba.org\/wp-content\/uploads\/2022\/03\/17_03_22_La_Perla_27-1024x576.jpg 1024w, https:\/\/atecordoba.org\/wp-content\/uploads\/2022\/03\/17_03_22_La_Perla_27-300x169.jpg 300w, https:\/\/atecordoba.org\/wp-content\/uploads\/2022\/03\/17_03_22_La_Perla_27-768x432.jpg 768w, https:\/\/atecordoba.org\/wp-content\/uploads\/2022\/03\/17_03_22_La_Perla_27-1536x864.jpg 1536w, https:\/\/atecordoba.org\/wp-content\/uploads\/2022\/03\/17_03_22_La_Perla_27-2048x1152.jpg 2048w, https:\/\/atecordoba.org\/wp-content\/uploads\/2022\/03\/17_03_22_La_Perla_27-750x422.jpg 750w, https:\/\/atecordoba.org\/wp-content\/uploads\/2022\/03\/17_03_22_La_Perla_27-1140x641.jpg 1140w\" sizes=\"auto, (max-width: 1024px) 100vw, 1024px\" \/><\/a><\/figure><\/li><li class=\"blocks-gallery-item\"><figure><a href=\"https:\/\/atecordoba.org\/wp-content\/uploads\/2022\/03\/17_03_22_La_Perla_17-scaled.jpg\"><img loading=\"lazy\" decoding=\"async\" width=\"1024\" height=\"576\" src=\"https:\/\/atecordoba.org\/wp-content\/uploads\/2022\/03\/17_03_22_La_Perla_17-1024x576.jpg\" alt=\"\" data-id=\"30802\" data-full-url=\"https:\/\/atecordoba.org\/wp-content\/uploads\/2022\/03\/17_03_22_La_Perla_17-scaled.jpg\" data-link=\"https:\/\/atecordoba.org\/?attachment_id=30802\" class=\"wp-image-30802\" srcset=\"https:\/\/atecordoba.org\/wp-content\/uploads\/2022\/03\/17_03_22_La_Perla_17-1024x576.jpg 1024w, https:\/\/atecordoba.org\/wp-content\/uploads\/2022\/03\/17_03_22_La_Perla_17-300x169.jpg 300w, https:\/\/atecordoba.org\/wp-content\/uploads\/2022\/03\/17_03_22_La_Perla_17-768x432.jpg 768w, https:\/\/atecordoba.org\/wp-content\/uploads\/2022\/03\/17_03_22_La_Perla_17-1536x864.jpg 1536w, https:\/\/atecordoba.org\/wp-content\/uploads\/2022\/03\/17_03_22_La_Perla_17-2048x1152.jpg 2048w, https:\/\/atecordoba.org\/wp-content\/uploads\/2022\/03\/17_03_22_La_Perla_17-750x422.jpg 750w, https:\/\/atecordoba.org\/wp-content\/uploads\/2022\/03\/17_03_22_La_Perla_17-1140x641.jpg 1140w\" sizes=\"auto, (max-width: 1024px) 100vw, 1024px\" \/><\/a><\/figure><\/li><li class=\"blocks-gallery-item\"><figure><a href=\"https:\/\/atecordoba.org\/wp-content\/uploads\/2022\/03\/17_03_22_La_Perla_22-scaled.jpg\"><img loading=\"lazy\" decoding=\"async\" width=\"1024\" height=\"576\" src=\"https:\/\/atecordoba.org\/wp-content\/uploads\/2022\/03\/17_03_22_La_Perla_22-1024x576.jpg\" alt=\"\" data-id=\"30803\" data-full-url=\"https:\/\/atecordoba.org\/wp-content\/uploads\/2022\/03\/17_03_22_La_Perla_22-scaled.jpg\" data-link=\"https:\/\/atecordoba.org\/?attachment_id=30803\" class=\"wp-image-30803\" srcset=\"https:\/\/atecordoba.org\/wp-content\/uploads\/2022\/03\/17_03_22_La_Perla_22-1024x576.jpg 1024w, https:\/\/atecordoba.org\/wp-content\/uploads\/2022\/03\/17_03_22_La_Perla_22-300x169.jpg 300w, https:\/\/atecordoba.org\/wp-content\/uploads\/2022\/03\/17_03_22_La_Perla_22-768x432.jpg 768w, https:\/\/atecordoba.org\/wp-content\/uploads\/2022\/03\/17_03_22_La_Perla_22-1536x864.jpg 1536w, https:\/\/atecordoba.org\/wp-content\/uploads\/2022\/03\/17_03_22_La_Perla_22-2048x1152.jpg 2048w, https:\/\/atecordoba.org\/wp-content\/uploads\/2022\/03\/17_03_22_La_Perla_22-750x422.jpg 750w, https:\/\/atecordoba.org\/wp-content\/uploads\/2022\/03\/17_03_22_La_Perla_22-1140x641.jpg 1140w\" sizes=\"auto, (max-width: 1024px) 100vw, 1024px\" \/><\/a><\/figure><\/li><\/ul><\/figure>\n\n\n\n<p>E inst\u00f3 a los presentes \u201ca salir a multiplicar lo que sentimos, lo que vimos, no solo para que no pase m\u00e1s sino para recoger los brotes de las semillas que estos compa\u00f1eros plantaron. La \u00fanica lucha que se pierde es la que se abandona. Esto lo vamos a reforzar con m\u00e1s participaci\u00f3n y m\u00e1s compromiso, tenemos que involucrar m\u00e1s compa\u00f1eros porque hoy de esta crisis se sale con m\u00e1s pol\u00edtica, los lugares que no ocupamos nosotros los rellena el enemigo, esa es la realidad\u201d.<\/p>\n\n\n\n<figure class=\"wp-block-gallery columns-3 is-cropped wp-block-gallery-7 is-layout-flex wp-block-gallery-is-layout-flex\"><ul class=\"blocks-gallery-grid\"><li class=\"blocks-gallery-item\"><figure><img loading=\"lazy\" decoding=\"async\" width=\"1024\" height=\"683\" src=\"https:\/\/atecordoba.org\/wp-content\/uploads\/2022\/03\/DSC4619-1024x683.jpg\" alt=\"\" data-id=\"30805\" data-full-url=\"https:\/\/atecordoba.org\/wp-content\/uploads\/2022\/03\/DSC4619-scaled.jpg\" data-link=\"https:\/\/atecordoba.org\/?attachment_id=30805\" class=\"wp-image-30805\" srcset=\"https:\/\/atecordoba.org\/wp-content\/uploads\/2022\/03\/DSC4619-1024x683.jpg 1024w, https:\/\/atecordoba.org\/wp-content\/uploads\/2022\/03\/DSC4619-300x200.jpg 300w, https:\/\/atecordoba.org\/wp-content\/uploads\/2022\/03\/DSC4619-768x512.jpg 768w, https:\/\/atecordoba.org\/wp-content\/uploads\/2022\/03\/DSC4619-1536x1024.jpg 1536w, https:\/\/atecordoba.org\/wp-content\/uploads\/2022\/03\/DSC4619-2048x1365.jpg 2048w, https:\/\/atecordoba.org\/wp-content\/uploads\/2022\/03\/DSC4619-750x500.jpg 750w, https:\/\/atecordoba.org\/wp-content\/uploads\/2022\/03\/DSC4619-1140x760.jpg 1140w\" sizes=\"auto, (max-width: 1024px) 100vw, 1024px\" \/><\/figure><\/li><li class=\"blocks-gallery-item\"><figure><img loading=\"lazy\" decoding=\"async\" width=\"1024\" height=\"683\" src=\"https:\/\/atecordoba.org\/wp-content\/uploads\/2022\/03\/DSC4576-1024x683.jpg\" alt=\"\" data-id=\"30806\" data-full-url=\"https:\/\/atecordoba.org\/wp-content\/uploads\/2022\/03\/DSC4576-scaled.jpg\" data-link=\"https:\/\/atecordoba.org\/?attachment_id=30806\" class=\"wp-image-30806\" srcset=\"https:\/\/atecordoba.org\/wp-content\/uploads\/2022\/03\/DSC4576-1024x683.jpg 1024w, https:\/\/atecordoba.org\/wp-content\/uploads\/2022\/03\/DSC4576-300x200.jpg 300w, https:\/\/atecordoba.org\/wp-content\/uploads\/2022\/03\/DSC4576-768x512.jpg 768w, https:\/\/atecordoba.org\/wp-content\/uploads\/2022\/03\/DSC4576-1536x1024.jpg 1536w, https:\/\/atecordoba.org\/wp-content\/uploads\/2022\/03\/DSC4576-2048x1365.jpg 2048w, https:\/\/atecordoba.org\/wp-content\/uploads\/2022\/03\/DSC4576-750x500.jpg 750w, https:\/\/atecordoba.org\/wp-content\/uploads\/2022\/03\/DSC4576-1140x760.jpg 1140w\" sizes=\"auto, (max-width: 1024px) 100vw, 1024px\" \/><\/figure><\/li><li class=\"blocks-gallery-item\"><figure><img loading=\"lazy\" decoding=\"async\" width=\"1024\" height=\"683\" src=\"https:\/\/atecordoba.org\/wp-content\/uploads\/2022\/03\/DSC4599-1024x683.jpg\" alt=\"\" data-id=\"30807\" data-full-url=\"https:\/\/atecordoba.org\/wp-content\/uploads\/2022\/03\/DSC4599-scaled.jpg\" data-link=\"https:\/\/atecordoba.org\/?attachment_id=30807\" class=\"wp-image-30807\" srcset=\"https:\/\/atecordoba.org\/wp-content\/uploads\/2022\/03\/DSC4599-1024x683.jpg 1024w, https:\/\/atecordoba.org\/wp-content\/uploads\/2022\/03\/DSC4599-300x200.jpg 300w, https:\/\/atecordoba.org\/wp-content\/uploads\/2022\/03\/DSC4599-768x512.jpg 768w, https:\/\/atecordoba.org\/wp-content\/uploads\/2022\/03\/DSC4599-1536x1024.jpg 1536w, https:\/\/atecordoba.org\/wp-content\/uploads\/2022\/03\/DSC4599-2048x1365.jpg 2048w, https:\/\/atecordoba.org\/wp-content\/uploads\/2022\/03\/DSC4599-750x500.jpg 750w, https:\/\/atecordoba.org\/wp-content\/uploads\/2022\/03\/DSC4599-1140x760.jpg 1140w\" sizes=\"auto, (max-width: 1024px) 100vw, 1024px\" \/><\/figure><\/li><\/ul><\/figure>\n\n\n\n<p>\u201cLos compa\u00f1eros no murieron por un proyecto de capitalismo serio o m\u00e1s humano, o a partir de una visi\u00f3n posibilista imponer que \u2018es lo que se puede\u2019. Nosotros seguimos el ejemplo de la generaci\u00f3n del \u201970 para cambiar de verdad, para dar vuelta la taba. Hoy no volvemos a nuestros territorios como vinimos, hay un quiebre entre que entramos, conocemos, palpamos y nos vamos. Esto nos tiene que dar m\u00e1s fortaleza, m\u00e1s perspectiva de proyecto integral, por eso destaco la iniciativa del Departamento de DDHH\u201d.<\/p>\n\n\n\n<p>Por \u00faltimo, el secretario General dijo que \u201ctenemos que salir de esta situaci\u00f3n con m\u00e1s debate, hoy nadie la tiene clara y quien dice lo contrario est\u00e1 mintiendo. Vamos a debatir, a disentir, pero obviamente tenemos que acordar tres o cuatro puntos para salir todos juntos, claramente el acuerdo con el FMI va a salir con ajuste para el laburante. Por lo cual este tipo de instancia no solo es conmemorativa, sino que tiene que servir tambi\u00e9n de formaci\u00f3n pol\u00edtica\u201d.<\/p>\n\n\n\n<p>\u201cEn estos momentos que se vienen hay que organizar la esperanza para ganar en resistencia, no hay que subestimar al pueblo. El ajuste no pasa sin conflictividad\u201d.<\/p>\n\n\n\n<p><strong>Testimonios<\/strong><\/p>\n\n\n\n<ul class=\"wp-block-list\"><li><strong>Alejandra Agnone (Senasa)<\/strong>: vinimos a conocer La Perla, nuestra historia y este espacio de memoria tan importante. Tengo sentimientos encontrados entre la angustia y esperanza, retomando el camino de tantos compa\u00f1eros que quedaron ac\u00e1. Una experiencia \u00fanica y agradecer al CDP por hacerlo posible.<\/li><li><strong>Bel\u00e9n Maza (delegada de Cruz del Eje)<\/strong>: fue una experiencia muy enriquecedora, sent\u00eds una presencia muy rara al entrar y ver que hubo tantas personas en un espacio tan diminuto y que pasaron por tantas cosas. Hoy que nuestros derechos como trabajadores est\u00e1n siendo vulnerados como delegados esperamos poder cumplir con el mandato de representar a nuestros compa\u00f1eros y representarlos.<\/li><li><strong>Ang\u00e9lica Montoya (militante CTAA)<\/strong>: hace 15 a\u00f1os que no ven\u00eda, desde que lo recuper\u00f3 N\u00e9stor Kirchner. Hoy vengo siendo madre y todo te atraviesa mucho m\u00e1s, pensando que pasar\u00eda que a una hija le pasa lo que sucedi\u00f3 ac\u00e1, con ese plan macabro de exterminio masivo que impuso la dictadura y tan s\u00e1dico. Le agradecemos a ATE por habernos invitado y, como dice Federico Giuliani, por construir un gremio integral.<\/li><li><strong>C\u00e9sar Theaux (Secretario de Formaci\u00f3n)<\/strong>: hoy estamos en una jornada de visita en La Perla, enmarcada dentro de la capacitaci\u00f3n, con m\u00e1s de 70 compa\u00f1eros y compa\u00f1eras que se vinieron desde toda la provincia porque entendemos que la memoria es lo \u00fanico que nos mantiene vivos en el presente. No podemos pelear para levantar nuestros bajos salarios que tiene la Administraci\u00f3n P\u00fablica en sus tres niveles, si no comprendemos que se instaur\u00f3 un modelo econ\u00f3mico por la dictadura donde los trabajadores estatales sobramos. Este fue un centro de terror donde pasaron 2500 personas que luchaban por lo mismo que nosotros. Tenemos que saber qui\u00e9nes eran y por qu\u00e9 lucharon para poder seguir con sus banderas.<\/li><li><strong>Jorge Chalub (Departamento de DDHH)<\/strong>: es importante que las y los trabajadores recuperemos la historia para recuperar la lucha, hacer hincapi\u00e9 en eso porque el 70% de los desaparecidos eran trabajadores, activistas o dirigentes sindicales. Fue muy buena esta experiencia y le agradecemos al CDP.<\/li><li><strong>Juan Valfr\u00e9 (Universidad Provincial)<\/strong>: una jornada muy valiosa para reflexionar lo que signific\u00f3 el golpe de Estado y el proceso genocida de 1976. Y para pensar sobre las implicancias que tuvo para el desarrollo pol\u00edtico, social y econ\u00f3mico de nuestra naci\u00f3n, cuyas consecuencias en la actualidad todav\u00eda vemos. Como trabajadores y trabajadoras se nos abren desaf\u00edos para organizarnos y de esa forma dar la disputa en el campo pol\u00edtico y proponer un modelo con justicia social y distribuci\u00f3n de la riqueza.<\/li><li><strong>Julia Giuliani (Secretaria de Prensa):<\/strong> con un sinf\u00edn de compa\u00f1eros y compa\u00f1eras recorrimos La Perla, un espacio hist\u00f3rico de lucha, de memoria que hay que seguir conservando. Nos parece fundamental como proceso formativo conocer nuestra historia reciente para poder decir Nunca M\u00e1s y exigir Justicia.<\/li><li><strong>Mart\u00edn Cagnani (Departamento Cultura)<\/strong>: muy contento por el resultado de esta iniciativa de DDHH de ATE, siempre encendiendo la llama de la lucha que tuvieron nuestros compa\u00f1eros en los \u201970 y con el honor de haber estado aqu\u00ed junto con Nora Cendra, una de las protagonistas de aquella gesta del \u201976 en Santa Mar\u00eda de Punilla y con Lilita Paryszewki, hija de Guillermo Paryszewki que fue desaparecido del Ministerio de Trabajo en aquellos a\u00f1os. Aguante ATE.<\/li><li><strong>Mat\u00edas Capra (Espacio de la Memoria La Perla &#8211; \u00e1rea de pedagog\u00eda de la memoria)<\/strong>: tuvimos una jornada hermosa y muy fuerte, muy conmovedora, con compa\u00f1eros y compa\u00f1eras de ATE, de distintas localidades. Para el Espacio es un evento s\u00faper interesante cuando nos visita un sindicato porque tiene que ver con recuperar parte profunda de este lugar. Para nosotros es muy importante rescatar la condici\u00f3n de trabajadores y trabajadoras de quienes pasaron por este lugar, que un sindicato reconozca esas banderas, recuperando la historia y at\u00e1ndolas a las luchas de presente es fundamental. Despu\u00e9s pudimos compartir una choripaneada, algunas canciones, fue muy emocionante y esperamos que sigan viniendo los compa\u00f1eros de ATE.<\/li><li><strong>Maximiliano L\u00f3pez Pinto (CNEA)<\/strong>: muy emocionado de conocer un lugar que es important\u00edsimo para nuestra historia. Todav\u00eda hoy seguimos sufriendo las pol\u00edticas que nacieron en esa dictadura. Muchos trabajadores y militantes dejaron la vida para no perdamos los derechos.<\/li><li><strong>Nora Cendra (jubilada Hospital Colonia Santa Mar\u00eda y ex presa pol\u00edtica):<\/strong> Desde el hospital me llevaron detenida, pas\u00e9 pro el Campo de la Ribera, pro el Buen Pastor, por la Penitenciar\u00eda, y fui liberada en diciembre de 1976. Aqu\u00ed estoy recuperando historia y tratando de sembrar semillas para que los j\u00f3venes puedan volver a fructificar. Muy emocionada porque estas actividades llegan a un lugar tan profundo que uno solo puede transmitir a trav\u00e9s de una l\u00e1grima.\u00a0 No hay palabras que alcancen a abarcar la territorialidad emocional que genera.<\/li><li><strong>Rafaela Alcoba (secretaria General de ATE R\u00edo Cuarto)<\/strong>: Tuvimos una jornada impresionante, cargada de muchas emociones, pero tambi\u00e9n de muchas energ\u00edas que nos llevan a discutir hacia d\u00f3nde vamos. Las y los compa\u00f1eros que estuvieron aqu\u00ed detenidos, torturados y asesinados, claramente nos marcaron un camino y nos dejaron un legado. Una de las compa\u00f1eras, que fue presa pol\u00edtica, dijo reci\u00e9n que quer\u00eda que seamos la primavera que ellos so\u00f1aron en su juventud y ese es el objetivo que vinimos a buscar. Nos vamos cargados de emoci\u00f3n y colmados de mucha fuerza para seguir construyendo un pa\u00eds m\u00e1s justo, con justicia social.<\/li><li><strong>Silvia Alcoba (Secretaria General CTA R\u00edo Cuarto y Coordinadora de la Fenat C\u00f3rdoba)<\/strong>: nos encontramos en un lugar hist\u00f3rico que moviliza sentimientos. Venir a aprender que pas\u00f3 en este campo de exterminio es muy movilizador, sabemos que los pueblos que no conocen su historia est\u00e1n condenados a repetirla. Por eso est\u00e1 bueno este momento, no solo para recorrer sino tambi\u00e9n saber que pas\u00f3 en la \u00e9poca negra de la Argentina.<\/li><li><strong>Gast\u00f3n Mereles (secretario de Prensa ATE San Justo):<\/strong> una jornada emotiva y educativa, conocer y escuchar sobre los hechos aberrantes que aqu\u00ed ocurrieron. No conoc\u00eda este lugar y se siente una energ\u00eda bastante intensa, estoy feliz de haber venido. Como joven de 33 a\u00f1os aprend\u00ed mucho, consciente que esto no puede pasar nunca m\u00e1s.<\/li><\/ul>\n\n\n\n<figure class=\"wp-block-gallery columns-3 is-cropped wp-block-gallery-8 is-layout-flex wp-block-gallery-is-layout-flex\"><ul class=\"blocks-gallery-grid\"><li class=\"blocks-gallery-item\"><figure><a href=\"https:\/\/atecordoba.org\/wp-content\/uploads\/2022\/03\/WhatsApp-Image-2022-03-18-at-11.35.35-AM-2.jpeg\"><img loading=\"lazy\" decoding=\"async\" width=\"576\" height=\"1024\" src=\"https:\/\/atecordoba.org\/wp-content\/uploads\/2022\/03\/WhatsApp-Image-2022-03-18-at-11.35.35-AM-2-576x1024.jpeg\" alt=\"\" data-id=\"30809\" data-full-url=\"https:\/\/atecordoba.org\/wp-content\/uploads\/2022\/03\/WhatsApp-Image-2022-03-18-at-11.35.35-AM-2.jpeg\" data-link=\"https:\/\/atecordoba.org\/?attachment_id=30809\" class=\"wp-image-30809\" srcset=\"https:\/\/atecordoba.org\/wp-content\/uploads\/2022\/03\/WhatsApp-Image-2022-03-18-at-11.35.35-AM-2-576x1024.jpeg 576w, https:\/\/atecordoba.org\/wp-content\/uploads\/2022\/03\/WhatsApp-Image-2022-03-18-at-11.35.35-AM-2-169x300.jpeg 169w, https:\/\/atecordoba.org\/wp-content\/uploads\/2022\/03\/WhatsApp-Image-2022-03-18-at-11.35.35-AM-2-768x1366.jpeg 768w, https:\/\/atecordoba.org\/wp-content\/uploads\/2022\/03\/WhatsApp-Image-2022-03-18-at-11.35.35-AM-2-864x1536.jpeg 864w, https:\/\/atecordoba.org\/wp-content\/uploads\/2022\/03\/WhatsApp-Image-2022-03-18-at-11.35.35-AM-2-750x1334.jpeg 750w, https:\/\/atecordoba.org\/wp-content\/uploads\/2022\/03\/WhatsApp-Image-2022-03-18-at-11.35.35-AM-2.jpeg 899w\" sizes=\"auto, (max-width: 576px) 100vw, 576px\" \/><\/a><\/figure><\/li><li class=\"blocks-gallery-item\"><figure><a href=\"https:\/\/atecordoba.org\/wp-content\/uploads\/2022\/03\/WhatsApp-Image-2022-03-18-at-11.35.35-AM.jpeg\"><img loading=\"lazy\" decoding=\"async\" width=\"576\" height=\"1024\" src=\"https:\/\/atecordoba.org\/wp-content\/uploads\/2022\/03\/WhatsApp-Image-2022-03-18-at-11.35.35-AM-576x1024.jpeg\" alt=\"\" data-id=\"30810\" data-full-url=\"https:\/\/atecordoba.org\/wp-content\/uploads\/2022\/03\/WhatsApp-Image-2022-03-18-at-11.35.35-AM.jpeg\" data-link=\"https:\/\/atecordoba.org\/?attachment_id=30810\" class=\"wp-image-30810\" srcset=\"https:\/\/atecordoba.org\/wp-content\/uploads\/2022\/03\/WhatsApp-Image-2022-03-18-at-11.35.35-AM-576x1024.jpeg 576w, https:\/\/atecordoba.org\/wp-content\/uploads\/2022\/03\/WhatsApp-Image-2022-03-18-at-11.35.35-AM-169x300.jpeg 169w, https:\/\/atecordoba.org\/wp-content\/uploads\/2022\/03\/WhatsApp-Image-2022-03-18-at-11.35.35-AM-768x1366.jpeg 768w, https:\/\/atecordoba.org\/wp-content\/uploads\/2022\/03\/WhatsApp-Image-2022-03-18-at-11.35.35-AM-864x1536.jpeg 864w, https:\/\/atecordoba.org\/wp-content\/uploads\/2022\/03\/WhatsApp-Image-2022-03-18-at-11.35.35-AM-750x1334.jpeg 750w, https:\/\/atecordoba.org\/wp-content\/uploads\/2022\/03\/WhatsApp-Image-2022-03-18-at-11.35.35-AM.jpeg 899w\" sizes=\"auto, (max-width: 576px) 100vw, 576px\" \/><\/a><\/figure><\/li><li class=\"blocks-gallery-item\"><figure><a href=\"https:\/\/atecordoba.org\/wp-content\/uploads\/2022\/03\/WhatsApp-Image-2022-03-18-at-11.35.36-AM.jpeg\"><img loading=\"lazy\" decoding=\"async\" width=\"576\" height=\"1024\" src=\"https:\/\/atecordoba.org\/wp-content\/uploads\/2022\/03\/WhatsApp-Image-2022-03-18-at-11.35.36-AM-576x1024.jpeg\" alt=\"\" data-id=\"30811\" data-full-url=\"https:\/\/atecordoba.org\/wp-content\/uploads\/2022\/03\/WhatsApp-Image-2022-03-18-at-11.35.36-AM.jpeg\" data-link=\"https:\/\/atecordoba.org\/?attachment_id=30811\" class=\"wp-image-30811\" srcset=\"https:\/\/atecordoba.org\/wp-content\/uploads\/2022\/03\/WhatsApp-Image-2022-03-18-at-11.35.36-AM-576x1024.jpeg 576w, https:\/\/atecordoba.org\/wp-content\/uploads\/2022\/03\/WhatsApp-Image-2022-03-18-at-11.35.36-AM-169x300.jpeg 169w, https:\/\/atecordoba.org\/wp-content\/uploads\/2022\/03\/WhatsApp-Image-2022-03-18-at-11.35.36-AM-768x1366.jpeg 768w, https:\/\/atecordoba.org\/wp-content\/uploads\/2022\/03\/WhatsApp-Image-2022-03-18-at-11.35.36-AM-864x1536.jpeg 864w, https:\/\/atecordoba.org\/wp-content\/uploads\/2022\/03\/WhatsApp-Image-2022-03-18-at-11.35.36-AM-750x1334.jpeg 750w, https:\/\/atecordoba.org\/wp-content\/uploads\/2022\/03\/WhatsApp-Image-2022-03-18-at-11.35.36-AM.jpeg 899w\" sizes=\"auto, (max-width: 576px) 100vw, 576px\" \/><\/a><\/figure><\/li><li class=\"blocks-gallery-item\"><figure><a href=\"https:\/\/atecordoba.org\/wp-content\/uploads\/2022\/03\/WhatsApp-Image-2022-03-18-at-11.35.32-AM-1.jpeg\"><img loading=\"lazy\" decoding=\"async\" width=\"576\" height=\"1024\" src=\"https:\/\/atecordoba.org\/wp-content\/uploads\/2022\/03\/WhatsApp-Image-2022-03-18-at-11.35.32-AM-1-576x1024.jpeg\" alt=\"\" data-id=\"30812\" data-full-url=\"https:\/\/atecordoba.org\/wp-content\/uploads\/2022\/03\/WhatsApp-Image-2022-03-18-at-11.35.32-AM-1.jpeg\" data-link=\"https:\/\/atecordoba.org\/?attachment_id=30812\" class=\"wp-image-30812\" srcset=\"https:\/\/atecordoba.org\/wp-content\/uploads\/2022\/03\/WhatsApp-Image-2022-03-18-at-11.35.32-AM-1-576x1024.jpeg 576w, https:\/\/atecordoba.org\/wp-content\/uploads\/2022\/03\/WhatsApp-Image-2022-03-18-at-11.35.32-AM-1-169x300.jpeg 169w, https:\/\/atecordoba.org\/wp-content\/uploads\/2022\/03\/WhatsApp-Image-2022-03-18-at-11.35.32-AM-1-768x1366.jpeg 768w, https:\/\/atecordoba.org\/wp-content\/uploads\/2022\/03\/WhatsApp-Image-2022-03-18-at-11.35.32-AM-1-864x1536.jpeg 864w, https:\/\/atecordoba.org\/wp-content\/uploads\/2022\/03\/WhatsApp-Image-2022-03-18-at-11.35.32-AM-1-750x1334.jpeg 750w, https:\/\/atecordoba.org\/wp-content\/uploads\/2022\/03\/WhatsApp-Image-2022-03-18-at-11.35.32-AM-1.jpeg 899w\" sizes=\"auto, (max-width: 576px) 100vw, 576px\" \/><\/a><\/figure><\/li><li class=\"blocks-gallery-item\"><figure><a href=\"https:\/\/atecordoba.org\/wp-content\/uploads\/2022\/03\/WhatsApp-Image-2022-03-18-at-11.35.32-AM.jpeg\"><img loading=\"lazy\" decoding=\"async\" width=\"576\" height=\"1024\" src=\"https:\/\/atecordoba.org\/wp-content\/uploads\/2022\/03\/WhatsApp-Image-2022-03-18-at-11.35.32-AM-576x1024.jpeg\" alt=\"\" data-id=\"30813\" data-full-url=\"https:\/\/atecordoba.org\/wp-content\/uploads\/2022\/03\/WhatsApp-Image-2022-03-18-at-11.35.32-AM.jpeg\" data-link=\"https:\/\/atecordoba.org\/?attachment_id=30813\" class=\"wp-image-30813\" srcset=\"https:\/\/atecordoba.org\/wp-content\/uploads\/2022\/03\/WhatsApp-Image-2022-03-18-at-11.35.32-AM-576x1024.jpeg 576w, https:\/\/atecordoba.org\/wp-content\/uploads\/2022\/03\/WhatsApp-Image-2022-03-18-at-11.35.32-AM-169x300.jpeg 169w, https:\/\/atecordoba.org\/wp-content\/uploads\/2022\/03\/WhatsApp-Image-2022-03-18-at-11.35.32-AM-768x1366.jpeg 768w, https:\/\/atecordoba.org\/wp-content\/uploads\/2022\/03\/WhatsApp-Image-2022-03-18-at-11.35.32-AM-864x1536.jpeg 864w, https:\/\/atecordoba.org\/wp-content\/uploads\/2022\/03\/WhatsApp-Image-2022-03-18-at-11.35.32-AM-750x1334.jpeg 750w, https:\/\/atecordoba.org\/wp-content\/uploads\/2022\/03\/WhatsApp-Image-2022-03-18-at-11.35.32-AM.jpeg 899w\" sizes=\"auto, (max-width: 576px) 100vw, 576px\" \/><\/a><\/figure><\/li><li class=\"blocks-gallery-item\"><figure><a href=\"https:\/\/atecordoba.org\/wp-content\/uploads\/2022\/03\/WhatsApp-Image-2022-03-18-at-11.35.33-AM-1.jpeg\"><img loading=\"lazy\" decoding=\"async\" width=\"576\" height=\"1024\" src=\"https:\/\/atecordoba.org\/wp-content\/uploads\/2022\/03\/WhatsApp-Image-2022-03-18-at-11.35.33-AM-1-576x1024.jpeg\" alt=\"\" data-id=\"30814\" data-full-url=\"https:\/\/atecordoba.org\/wp-content\/uploads\/2022\/03\/WhatsApp-Image-2022-03-18-at-11.35.33-AM-1.jpeg\" data-link=\"https:\/\/atecordoba.org\/?attachment_id=30814\" class=\"wp-image-30814\" srcset=\"https:\/\/atecordoba.org\/wp-content\/uploads\/2022\/03\/WhatsApp-Image-2022-03-18-at-11.35.33-AM-1-576x1024.jpeg 576w, https:\/\/atecordoba.org\/wp-content\/uploads\/2022\/03\/WhatsApp-Image-2022-03-18-at-11.35.33-AM-1-169x300.jpeg 169w, https:\/\/atecordoba.org\/wp-content\/uploads\/2022\/03\/WhatsApp-Image-2022-03-18-at-11.35.33-AM-1-768x1366.jpeg 768w, https:\/\/atecordoba.org\/wp-content\/uploads\/2022\/03\/WhatsApp-Image-2022-03-18-at-11.35.33-AM-1-864x1536.jpeg 864w, https:\/\/atecordoba.org\/wp-content\/uploads\/2022\/03\/WhatsApp-Image-2022-03-18-at-11.35.33-AM-1-750x1334.jpeg 750w, https:\/\/atecordoba.org\/wp-content\/uploads\/2022\/03\/WhatsApp-Image-2022-03-18-at-11.35.33-AM-1.jpeg 899w\" sizes=\"auto, (max-width: 576px) 100vw, 576px\" \/><\/a><\/figure><\/li><li class=\"blocks-gallery-item\"><figure><a href=\"https:\/\/atecordoba.org\/wp-content\/uploads\/2022\/03\/WhatsApp-Image-2022-03-18-at-11.35.33-AM-2.jpeg\"><img loading=\"lazy\" decoding=\"async\" width=\"576\" height=\"1024\" src=\"https:\/\/atecordoba.org\/wp-content\/uploads\/2022\/03\/WhatsApp-Image-2022-03-18-at-11.35.33-AM-2-576x1024.jpeg\" alt=\"\" data-id=\"30815\" data-full-url=\"https:\/\/atecordoba.org\/wp-content\/uploads\/2022\/03\/WhatsApp-Image-2022-03-18-at-11.35.33-AM-2.jpeg\" data-link=\"https:\/\/atecordoba.org\/?attachment_id=30815\" class=\"wp-image-30815\" srcset=\"https:\/\/atecordoba.org\/wp-content\/uploads\/2022\/03\/WhatsApp-Image-2022-03-18-at-11.35.33-AM-2-576x1024.jpeg 576w, https:\/\/atecordoba.org\/wp-content\/uploads\/2022\/03\/WhatsApp-Image-2022-03-18-at-11.35.33-AM-2-169x300.jpeg 169w, https:\/\/atecordoba.org\/wp-content\/uploads\/2022\/03\/WhatsApp-Image-2022-03-18-at-11.35.33-AM-2-768x1366.jpeg 768w, https:\/\/atecordoba.org\/wp-content\/uploads\/2022\/03\/WhatsApp-Image-2022-03-18-at-11.35.33-AM-2-864x1536.jpeg 864w, https:\/\/atecordoba.org\/wp-content\/uploads\/2022\/03\/WhatsApp-Image-2022-03-18-at-11.35.33-AM-2-750x1334.jpeg 750w, https:\/\/atecordoba.org\/wp-content\/uploads\/2022\/03\/WhatsApp-Image-2022-03-18-at-11.35.33-AM-2.jpeg 899w\" sizes=\"auto, (max-width: 576px) 100vw, 576px\" \/><\/a><\/figure><\/li><li class=\"blocks-gallery-item\"><figure><a href=\"https:\/\/atecordoba.org\/wp-content\/uploads\/2022\/03\/WhatsApp-Image-2022-03-18-at-11.35.34-AM-1.jpeg\"><img loading=\"lazy\" decoding=\"async\" width=\"576\" height=\"1024\" src=\"https:\/\/atecordoba.org\/wp-content\/uploads\/2022\/03\/WhatsApp-Image-2022-03-18-at-11.35.34-AM-1-576x1024.jpeg\" alt=\"\" data-id=\"30816\" data-full-url=\"https:\/\/atecordoba.org\/wp-content\/uploads\/2022\/03\/WhatsApp-Image-2022-03-18-at-11.35.34-AM-1.jpeg\" data-link=\"https:\/\/atecordoba.org\/?attachment_id=30816\" class=\"wp-image-30816\" srcset=\"https:\/\/atecordoba.org\/wp-content\/uploads\/2022\/03\/WhatsApp-Image-2022-03-18-at-11.35.34-AM-1-576x1024.jpeg 576w, https:\/\/atecordoba.org\/wp-content\/uploads\/2022\/03\/WhatsApp-Image-2022-03-18-at-11.35.34-AM-1-169x300.jpeg 169w, https:\/\/atecordoba.org\/wp-content\/uploads\/2022\/03\/WhatsApp-Image-2022-03-18-at-11.35.34-AM-1-768x1366.jpeg 768w, https:\/\/atecordoba.org\/wp-content\/uploads\/2022\/03\/WhatsApp-Image-2022-03-18-at-11.35.34-AM-1-864x1536.jpeg 864w, https:\/\/atecordoba.org\/wp-content\/uploads\/2022\/03\/WhatsApp-Image-2022-03-18-at-11.35.34-AM-1-750x1334.jpeg 750w, https:\/\/atecordoba.org\/wp-content\/uploads\/2022\/03\/WhatsApp-Image-2022-03-18-at-11.35.34-AM-1.jpeg 899w\" sizes=\"auto, (max-width: 576px) 100vw, 576px\" \/><\/a><\/figure><\/li><li class=\"blocks-gallery-item\"><figure><a href=\"https:\/\/atecordoba.org\/wp-content\/uploads\/2022\/03\/WhatsApp-Image-2022-03-18-at-11.35.34-AM-2.jpeg\"><img loading=\"lazy\" decoding=\"async\" width=\"576\" height=\"1024\" src=\"https:\/\/atecordoba.org\/wp-content\/uploads\/2022\/03\/WhatsApp-Image-2022-03-18-at-11.35.34-AM-2-576x1024.jpeg\" alt=\"\" data-id=\"30817\" data-full-url=\"https:\/\/atecordoba.org\/wp-content\/uploads\/2022\/03\/WhatsApp-Image-2022-03-18-at-11.35.34-AM-2.jpeg\" data-link=\"https:\/\/atecordoba.org\/?attachment_id=30817\" class=\"wp-image-30817\" srcset=\"https:\/\/atecordoba.org\/wp-content\/uploads\/2022\/03\/WhatsApp-Image-2022-03-18-at-11.35.34-AM-2-576x1024.jpeg 576w, https:\/\/atecordoba.org\/wp-content\/uploads\/2022\/03\/WhatsApp-Image-2022-03-18-at-11.35.34-AM-2-169x300.jpeg 169w, https:\/\/atecordoba.org\/wp-content\/uploads\/2022\/03\/WhatsApp-Image-2022-03-18-at-11.35.34-AM-2-768x1366.jpeg 768w, https:\/\/atecordoba.org\/wp-content\/uploads\/2022\/03\/WhatsApp-Image-2022-03-18-at-11.35.34-AM-2-864x1536.jpeg 864w, https:\/\/atecordoba.org\/wp-content\/uploads\/2022\/03\/WhatsApp-Image-2022-03-18-at-11.35.34-AM-2-750x1334.jpeg 750w, https:\/\/atecordoba.org\/wp-content\/uploads\/2022\/03\/WhatsApp-Image-2022-03-18-at-11.35.34-AM-2.jpeg 899w\" sizes=\"auto, (max-width: 576px) 100vw, 576px\" \/><\/a><\/figure><\/li><\/ul><\/figure>\n\n\n\n<figure class=\"wp-block-gallery columns-3 is-cropped wp-block-gallery-9 is-layout-flex wp-block-gallery-is-layout-flex\"><ul class=\"blocks-gallery-grid\"><li class=\"blocks-gallery-item\"><figure><a href=\"https:\/\/atecordoba.org\/wp-content\/uploads\/2022\/03\/IMG-20220317-WA0035.jpg\"><img loading=\"lazy\" decoding=\"async\" width=\"1024\" height=\"577\" src=\"https:\/\/atecordoba.org\/wp-content\/uploads\/2022\/03\/IMG-20220317-WA0035-1024x577.jpg\" alt=\"\" data-id=\"30822\" data-full-url=\"https:\/\/atecordoba.org\/wp-content\/uploads\/2022\/03\/IMG-20220317-WA0035.jpg\" data-link=\"https:\/\/atecordoba.org\/?attachment_id=30822\" class=\"wp-image-30822\" srcset=\"https:\/\/atecordoba.org\/wp-content\/uploads\/2022\/03\/IMG-20220317-WA0035-1024x577.jpg 1024w, https:\/\/atecordoba.org\/wp-content\/uploads\/2022\/03\/IMG-20220317-WA0035-300x169.jpg 300w, https:\/\/atecordoba.org\/wp-content\/uploads\/2022\/03\/IMG-20220317-WA0035-768x433.jpg 768w, https:\/\/atecordoba.org\/wp-content\/uploads\/2022\/03\/IMG-20220317-WA0035-750x422.jpg 750w, https:\/\/atecordoba.org\/wp-content\/uploads\/2022\/03\/IMG-20220317-WA0035-1140x642.jpg 1140w, https:\/\/atecordoba.org\/wp-content\/uploads\/2022\/03\/IMG-20220317-WA0035.jpg 1280w\" sizes=\"auto, (max-width: 1024px) 100vw, 1024px\" \/><\/a><\/figure><\/li><li class=\"blocks-gallery-item\"><figure><a href=\"https:\/\/atecordoba.org\/wp-content\/uploads\/2022\/03\/IMG-20220317-WA0036.jpg\"><img loading=\"lazy\" decoding=\"async\" width=\"1024\" height=\"577\" src=\"https:\/\/atecordoba.org\/wp-content\/uploads\/2022\/03\/IMG-20220317-WA0036-1024x577.jpg\" alt=\"\" data-id=\"30823\" data-full-url=\"https:\/\/atecordoba.org\/wp-content\/uploads\/2022\/03\/IMG-20220317-WA0036.jpg\" data-link=\"https:\/\/atecordoba.org\/?attachment_id=30823\" class=\"wp-image-30823\" srcset=\"https:\/\/atecordoba.org\/wp-content\/uploads\/2022\/03\/IMG-20220317-WA0036-1024x577.jpg 1024w, https:\/\/atecordoba.org\/wp-content\/uploads\/2022\/03\/IMG-20220317-WA0036-300x169.jpg 300w, https:\/\/atecordoba.org\/wp-content\/uploads\/2022\/03\/IMG-20220317-WA0036-768x433.jpg 768w, https:\/\/atecordoba.org\/wp-content\/uploads\/2022\/03\/IMG-20220317-WA0036-750x422.jpg 750w, https:\/\/atecordoba.org\/wp-content\/uploads\/2022\/03\/IMG-20220317-WA0036-1140x642.jpg 1140w, https:\/\/atecordoba.org\/wp-content\/uploads\/2022\/03\/IMG-20220317-WA0036.jpg 1280w\" sizes=\"auto, (max-width: 1024px) 100vw, 1024px\" \/><\/a><\/figure><\/li><li class=\"blocks-gallery-item\"><figure><a href=\"https:\/\/atecordoba.org\/wp-content\/uploads\/2022\/03\/IMG-20220317-WA0037.jpg\"><img loading=\"lazy\" decoding=\"async\" width=\"1024\" height=\"577\" src=\"https:\/\/atecordoba.org\/wp-content\/uploads\/2022\/03\/IMG-20220317-WA0037-1024x577.jpg\" alt=\"\" data-id=\"30824\" data-full-url=\"https:\/\/atecordoba.org\/wp-content\/uploads\/2022\/03\/IMG-20220317-WA0037.jpg\" data-link=\"https:\/\/atecordoba.org\/?attachment_id=30824\" class=\"wp-image-30824\" srcset=\"https:\/\/atecordoba.org\/wp-content\/uploads\/2022\/03\/IMG-20220317-WA0037-1024x577.jpg 1024w, https:\/\/atecordoba.org\/wp-content\/uploads\/2022\/03\/IMG-20220317-WA0037-300x169.jpg 300w, https:\/\/atecordoba.org\/wp-content\/uploads\/2022\/03\/IMG-20220317-WA0037-768x433.jpg 768w, https:\/\/atecordoba.org\/wp-content\/uploads\/2022\/03\/IMG-20220317-WA0037-750x422.jpg 750w, https:\/\/atecordoba.org\/wp-content\/uploads\/2022\/03\/IMG-20220317-WA0037-1140x642.jpg 1140w, https:\/\/atecordoba.org\/wp-content\/uploads\/2022\/03\/IMG-20220317-WA0037.jpg 1280w\" sizes=\"auto, (max-width: 1024px) 100vw, 1024px\" \/><\/a><\/figure><\/li><li class=\"blocks-gallery-item\"><figure><a href=\"https:\/\/atecordoba.org\/wp-content\/uploads\/2022\/03\/WhatsApp-Image-2022-03-18-at-11.17.32-AM-2.jpeg\"><img loading=\"lazy\" decoding=\"async\" width=\"1024\" height=\"576\" src=\"https:\/\/atecordoba.org\/wp-content\/uploads\/2022\/03\/WhatsApp-Image-2022-03-18-at-11.17.32-AM-2-1024x576.jpeg\" alt=\"\" data-id=\"30826\" data-full-url=\"https:\/\/atecordoba.org\/wp-content\/uploads\/2022\/03\/WhatsApp-Image-2022-03-18-at-11.17.32-AM-2.jpeg\" data-link=\"https:\/\/atecordoba.org\/?attachment_id=30826\" class=\"wp-image-30826\" srcset=\"https:\/\/atecordoba.org\/wp-content\/uploads\/2022\/03\/WhatsApp-Image-2022-03-18-at-11.17.32-AM-2-1024x576.jpeg 1024w, https:\/\/atecordoba.org\/wp-content\/uploads\/2022\/03\/WhatsApp-Image-2022-03-18-at-11.17.32-AM-2-300x169.jpeg 300w, https:\/\/atecordoba.org\/wp-content\/uploads\/2022\/03\/WhatsApp-Image-2022-03-18-at-11.17.32-AM-2-768x432.jpeg 768w, https:\/\/atecordoba.org\/wp-content\/uploads\/2022\/03\/WhatsApp-Image-2022-03-18-at-11.17.32-AM-2-1536x864.jpeg 1536w, https:\/\/atecordoba.org\/wp-content\/uploads\/2022\/03\/WhatsApp-Image-2022-03-18-at-11.17.32-AM-2-750x422.jpeg 750w, https:\/\/atecordoba.org\/wp-content\/uploads\/2022\/03\/WhatsApp-Image-2022-03-18-at-11.17.32-AM-2-1140x641.jpeg 1140w, https:\/\/atecordoba.org\/wp-content\/uploads\/2022\/03\/WhatsApp-Image-2022-03-18-at-11.17.32-AM-2.jpeg 1600w\" sizes=\"auto, (max-width: 1024px) 100vw, 1024px\" \/><\/a><\/figure><\/li><li class=\"blocks-gallery-item\"><figure><a href=\"https:\/\/atecordoba.org\/wp-content\/uploads\/2022\/03\/WhatsApp-Image-2022-03-18-at-11.17.32-AM.jpeg\"><img loading=\"lazy\" decoding=\"async\" width=\"1024\" height=\"576\" src=\"https:\/\/atecordoba.org\/wp-content\/uploads\/2022\/03\/WhatsApp-Image-2022-03-18-at-11.17.32-AM-1024x576.jpeg\" alt=\"\" data-id=\"30827\" data-full-url=\"https:\/\/atecordoba.org\/wp-content\/uploads\/2022\/03\/WhatsApp-Image-2022-03-18-at-11.17.32-AM.jpeg\" data-link=\"https:\/\/atecordoba.org\/?attachment_id=30827\" class=\"wp-image-30827\" srcset=\"https:\/\/atecordoba.org\/wp-content\/uploads\/2022\/03\/WhatsApp-Image-2022-03-18-at-11.17.32-AM-1024x576.jpeg 1024w, https:\/\/atecordoba.org\/wp-content\/uploads\/2022\/03\/WhatsApp-Image-2022-03-18-at-11.17.32-AM-300x169.jpeg 300w, https:\/\/atecordoba.org\/wp-content\/uploads\/2022\/03\/WhatsApp-Image-2022-03-18-at-11.17.32-AM-768x432.jpeg 768w, https:\/\/atecordoba.org\/wp-content\/uploads\/2022\/03\/WhatsApp-Image-2022-03-18-at-11.17.32-AM-1536x864.jpeg 1536w, https:\/\/atecordoba.org\/wp-content\/uploads\/2022\/03\/WhatsApp-Image-2022-03-18-at-11.17.32-AM-750x422.jpeg 750w, https:\/\/atecordoba.org\/wp-content\/uploads\/2022\/03\/WhatsApp-Image-2022-03-18-at-11.17.32-AM-1140x641.jpeg 1140w, https:\/\/atecordoba.org\/wp-content\/uploads\/2022\/03\/WhatsApp-Image-2022-03-18-at-11.17.32-AM.jpeg 1600w\" sizes=\"auto, (max-width: 1024px) 100vw, 1024px\" \/><\/a><\/figure><\/li><li class=\"blocks-gallery-item\"><figure><a href=\"https:\/\/atecordoba.org\/wp-content\/uploads\/2022\/03\/WhatsApp-Image-2022-03-18-at-11.17.33-AM-1.jpeg\"><img loading=\"lazy\" decoding=\"async\" width=\"1024\" height=\"576\" src=\"https:\/\/atecordoba.org\/wp-content\/uploads\/2022\/03\/WhatsApp-Image-2022-03-18-at-11.17.33-AM-1-1024x576.jpeg\" alt=\"\" data-id=\"30828\" data-full-url=\"https:\/\/atecordoba.org\/wp-content\/uploads\/2022\/03\/WhatsApp-Image-2022-03-18-at-11.17.33-AM-1.jpeg\" data-link=\"https:\/\/atecordoba.org\/?attachment_id=30828\" class=\"wp-image-30828\" srcset=\"https:\/\/atecordoba.org\/wp-content\/uploads\/2022\/03\/WhatsApp-Image-2022-03-18-at-11.17.33-AM-1-1024x576.jpeg 1024w, https:\/\/atecordoba.org\/wp-content\/uploads\/2022\/03\/WhatsApp-Image-2022-03-18-at-11.17.33-AM-1-300x169.jpeg 300w, https:\/\/atecordoba.org\/wp-content\/uploads\/2022\/03\/WhatsApp-Image-2022-03-18-at-11.17.33-AM-1-768x432.jpeg 768w, https:\/\/atecordoba.org\/wp-content\/uploads\/2022\/03\/WhatsApp-Image-2022-03-18-at-11.17.33-AM-1-1536x864.jpeg 1536w, https:\/\/atecordoba.org\/wp-content\/uploads\/2022\/03\/WhatsApp-Image-2022-03-18-at-11.17.33-AM-1-750x422.jpeg 750w, https:\/\/atecordoba.org\/wp-content\/uploads\/2022\/03\/WhatsApp-Image-2022-03-18-at-11.17.33-AM-1-1140x641.jpeg 1140w, https:\/\/atecordoba.org\/wp-content\/uploads\/2022\/03\/WhatsApp-Image-2022-03-18-at-11.17.33-AM-1.jpeg 1600w\" sizes=\"auto, (max-width: 1024px) 100vw, 1024px\" \/><\/a><\/figure><\/li><li class=\"blocks-gallery-item\"><figure><a href=\"https:\/\/atecordoba.org\/wp-content\/uploads\/2022\/03\/WhatsApp-Image-2022-03-18-at-11.17.33-AM-2.jpeg\"><img loading=\"lazy\" decoding=\"async\" width=\"1024\" height=\"576\" src=\"https:\/\/atecordoba.org\/wp-content\/uploads\/2022\/03\/WhatsApp-Image-2022-03-18-at-11.17.33-AM-2-1024x576.jpeg\" alt=\"\" data-id=\"30829\" data-full-url=\"https:\/\/atecordoba.org\/wp-content\/uploads\/2022\/03\/WhatsApp-Image-2022-03-18-at-11.17.33-AM-2.jpeg\" data-link=\"https:\/\/atecordoba.org\/?attachment_id=30829\" class=\"wp-image-30829\" srcset=\"https:\/\/atecordoba.org\/wp-content\/uploads\/2022\/03\/WhatsApp-Image-2022-03-18-at-11.17.33-AM-2-1024x576.jpeg 1024w, https:\/\/atecordoba.org\/wp-content\/uploads\/2022\/03\/WhatsApp-Image-2022-03-18-at-11.17.33-AM-2-300x169.jpeg 300w, https:\/\/atecordoba.org\/wp-content\/uploads\/2022\/03\/WhatsApp-Image-2022-03-18-at-11.17.33-AM-2-768x432.jpeg 768w, https:\/\/atecordoba.org\/wp-content\/uploads\/2022\/03\/WhatsApp-Image-2022-03-18-at-11.17.33-AM-2-1536x864.jpeg 1536w, https:\/\/atecordoba.org\/wp-content\/uploads\/2022\/03\/WhatsApp-Image-2022-03-18-at-11.17.33-AM-2-750x422.jpeg 750w, https:\/\/atecordoba.org\/wp-content\/uploads\/2022\/03\/WhatsApp-Image-2022-03-18-at-11.17.33-AM-2-1140x641.jpeg 1140w, https:\/\/atecordoba.org\/wp-content\/uploads\/2022\/03\/WhatsApp-Image-2022-03-18-at-11.17.33-AM-2.jpeg 1600w\" sizes=\"auto, (max-width: 1024px) 100vw, 1024px\" \/><\/a><\/figure><\/li><li class=\"blocks-gallery-item\"><figure><a href=\"https:\/\/atecordoba.org\/wp-content\/uploads\/2022\/03\/WhatsApp-Image-2022-03-18-at-11.17.33-AM.jpeg\"><img loading=\"lazy\" decoding=\"async\" width=\"1024\" height=\"576\" src=\"https:\/\/atecordoba.org\/wp-content\/uploads\/2022\/03\/WhatsApp-Image-2022-03-18-at-11.17.33-AM-1024x576.jpeg\" alt=\"\" data-id=\"30830\" data-full-url=\"https:\/\/atecordoba.org\/wp-content\/uploads\/2022\/03\/WhatsApp-Image-2022-03-18-at-11.17.33-AM.jpeg\" data-link=\"https:\/\/atecordoba.org\/?attachment_id=30830\" class=\"wp-image-30830\" srcset=\"https:\/\/atecordoba.org\/wp-content\/uploads\/2022\/03\/WhatsApp-Image-2022-03-18-at-11.17.33-AM-1024x576.jpeg 1024w, https:\/\/atecordoba.org\/wp-content\/uploads\/2022\/03\/WhatsApp-Image-2022-03-18-at-11.17.33-AM-300x169.jpeg 300w, https:\/\/atecordoba.org\/wp-content\/uploads\/2022\/03\/WhatsApp-Image-2022-03-18-at-11.17.33-AM-768x432.jpeg 768w, https:\/\/atecordoba.org\/wp-content\/uploads\/2022\/03\/WhatsApp-Image-2022-03-18-at-11.17.33-AM-1536x864.jpeg 1536w, https:\/\/atecordoba.org\/wp-content\/uploads\/2022\/03\/WhatsApp-Image-2022-03-18-at-11.17.33-AM-750x422.jpeg 750w, https:\/\/atecordoba.org\/wp-content\/uploads\/2022\/03\/WhatsApp-Image-2022-03-18-at-11.17.33-AM-1140x641.jpeg 1140w, https:\/\/atecordoba.org\/wp-content\/uploads\/2022\/03\/WhatsApp-Image-2022-03-18-at-11.17.33-AM.jpeg 1600w\" sizes=\"auto, (max-width: 1024px) 100vw, 1024px\" \/><\/a><\/figure><\/li><li class=\"blocks-gallery-item\"><figure><a href=\"https:\/\/atecordoba.org\/wp-content\/uploads\/2022\/03\/WhatsApp-Image-2022-03-18-at-11.17.34-AM-1.jpeg\"><img loading=\"lazy\" decoding=\"async\" width=\"1024\" height=\"576\" src=\"https:\/\/atecordoba.org\/wp-content\/uploads\/2022\/03\/WhatsApp-Image-2022-03-18-at-11.17.34-AM-1-1024x576.jpeg\" alt=\"\" data-id=\"30831\" data-full-url=\"https:\/\/atecordoba.org\/wp-content\/uploads\/2022\/03\/WhatsApp-Image-2022-03-18-at-11.17.34-AM-1.jpeg\" data-link=\"https:\/\/atecordoba.org\/?attachment_id=30831\" class=\"wp-image-30831\" srcset=\"https:\/\/atecordoba.org\/wp-content\/uploads\/2022\/03\/WhatsApp-Image-2022-03-18-at-11.17.34-AM-1-1024x576.jpeg 1024w, https:\/\/atecordoba.org\/wp-content\/uploads\/2022\/03\/WhatsApp-Image-2022-03-18-at-11.17.34-AM-1-300x169.jpeg 300w, https:\/\/atecordoba.org\/wp-content\/uploads\/2022\/03\/WhatsApp-Image-2022-03-18-at-11.17.34-AM-1-768x432.jpeg 768w, https:\/\/atecordoba.org\/wp-content\/uploads\/2022\/03\/WhatsApp-Image-2022-03-18-at-11.17.34-AM-1-1536x864.jpeg 1536w, https:\/\/atecordoba.org\/wp-content\/uploads\/2022\/03\/WhatsApp-Image-2022-03-18-at-11.17.34-AM-1-750x422.jpeg 750w, https:\/\/atecordoba.org\/wp-content\/uploads\/2022\/03\/WhatsApp-Image-2022-03-18-at-11.17.34-AM-1-1140x641.jpeg 1140w, https:\/\/atecordoba.org\/wp-content\/uploads\/2022\/03\/WhatsApp-Image-2022-03-18-at-11.17.34-AM-1.jpeg 1600w\" sizes=\"auto, (max-width: 1024px) 100vw, 1024px\" \/><\/a><\/figure><\/li><li class=\"blocks-gallery-item\"><figure><a href=\"https:\/\/atecordoba.org\/wp-content\/uploads\/2022\/03\/20220317_132615-scaled.jpg\"><img loading=\"lazy\" decoding=\"async\" width=\"1024\" height=\"576\" src=\"https:\/\/atecordoba.org\/wp-content\/uploads\/2022\/03\/20220317_132615-1024x576.jpg\" alt=\"\" data-id=\"30832\" data-full-url=\"https:\/\/atecordoba.org\/wp-content\/uploads\/2022\/03\/20220317_132615-scaled.jpg\" data-link=\"https:\/\/atecordoba.org\/?attachment_id=30832\" class=\"wp-image-30832\" srcset=\"https:\/\/atecordoba.org\/wp-content\/uploads\/2022\/03\/20220317_132615-1024x576.jpg 1024w, https:\/\/atecordoba.org\/wp-content\/uploads\/2022\/03\/20220317_132615-300x169.jpg 300w, https:\/\/atecordoba.org\/wp-content\/uploads\/2022\/03\/20220317_132615-768x432.jpg 768w, https:\/\/atecordoba.org\/wp-content\/uploads\/2022\/03\/20220317_132615-1536x864.jpg 1536w, https:\/\/atecordoba.org\/wp-content\/uploads\/2022\/03\/20220317_132615-2048x1152.jpg 2048w, https:\/\/atecordoba.org\/wp-content\/uploads\/2022\/03\/20220317_132615-750x422.jpg 750w, https:\/\/atecordoba.org\/wp-content\/uploads\/2022\/03\/20220317_132615-1140x641.jpg 1140w\" sizes=\"auto, (max-width: 1024px) 100vw, 1024px\" \/><\/a><\/figure><\/li><li class=\"blocks-gallery-item\"><figure><a href=\"https:\/\/atecordoba.org\/wp-content\/uploads\/2022\/03\/20220317_132621-scaled.jpg\"><img loading=\"lazy\" decoding=\"async\" width=\"1024\" height=\"576\" src=\"https:\/\/atecordoba.org\/wp-content\/uploads\/2022\/03\/20220317_132621-1024x576.jpg\" alt=\"\" data-id=\"30833\" data-full-url=\"https:\/\/atecordoba.org\/wp-content\/uploads\/2022\/03\/20220317_132621-scaled.jpg\" data-link=\"https:\/\/atecordoba.org\/?attachment_id=30833\" class=\"wp-image-30833\" srcset=\"https:\/\/atecordoba.org\/wp-content\/uploads\/2022\/03\/20220317_132621-1024x576.jpg 1024w, https:\/\/atecordoba.org\/wp-content\/uploads\/2022\/03\/20220317_132621-300x169.jpg 300w, https:\/\/atecordoba.org\/wp-content\/uploads\/2022\/03\/20220317_132621-768x432.jpg 768w, https:\/\/atecordoba.org\/wp-content\/uploads\/2022\/03\/20220317_132621-1536x864.jpg 1536w, https:\/\/atecordoba.org\/wp-content\/uploads\/2022\/03\/20220317_132621-2048x1152.jpg 2048w, https:\/\/atecordoba.org\/wp-content\/uploads\/2022\/03\/20220317_132621-750x422.jpg 750w, https:\/\/atecordoba.org\/wp-content\/uploads\/2022\/03\/20220317_132621-1140x641.jpg 1140w\" sizes=\"auto, (max-width: 1024px) 100vw, 1024px\" \/><\/a><\/figure><\/li><li class=\"blocks-gallery-item\"><figure><a href=\"https:\/\/atecordoba.org\/wp-content\/uploads\/2022\/03\/20220317_132725-scaled.jpg\"><img loading=\"lazy\" decoding=\"async\" width=\"1024\" height=\"576\" src=\"https:\/\/atecordoba.org\/wp-content\/uploads\/2022\/03\/20220317_132725-1024x576.jpg\" alt=\"\" data-id=\"30834\" data-full-url=\"https:\/\/atecordoba.org\/wp-content\/uploads\/2022\/03\/20220317_132725-scaled.jpg\" data-link=\"https:\/\/atecordoba.org\/?attachment_id=30834\" class=\"wp-image-30834\" srcset=\"https:\/\/atecordoba.org\/wp-content\/uploads\/2022\/03\/20220317_132725-1024x576.jpg 1024w, https:\/\/atecordoba.org\/wp-content\/uploads\/2022\/03\/20220317_132725-300x169.jpg 300w, https:\/\/atecordoba.org\/wp-content\/uploads\/2022\/03\/20220317_132725-768x432.jpg 768w, https:\/\/atecordoba.org\/wp-content\/uploads\/2022\/03\/20220317_132725-1536x864.jpg 1536w, https:\/\/atecordoba.org\/wp-content\/uploads\/2022\/03\/20220317_132725-2048x1152.jpg 2048w, https:\/\/atecordoba.org\/wp-content\/uploads\/2022\/03\/20220317_132725-750x422.jpg 750w, https:\/\/atecordoba.org\/wp-content\/uploads\/2022\/03\/20220317_132725-1140x641.jpg 1140w\" sizes=\"auto, (max-width: 1024px) 100vw, 1024px\" \/><\/a><\/figure><\/li><\/ul><\/figure>\n\n\n\n<p><\/p>\n","protected":false},"excerpt":{"rendered":"<p>El jueves pasado el Consejo Directivo Provincial (CDP) de ATE C\u00f3rdoba llev\u00f3 adelante una jornada de formaci\u00f3n y memoria, visitando con una delegaci\u00f3n de 70 compa\u00f1eros y compa\u00f1eras el Espacio de la Memoria La Perla, ex centro de secuestro, tortura y muerte que funcion\u00f3 entre 1976 y 1979 a escasos kil\u00f3metros de C\u00f3rdoba Capital, por [&hellip;]<\/p>\n","protected":false},"author":7,"featured_media":30781,"comment_status":"open","ping_status":"open","sticky":false,"template":"","format":"standard","meta":{"_exactmetrics_skip_tracking":false,"_exactmetrics_sitenote_active":false,"_exactmetrics_sitenote_note":"","_exactmetrics_sitenote_category":0,"jnews-multi-image_gallery":[],"jnews_single_post":{"subtitle":"Nuestro secretario General, Federico Giuliani, destac\u00f3 que la actividad forma parte \"de una pol\u00edtica integral de ATE. Peleamos por el salario pero tambi\u00e9n damos herramientas para la formaci\u00f3n y el debate que son instrumentos b\u00e1sicos del desarrollo de nuestro gremio\". ","format":"standard","video":"","gallery":"","source_name":"","source_url":"","via_name":"","via_url":"","override":[{"template":"1","single_blog_custom":"","parallax":"1","fullscreen":"1","layout":"right-sidebar","sidebar":"default-sidebar","second_sidebar":"default-sidebar","sticky_sidebar":"1","share_position":"top","share_float_style":"share-monocrhome","show_share_counter":"1","show_view_counter":"1","show_featured":"1","show_post_meta":"1","show_post_author":"1","show_post_author_image":"1","show_post_date":"1","post_date_format":"default","post_date_format_custom":"Y\/m\/d","show_post_category":"1","post_reading_time_wpm":"300","zoom_button_out_step":"2","zoom_button_in_step":"3","show_post_tag":"1","show_prev_next_post":"1","show_popup_post":"1","number_popup_post":"1"}],"image_override":[{"single_post_thumbnail_size":"crop-500","single_post_gallery_size":"crop-500"}],"trending_post_position":"meta","trending_post_label":"Trending","sponsored_post_label":"Sponsored by","sponsored_post_name":"","sponsored_post_url":"","sponsored_post_logo":"","sponsored_post_desc":""},"jnews_primary_category":{"id":""},"jnews_social_meta":[],"jnews_review":[],"enable_review":"","type":"","name":"","summary":"","brand":"","sku":"","good":[],"bad":[],"score_override":"","override_value":"","rating":[],"price":[],"jnews_override_counter":[],"jnews_post_split":[],"footnotes":""},"categories":[341,122,88],"tags":[1049],"class_list":["post-30780","post","type-post","status-publish","format-standard","has-post-thumbnail","hentry","category-cdp","category-ddhh","category-formacion","tag-visita-la-perla"],"jetpack_featured_media_url":"https:\/\/atecordoba.org\/wp-content\/uploads\/2022\/03\/17_03_22_La_Perla_2.jpg","_links":{"self":[{"href":"https:\/\/atecordoba.org\/index.php?rest_route=\/wp\/v2\/posts\/30780","targetHints":{"allow":["GET"]}}],"collection":[{"href":"https:\/\/atecordoba.org\/index.php?rest_route=\/wp\/v2\/posts"}],"about":[{"href":"https:\/\/atecordoba.org\/index.php?rest_route=\/wp\/v2\/types\/post"}],"author":[{"embeddable":true,"href":"https:\/\/atecordoba.org\/index.php?rest_route=\/wp\/v2\/users\/7"}],"replies":[{"embeddable":true,"href":"https:\/\/atecordoba.org\/index.php?rest_route=%2Fwp%2Fv2%2Fcomments&post=30780"}],"version-history":[{"count":4,"href":"https:\/\/atecordoba.org\/index.php?rest_route=\/wp\/v2\/posts\/30780\/revisions"}],"predecessor-version":[{"id":30842,"href":"https:\/\/atecordoba.org\/index.php?rest_route=\/wp\/v2\/posts\/30780\/revisions\/30842"}],"wp:featuredmedia":[{"embeddable":true,"href":"https:\/\/atecordoba.org\/index.php?rest_route=\/wp\/v2\/media\/30781"}],"wp:attachment":[{"href":"https:\/\/atecordoba.org\/index.php?rest_route=%2Fwp%2Fv2%2Fmedia&parent=30780"}],"wp:term":[{"taxonomy":"category","embeddable":true,"href":"https:\/\/atecordoba.org\/index.php?rest_route=%2Fwp%2Fv2%2Fcategories&post=30780"},{"taxonomy":"post_tag","embeddable":true,"href":"https:\/\/atecordoba.org\/index.php?rest_route=%2Fwp%2Fv2%2Ftags&post=30780"}],"curies":[{"name":"wp","href":"https:\/\/api.w.org\/{rel}","templated":true}]}}