{"id":30750,"date":"2022-03-18T15:25:33","date_gmt":"2022-03-18T18:25:33","guid":{"rendered":"https:\/\/atecordoba.org\/?p=30750"},"modified":"2022-03-18T15:32:09","modified_gmt":"2022-03-18T18:32:09","slug":"asamblea-en-el-misericordia-ratifico-la-continuidad-del-plan-de-lucha-y-homenajeo-a-las-y-los-companeros-muertos-en-el-hospital-durante-la-pandemia","status":"publish","type":"post","link":"https:\/\/atecordoba.org\/?p=30750","title":{"rendered":"Asamblea en el Misericordia ratific\u00f3 la continuidad del plan de lucha y homenaje\u00f3 a las y los compa\u00f1eros muertos en el hospital durante la pandemia"},"content":{"rendered":"\n<div class=\"wp-block-image\"><figure class=\"aligncenter size-large is-resized\"><img loading=\"lazy\" decoding=\"async\" src=\"https:\/\/atecordoba.org\/wp-content\/uploads\/2022\/03\/17_03_22_Misericordia_3-1024x576.jpg\" alt=\"\" class=\"wp-image-30751\" width=\"768\" height=\"432\" srcset=\"https:\/\/atecordoba.org\/wp-content\/uploads\/2022\/03\/17_03_22_Misericordia_3-1024x576.jpg 1024w, https:\/\/atecordoba.org\/wp-content\/uploads\/2022\/03\/17_03_22_Misericordia_3-300x169.jpg 300w, https:\/\/atecordoba.org\/wp-content\/uploads\/2022\/03\/17_03_22_Misericordia_3-768x432.jpg 768w, https:\/\/atecordoba.org\/wp-content\/uploads\/2022\/03\/17_03_22_Misericordia_3-1536x864.jpg 1536w, https:\/\/atecordoba.org\/wp-content\/uploads\/2022\/03\/17_03_22_Misericordia_3-2048x1152.jpg 2048w, https:\/\/atecordoba.org\/wp-content\/uploads\/2022\/03\/17_03_22_Misericordia_3-750x422.jpg 750w, https:\/\/atecordoba.org\/wp-content\/uploads\/2022\/03\/17_03_22_Misericordia_3-1140x641.jpg 1140w\" sizes=\"auto, (max-width: 768px) 100vw, 768px\" \/><\/figure><\/div>\n\n\n\n<p>Un fuerte y emotivo acto se realiz\u00f3 ayer en el Hospital Misericordia, en el ingreso a la Guardia, cuando las y los trabajadores se convocaron con el cuerpo de delegados de ATE para ratificar la continuidad del plan de lucha, que se fundamenta en el rechazo a la pauta salarial que Schiaretti firm\u00f3 con el SEP. <\/p>\n\n\n\n<p>Adem\u00e1s, en la oportunidad, se llev\u00f3 a cabo un homenaje a las y los siete trabajadores fallecidos por Covid durante al pandemia, compa\u00f1eros y compa\u00f1eras que ofrecieron su vida en la primera l\u00ednea para atender a la poblaci\u00f3n.<\/p>\n\n\n\n<p>En ese marco, estuvo presente el secretario General de ATE C\u00f3rdoba, Federico Giuliani, junto al secretario de Formaci\u00f3n, Cesar Theaux.<\/p>\n\n\n\n<div class=\"wp-block-image\"><figure class=\"alignright size-large is-resized\"><img loading=\"lazy\" decoding=\"async\" src=\"https:\/\/atecordoba.org\/wp-content\/uploads\/2022\/03\/17_03_22_Misericordia_9-1024x576.jpg\" alt=\"\" class=\"wp-image-30752\" width=\"662\" height=\"373\" \/><\/figure><\/div>\n\n\n\n<p>&#8220;Este hospital ya perdi\u00f3 al 50% del personal y se cerraron muchos servicios los que gobiernan hace 20 a\u00f1os no reponen las bajas que se producen por jubilaci\u00f3n o porque la gente se va por los malos sueldos que hay&#8221;, apunt\u00f3 el delegado Roberto Ramos.<\/p>\n\n\n\n<p>El Misericordia es uno de los hospitales m\u00e1s importantes de la ciudad porque atiende a la poblaci\u00f3n m\u00e1s vulnerable de zona sur de la ciudad, que no cuenta con otro centro de salud provincial de igual caracter\u00edstica.<\/p>\n\n\n\n<p>A su turno, Giuliani dijo que la masiva presencia de trabajadores, de la comunidad barrial que se acerc\u00f3 a apoyar el reclamo y de los familiares de las y los compa\u00f1eros fallecidos, invitados para el homenaje, da cuenta que el conflicto no est\u00e1 ca\u00eddo por m\u00e1s que se hay firmado la paritaria y adelant\u00f3 que en dos semanas &#8220;estaremos en el Panal visibilizando el nivel de precariedad que hay en los hospitales y los salarios indignos que sufre el sector&#8221;<\/p>\n\n\n\n<p>&#8220;El primer ministro de salud de la Argentina se llam\u00f3 Ram\u00f3n Carrillo y \u00e9l dec\u00eda que no hab\u00eda salud popular sin justicia social. Claramente en esta C\u00f3rdoba gobernada por los mismos desde hace 20 a\u00f1os no hay justicia social: estamos en la provincia que tiene los n\u00fameros m\u00e1s altos de pobreza, de inflaci\u00f3n, de desigualdad social, de precarizaci\u00f3n laboral. Por eso es tan importante la tarea que llevan adelante las y los trabajadores de los hospitales p\u00fablicos&#8221;. afirm\u00f3 el dirigente.<\/p>\n\n\n\n<div class=\"wp-block-image\"><figure class=\"alignleft size-large is-resized\"><img loading=\"lazy\" decoding=\"async\" src=\"https:\/\/atecordoba.org\/wp-content\/uploads\/2022\/03\/17_03_22_Misericordia_14-1024x576.jpg\" alt=\"\" class=\"wp-image-30753\" width=\"512\" height=\"288\" srcset=\"https:\/\/atecordoba.org\/wp-content\/uploads\/2022\/03\/17_03_22_Misericordia_14-1024x576.jpg 1024w, https:\/\/atecordoba.org\/wp-content\/uploads\/2022\/03\/17_03_22_Misericordia_14-300x169.jpg 300w, https:\/\/atecordoba.org\/wp-content\/uploads\/2022\/03\/17_03_22_Misericordia_14-768x432.jpg 768w, https:\/\/atecordoba.org\/wp-content\/uploads\/2022\/03\/17_03_22_Misericordia_14-1536x864.jpg 1536w, https:\/\/atecordoba.org\/wp-content\/uploads\/2022\/03\/17_03_22_Misericordia_14-2048x1152.jpg 2048w, https:\/\/atecordoba.org\/wp-content\/uploads\/2022\/03\/17_03_22_Misericordia_14-750x422.jpg 750w, https:\/\/atecordoba.org\/wp-content\/uploads\/2022\/03\/17_03_22_Misericordia_14-1140x641.jpg 1140w\" sizes=\"auto, (max-width: 512px) 100vw, 512px\" \/><\/figure><\/div>\n\n\n\n<p>Y profundiz\u00f3 asegurando que &#8220;para Schiaretti la salud es un negocio o un privilegio, mientras que para nosotros es un derecho que hay que garantizar. No hay salud p\u00fablica sin trabajadores bien remunerados, en planta permanente, ganando salarios dignos. Hoy en la Argentina para no ser pobre hay que cobrar 83.800 mil pesos. Y eso es lo que venimos diciendo desde ATE, que un salario inicial no puede ser menor a lo que dice el INDEC para no ser pobre. Por eso este d\u00eda no solo es de lucha, porque se defini\u00f3 continuar a pesar de la entrega que hizo nuevamente el SEP de los salarios de los trabajadores de la provincia&#8221;.<\/p>\n\n\n\n<p><strong>Homenaje <\/strong><\/p>\n\n\n\n<p>Durante el acto se descubri\u00f3 una placa ubicada junto al ingreso a la Guardia de hospital en reconocimiento al personal fallecido por Covid. Hubo mucha emoci\u00f3n de todos los presentes y justificadas l\u00e1grimas por la injusticia que sufre el plantel del hospital. Las y los homenajeados son: \u00c1ngel Minguez (m\u00e9dico infect\u00f3logo), German Bernardi (m\u00e9dico infectologo),  Daniel Ferreyra y Gonzalo Guajardo (administrativos), Rita Espel, Claudia Garc\u00eda, Patricia Palacios, Alfonsina Palavecino y Alejandra Rodr\u00edguez (enfermeras).<\/p>\n\n\n\n<figure class=\"wp-block-gallery columns-3 is-cropped wp-block-gallery-1 is-layout-flex wp-block-gallery-is-layout-flex\"><ul class=\"blocks-gallery-grid\"><li class=\"blocks-gallery-item\"><figure><a href=\"https:\/\/atecordoba.org\/wp-content\/uploads\/2022\/03\/17_03_22_Misericordia_19-1024x576.jpg\"><img loading=\"lazy\" decoding=\"async\" width=\"1024\" height=\"576\" src=\"https:\/\/atecordoba.org\/wp-content\/uploads\/2022\/03\/17_03_22_Misericordia_19-1024x576.jpg\" alt=\"\" data-id=\"30754\" data-link=\"https:\/\/atecordoba.org\/?attachment_id=30754\" class=\"wp-image-30754\" srcset=\"https:\/\/atecordoba.org\/wp-content\/uploads\/2022\/03\/17_03_22_Misericordia_19-1024x576.jpg 1024w, https:\/\/atecordoba.org\/wp-content\/uploads\/2022\/03\/17_03_22_Misericordia_19-300x169.jpg 300w, https:\/\/atecordoba.org\/wp-content\/uploads\/2022\/03\/17_03_22_Misericordia_19-768x432.jpg 768w, https:\/\/atecordoba.org\/wp-content\/uploads\/2022\/03\/17_03_22_Misericordia_19-1536x864.jpg 1536w, https:\/\/atecordoba.org\/wp-content\/uploads\/2022\/03\/17_03_22_Misericordia_19-2048x1152.jpg 2048w, https:\/\/atecordoba.org\/wp-content\/uploads\/2022\/03\/17_03_22_Misericordia_19-750x422.jpg 750w, https:\/\/atecordoba.org\/wp-content\/uploads\/2022\/03\/17_03_22_Misericordia_19-1140x641.jpg 1140w\" sizes=\"auto, (max-width: 1024px) 100vw, 1024px\" \/><\/a><\/figure><\/li><li class=\"blocks-gallery-item\"><figure><a href=\"https:\/\/atecordoba.org\/wp-content\/uploads\/2022\/03\/WhatsApp-Image-2022-03-18-at-3.00.54-PM-768x1024.jpeg\"><img loading=\"lazy\" decoding=\"async\" width=\"768\" height=\"1024\" src=\"https:\/\/atecordoba.org\/wp-content\/uploads\/2022\/03\/WhatsApp-Image-2022-03-18-at-3.00.54-PM-768x1024.jpeg\" alt=\"\" data-id=\"30756\" data-link=\"https:\/\/atecordoba.org\/?attachment_id=30756\" class=\"wp-image-30756\" srcset=\"https:\/\/atecordoba.org\/wp-content\/uploads\/2022\/03\/WhatsApp-Image-2022-03-18-at-3.00.54-PM-768x1024.jpeg 768w, https:\/\/atecordoba.org\/wp-content\/uploads\/2022\/03\/WhatsApp-Image-2022-03-18-at-3.00.54-PM-225x300.jpeg 225w, https:\/\/atecordoba.org\/wp-content\/uploads\/2022\/03\/WhatsApp-Image-2022-03-18-at-3.00.54-PM-1152x1536.jpeg 1152w, https:\/\/atecordoba.org\/wp-content\/uploads\/2022\/03\/WhatsApp-Image-2022-03-18-at-3.00.54-PM-750x1000.jpeg 750w, https:\/\/atecordoba.org\/wp-content\/uploads\/2022\/03\/WhatsApp-Image-2022-03-18-at-3.00.54-PM-1140x1520.jpeg 1140w, https:\/\/atecordoba.org\/wp-content\/uploads\/2022\/03\/WhatsApp-Image-2022-03-18-at-3.00.54-PM.jpeg 1200w\" sizes=\"auto, (max-width: 768px) 100vw, 768px\" \/><\/a><\/figure><\/li><li class=\"blocks-gallery-item\"><figure><a href=\"https:\/\/atecordoba.org\/wp-content\/uploads\/2022\/03\/WhatsApp-Image-2022-03-18-at-3.00.53-PM-1.jpeg\"><img loading=\"lazy\" decoding=\"async\" width=\"1024\" height=\"768\" src=\"https:\/\/atecordoba.org\/wp-content\/uploads\/2022\/03\/WhatsApp-Image-2022-03-18-at-3.00.53-PM-1-1024x768.jpeg\" alt=\"\" data-id=\"30758\" data-full-url=\"https:\/\/atecordoba.org\/wp-content\/uploads\/2022\/03\/WhatsApp-Image-2022-03-18-at-3.00.53-PM-1.jpeg\" data-link=\"https:\/\/atecordoba.org\/?attachment_id=30758\" class=\"wp-image-30758\" srcset=\"https:\/\/atecordoba.org\/wp-content\/uploads\/2022\/03\/WhatsApp-Image-2022-03-18-at-3.00.53-PM-1-1024x768.jpeg 1024w, https:\/\/atecordoba.org\/wp-content\/uploads\/2022\/03\/WhatsApp-Image-2022-03-18-at-3.00.53-PM-1-300x225.jpeg 300w, https:\/\/atecordoba.org\/wp-content\/uploads\/2022\/03\/WhatsApp-Image-2022-03-18-at-3.00.53-PM-1-768x576.jpeg 768w, https:\/\/atecordoba.org\/wp-content\/uploads\/2022\/03\/WhatsApp-Image-2022-03-18-at-3.00.53-PM-1-1536x1152.jpeg 1536w, https:\/\/atecordoba.org\/wp-content\/uploads\/2022\/03\/WhatsApp-Image-2022-03-18-at-3.00.53-PM-1-750x563.jpeg 750w, https:\/\/atecordoba.org\/wp-content\/uploads\/2022\/03\/WhatsApp-Image-2022-03-18-at-3.00.53-PM-1-1140x855.jpeg 1140w, https:\/\/atecordoba.org\/wp-content\/uploads\/2022\/03\/WhatsApp-Image-2022-03-18-at-3.00.53-PM-1.jpeg 1600w\" sizes=\"auto, (max-width: 1024px) 100vw, 1024px\" \/><\/a><\/figure><\/li><\/ul><\/figure>\n\n\n\n<p>Giuliani dijo que &#8220;es un justo de homenaje. Cuando comenz\u00f3 la pandemia la sociedad aplaud\u00eda a las 9 de la noche, despu\u00e9s se cambi\u00f3 por alguna puteada; tuvimos situaciones lamentables donde vino gente maltrataba al personal de salud porque se quer\u00edan atender m\u00e1s r\u00e1pido. Y este gobierno que deber\u00eda cuidar a los que trabajaron en la pandemia hizo todo lo contrario&#8221;.<\/p>\n\n\n\n<div class=\"wp-block-image\"><figure class=\"aligncenter size-large is-resized\"><img loading=\"lazy\" decoding=\"async\" src=\"https:\/\/atecordoba.org\/wp-content\/uploads\/2022\/03\/WhatsApp-Image-2022-03-18-at-3.05.15-PM-1024x768.jpeg\" alt=\"\" class=\"wp-image-30757\" width=\"768\" height=\"576\" srcset=\"https:\/\/atecordoba.org\/wp-content\/uploads\/2022\/03\/WhatsApp-Image-2022-03-18-at-3.05.15-PM-1024x768.jpeg 1024w, https:\/\/atecordoba.org\/wp-content\/uploads\/2022\/03\/WhatsApp-Image-2022-03-18-at-3.05.15-PM-300x225.jpeg 300w, https:\/\/atecordoba.org\/wp-content\/uploads\/2022\/03\/WhatsApp-Image-2022-03-18-at-3.05.15-PM-768x576.jpeg 768w, https:\/\/atecordoba.org\/wp-content\/uploads\/2022\/03\/WhatsApp-Image-2022-03-18-at-3.05.15-PM-750x563.jpeg 750w, https:\/\/atecordoba.org\/wp-content\/uploads\/2022\/03\/WhatsApp-Image-2022-03-18-at-3.05.15-PM-1140x855.jpeg 1140w, https:\/\/atecordoba.org\/wp-content\/uploads\/2022\/03\/WhatsApp-Image-2022-03-18-at-3.05.15-PM.jpeg 1280w\" sizes=\"auto, (max-width: 768px) 100vw, 768px\" \/><figcaption>Compa\u00f1eras y compa\u00f1eros del Hospital Florencio D\u00edaz bailaron folklore durante el acto.<\/figcaption><\/figure><\/div>\n\n\n\n<p>Y agreg\u00f3: &#8220;por eso aprovechando que hay familiares de los 7 compa\u00f1eros y compa\u00f1eras que fallecieron en la primera l\u00ednea de la pandemia, homenajearlos porque dieron su vida en la lucha contra el COVID19. Pero el mejor homenaje es seguir luchando. El nivel de conflictividad no va a bajar porque hayan firmado una paritaria, porque la inflaci\u00f3n de febrero fue casi del 5% y en marzo va a ser m\u00e1s. Y la proyecci\u00f3n anual va a superar largamente el 50%. Y estos que dicen representar a la totalidad del personal de salud mienten descaradamente&#8221;.<\/p>\n\n\n\n<p>El secretario General de ATE C\u00f3rdoba concluy\u00f3 comprometi\u00e9ndose a &#8220;seguir luchando por salarios dignos, por incorporaci\u00f3n de personal, por una paritaria con democracia y libertad sindical, donde est\u00e9n todos los actores gremiales y colegiados, por la estabilidad laboral. No tiene que ser la bondad de ning\u00fan gobierno, est\u00e1 consagrado en la constituci\u00f3n nacional&#8221;.<\/p>\n\n\n\n<figure class=\"wp-block-gallery aligncenter columns-3 is-cropped wp-block-gallery-2 is-layout-flex wp-block-gallery-is-layout-flex\"><ul class=\"blocks-gallery-grid\"><li class=\"blocks-gallery-item\"><figure><a href=\"https:\/\/atecordoba.org\/wp-content\/uploads\/2022\/03\/17_03_22_Misericordia_2-scaled.jpg\"><img loading=\"lazy\" decoding=\"async\" width=\"1024\" height=\"576\" src=\"https:\/\/atecordoba.org\/wp-content\/uploads\/2022\/03\/17_03_22_Misericordia_2-1024x576.jpg\" alt=\"\" data-id=\"30759\" data-full-url=\"https:\/\/atecordoba.org\/wp-content\/uploads\/2022\/03\/17_03_22_Misericordia_2-scaled.jpg\" data-link=\"https:\/\/atecordoba.org\/?attachment_id=30759\" class=\"wp-image-30759\" srcset=\"https:\/\/atecordoba.org\/wp-content\/uploads\/2022\/03\/17_03_22_Misericordia_2-1024x576.jpg 1024w, https:\/\/atecordoba.org\/wp-content\/uploads\/2022\/03\/17_03_22_Misericordia_2-300x169.jpg 300w, https:\/\/atecordoba.org\/wp-content\/uploads\/2022\/03\/17_03_22_Misericordia_2-768x432.jpg 768w, https:\/\/atecordoba.org\/wp-content\/uploads\/2022\/03\/17_03_22_Misericordia_2-1536x864.jpg 1536w, https:\/\/atecordoba.org\/wp-content\/uploads\/2022\/03\/17_03_22_Misericordia_2-2048x1152.jpg 2048w, https:\/\/atecordoba.org\/wp-content\/uploads\/2022\/03\/17_03_22_Misericordia_2-750x422.jpg 750w, https:\/\/atecordoba.org\/wp-content\/uploads\/2022\/03\/17_03_22_Misericordia_2-1140x641.jpg 1140w\" sizes=\"auto, (max-width: 1024px) 100vw, 1024px\" \/><\/a><\/figure><\/li><li class=\"blocks-gallery-item\"><figure><a href=\"https:\/\/atecordoba.org\/wp-content\/uploads\/2022\/03\/17_03_22_Misericordia_5-scaled.jpg\"><img loading=\"lazy\" decoding=\"async\" width=\"1024\" height=\"576\" src=\"https:\/\/atecordoba.org\/wp-content\/uploads\/2022\/03\/17_03_22_Misericordia_5-1024x576.jpg\" alt=\"\" data-id=\"30760\" data-full-url=\"https:\/\/atecordoba.org\/wp-content\/uploads\/2022\/03\/17_03_22_Misericordia_5-scaled.jpg\" data-link=\"https:\/\/atecordoba.org\/?attachment_id=30760\" class=\"wp-image-30760\" srcset=\"https:\/\/atecordoba.org\/wp-content\/uploads\/2022\/03\/17_03_22_Misericordia_5-1024x576.jpg 1024w, https:\/\/atecordoba.org\/wp-content\/uploads\/2022\/03\/17_03_22_Misericordia_5-300x169.jpg 300w, https:\/\/atecordoba.org\/wp-content\/uploads\/2022\/03\/17_03_22_Misericordia_5-768x432.jpg 768w, https:\/\/atecordoba.org\/wp-content\/uploads\/2022\/03\/17_03_22_Misericordia_5-1536x864.jpg 1536w, https:\/\/atecordoba.org\/wp-content\/uploads\/2022\/03\/17_03_22_Misericordia_5-2048x1152.jpg 2048w, https:\/\/atecordoba.org\/wp-content\/uploads\/2022\/03\/17_03_22_Misericordia_5-750x422.jpg 750w, https:\/\/atecordoba.org\/wp-content\/uploads\/2022\/03\/17_03_22_Misericordia_5-1140x641.jpg 1140w\" sizes=\"auto, (max-width: 1024px) 100vw, 1024px\" \/><\/a><\/figure><\/li><li class=\"blocks-gallery-item\"><figure><a href=\"https:\/\/atecordoba.org\/wp-content\/uploads\/2022\/03\/17_03_22_Misericordia_7-scaled.jpg\"><img loading=\"lazy\" decoding=\"async\" width=\"1024\" height=\"576\" src=\"https:\/\/atecordoba.org\/wp-content\/uploads\/2022\/03\/17_03_22_Misericordia_7-1024x576.jpg\" alt=\"\" data-id=\"30761\" data-full-url=\"https:\/\/atecordoba.org\/wp-content\/uploads\/2022\/03\/17_03_22_Misericordia_7-scaled.jpg\" data-link=\"https:\/\/atecordoba.org\/?attachment_id=30761\" class=\"wp-image-30761\" srcset=\"https:\/\/atecordoba.org\/wp-content\/uploads\/2022\/03\/17_03_22_Misericordia_7-1024x576.jpg 1024w, https:\/\/atecordoba.org\/wp-content\/uploads\/2022\/03\/17_03_22_Misericordia_7-300x169.jpg 300w, https:\/\/atecordoba.org\/wp-content\/uploads\/2022\/03\/17_03_22_Misericordia_7-768x432.jpg 768w, https:\/\/atecordoba.org\/wp-content\/uploads\/2022\/03\/17_03_22_Misericordia_7-1536x864.jpg 1536w, https:\/\/atecordoba.org\/wp-content\/uploads\/2022\/03\/17_03_22_Misericordia_7-2048x1152.jpg 2048w, https:\/\/atecordoba.org\/wp-content\/uploads\/2022\/03\/17_03_22_Misericordia_7-750x422.jpg 750w, https:\/\/atecordoba.org\/wp-content\/uploads\/2022\/03\/17_03_22_Misericordia_7-1140x641.jpg 1140w\" sizes=\"auto, (max-width: 1024px) 100vw, 1024px\" \/><\/a><\/figure><\/li><li class=\"blocks-gallery-item\"><figure><a href=\"https:\/\/atecordoba.org\/wp-content\/uploads\/2022\/03\/17_03_22_Misericordia_8-scaled.jpg\"><img loading=\"lazy\" decoding=\"async\" width=\"1024\" height=\"576\" src=\"https:\/\/atecordoba.org\/wp-content\/uploads\/2022\/03\/17_03_22_Misericordia_8-1024x576.jpg\" alt=\"\" data-id=\"30762\" data-full-url=\"https:\/\/atecordoba.org\/wp-content\/uploads\/2022\/03\/17_03_22_Misericordia_8-scaled.jpg\" data-link=\"https:\/\/atecordoba.org\/?attachment_id=30762\" class=\"wp-image-30762\" srcset=\"https:\/\/atecordoba.org\/wp-content\/uploads\/2022\/03\/17_03_22_Misericordia_8-1024x576.jpg 1024w, https:\/\/atecordoba.org\/wp-content\/uploads\/2022\/03\/17_03_22_Misericordia_8-300x169.jpg 300w, https:\/\/atecordoba.org\/wp-content\/uploads\/2022\/03\/17_03_22_Misericordia_8-768x432.jpg 768w, https:\/\/atecordoba.org\/wp-content\/uploads\/2022\/03\/17_03_22_Misericordia_8-1536x864.jpg 1536w, https:\/\/atecordoba.org\/wp-content\/uploads\/2022\/03\/17_03_22_Misericordia_8-2048x1152.jpg 2048w, https:\/\/atecordoba.org\/wp-content\/uploads\/2022\/03\/17_03_22_Misericordia_8-750x422.jpg 750w, https:\/\/atecordoba.org\/wp-content\/uploads\/2022\/03\/17_03_22_Misericordia_8-1140x641.jpg 1140w\" sizes=\"auto, (max-width: 1024px) 100vw, 1024px\" \/><\/a><\/figure><\/li><li class=\"blocks-gallery-item\"><figure><a href=\"https:\/\/atecordoba.org\/wp-content\/uploads\/2022\/03\/17_03_22_Misericordia_11-scaled.jpg\"><img loading=\"lazy\" decoding=\"async\" width=\"1024\" height=\"576\" src=\"https:\/\/atecordoba.org\/wp-content\/uploads\/2022\/03\/17_03_22_Misericordia_11-1024x576.jpg\" alt=\"\" data-id=\"30763\" data-full-url=\"https:\/\/atecordoba.org\/wp-content\/uploads\/2022\/03\/17_03_22_Misericordia_11-scaled.jpg\" data-link=\"https:\/\/atecordoba.org\/?attachment_id=30763\" class=\"wp-image-30763\" srcset=\"https:\/\/atecordoba.org\/wp-content\/uploads\/2022\/03\/17_03_22_Misericordia_11-1024x576.jpg 1024w, https:\/\/atecordoba.org\/wp-content\/uploads\/2022\/03\/17_03_22_Misericordia_11-300x169.jpg 300w, https:\/\/atecordoba.org\/wp-content\/uploads\/2022\/03\/17_03_22_Misericordia_11-768x432.jpg 768w, https:\/\/atecordoba.org\/wp-content\/uploads\/2022\/03\/17_03_22_Misericordia_11-1536x864.jpg 1536w, https:\/\/atecordoba.org\/wp-content\/uploads\/2022\/03\/17_03_22_Misericordia_11-2048x1152.jpg 2048w, https:\/\/atecordoba.org\/wp-content\/uploads\/2022\/03\/17_03_22_Misericordia_11-750x422.jpg 750w, https:\/\/atecordoba.org\/wp-content\/uploads\/2022\/03\/17_03_22_Misericordia_11-1140x641.jpg 1140w\" sizes=\"auto, (max-width: 1024px) 100vw, 1024px\" \/><\/a><\/figure><\/li><li class=\"blocks-gallery-item\"><figure><a href=\"https:\/\/atecordoba.org\/wp-content\/uploads\/2022\/03\/17_03_22_Misericordia_12-scaled.jpg\"><img loading=\"lazy\" decoding=\"async\" width=\"1024\" height=\"576\" src=\"https:\/\/atecordoba.org\/wp-content\/uploads\/2022\/03\/17_03_22_Misericordia_12-1024x576.jpg\" alt=\"\" data-id=\"30764\" data-full-url=\"https:\/\/atecordoba.org\/wp-content\/uploads\/2022\/03\/17_03_22_Misericordia_12-scaled.jpg\" data-link=\"https:\/\/atecordoba.org\/?attachment_id=30764\" class=\"wp-image-30764\" srcset=\"https:\/\/atecordoba.org\/wp-content\/uploads\/2022\/03\/17_03_22_Misericordia_12-1024x576.jpg 1024w, https:\/\/atecordoba.org\/wp-content\/uploads\/2022\/03\/17_03_22_Misericordia_12-300x169.jpg 300w, https:\/\/atecordoba.org\/wp-content\/uploads\/2022\/03\/17_03_22_Misericordia_12-768x432.jpg 768w, https:\/\/atecordoba.org\/wp-content\/uploads\/2022\/03\/17_03_22_Misericordia_12-1536x864.jpg 1536w, https:\/\/atecordoba.org\/wp-content\/uploads\/2022\/03\/17_03_22_Misericordia_12-2048x1152.jpg 2048w, https:\/\/atecordoba.org\/wp-content\/uploads\/2022\/03\/17_03_22_Misericordia_12-750x422.jpg 750w, https:\/\/atecordoba.org\/wp-content\/uploads\/2022\/03\/17_03_22_Misericordia_12-1140x641.jpg 1140w\" sizes=\"auto, (max-width: 1024px) 100vw, 1024px\" \/><\/a><\/figure><\/li><li class=\"blocks-gallery-item\"><figure><a href=\"https:\/\/atecordoba.org\/wp-content\/uploads\/2022\/03\/17_03_22_Misericordia_15-scaled.jpg\"><img loading=\"lazy\" decoding=\"async\" width=\"1024\" height=\"576\" src=\"https:\/\/atecordoba.org\/wp-content\/uploads\/2022\/03\/17_03_22_Misericordia_15-1024x576.jpg\" alt=\"\" data-id=\"30765\" data-full-url=\"https:\/\/atecordoba.org\/wp-content\/uploads\/2022\/03\/17_03_22_Misericordia_15-scaled.jpg\" data-link=\"https:\/\/atecordoba.org\/?attachment_id=30765\" class=\"wp-image-30765\" srcset=\"https:\/\/atecordoba.org\/wp-content\/uploads\/2022\/03\/17_03_22_Misericordia_15-1024x576.jpg 1024w, https:\/\/atecordoba.org\/wp-content\/uploads\/2022\/03\/17_03_22_Misericordia_15-300x169.jpg 300w, https:\/\/atecordoba.org\/wp-content\/uploads\/2022\/03\/17_03_22_Misericordia_15-768x432.jpg 768w, https:\/\/atecordoba.org\/wp-content\/uploads\/2022\/03\/17_03_22_Misericordia_15-1536x864.jpg 1536w, https:\/\/atecordoba.org\/wp-content\/uploads\/2022\/03\/17_03_22_Misericordia_15-2048x1152.jpg 2048w, https:\/\/atecordoba.org\/wp-content\/uploads\/2022\/03\/17_03_22_Misericordia_15-750x422.jpg 750w, https:\/\/atecordoba.org\/wp-content\/uploads\/2022\/03\/17_03_22_Misericordia_15-1140x641.jpg 1140w\" sizes=\"auto, (max-width: 1024px) 100vw, 1024px\" \/><\/a><\/figure><\/li><li class=\"blocks-gallery-item\"><figure><a href=\"https:\/\/atecordoba.org\/wp-content\/uploads\/2022\/03\/17_03_22_Misericordia_17-scaled.jpg\"><img loading=\"lazy\" decoding=\"async\" width=\"1024\" height=\"576\" src=\"https:\/\/atecordoba.org\/wp-content\/uploads\/2022\/03\/17_03_22_Misericordia_17-1024x576.jpg\" alt=\"\" data-id=\"30766\" data-full-url=\"https:\/\/atecordoba.org\/wp-content\/uploads\/2022\/03\/17_03_22_Misericordia_17-scaled.jpg\" data-link=\"https:\/\/atecordoba.org\/?attachment_id=30766\" class=\"wp-image-30766\" srcset=\"https:\/\/atecordoba.org\/wp-content\/uploads\/2022\/03\/17_03_22_Misericordia_17-1024x576.jpg 1024w, https:\/\/atecordoba.org\/wp-content\/uploads\/2022\/03\/17_03_22_Misericordia_17-300x169.jpg 300w, https:\/\/atecordoba.org\/wp-content\/uploads\/2022\/03\/17_03_22_Misericordia_17-768x432.jpg 768w, https:\/\/atecordoba.org\/wp-content\/uploads\/2022\/03\/17_03_22_Misericordia_17-1536x864.jpg 1536w, https:\/\/atecordoba.org\/wp-content\/uploads\/2022\/03\/17_03_22_Misericordia_17-2048x1152.jpg 2048w, https:\/\/atecordoba.org\/wp-content\/uploads\/2022\/03\/17_03_22_Misericordia_17-750x422.jpg 750w, https:\/\/atecordoba.org\/wp-content\/uploads\/2022\/03\/17_03_22_Misericordia_17-1140x641.jpg 1140w\" sizes=\"auto, (max-width: 1024px) 100vw, 1024px\" \/><\/a><\/figure><\/li><li class=\"blocks-gallery-item\"><figure><a href=\"https:\/\/atecordoba.org\/wp-content\/uploads\/2022\/03\/17_03_22_Misericordia_21-copia-scaled.jpg\"><img loading=\"lazy\" decoding=\"async\" width=\"1024\" height=\"576\" src=\"https:\/\/atecordoba.org\/wp-content\/uploads\/2022\/03\/17_03_22_Misericordia_21-copia-1024x576.jpg\" alt=\"\" data-id=\"30767\" data-full-url=\"https:\/\/atecordoba.org\/wp-content\/uploads\/2022\/03\/17_03_22_Misericordia_21-copia-scaled.jpg\" data-link=\"https:\/\/atecordoba.org\/?attachment_id=30767\" class=\"wp-image-30767\" srcset=\"https:\/\/atecordoba.org\/wp-content\/uploads\/2022\/03\/17_03_22_Misericordia_21-copia-1024x576.jpg 1024w, https:\/\/atecordoba.org\/wp-content\/uploads\/2022\/03\/17_03_22_Misericordia_21-copia-300x169.jpg 300w, https:\/\/atecordoba.org\/wp-content\/uploads\/2022\/03\/17_03_22_Misericordia_21-copia-768x432.jpg 768w, https:\/\/atecordoba.org\/wp-content\/uploads\/2022\/03\/17_03_22_Misericordia_21-copia-1536x864.jpg 1536w, https:\/\/atecordoba.org\/wp-content\/uploads\/2022\/03\/17_03_22_Misericordia_21-copia-2048x1152.jpg 2048w, https:\/\/atecordoba.org\/wp-content\/uploads\/2022\/03\/17_03_22_Misericordia_21-copia-750x422.jpg 750w, https:\/\/atecordoba.org\/wp-content\/uploads\/2022\/03\/17_03_22_Misericordia_21-copia-1140x641.jpg 1140w\" sizes=\"auto, (max-width: 1024px) 100vw, 1024px\" \/><\/a><\/figure><\/li><li class=\"blocks-gallery-item\"><figure><a href=\"https:\/\/atecordoba.org\/wp-content\/uploads\/2022\/03\/17_03_22_Misericordia_22-copia-scaled.jpg\"><img loading=\"lazy\" decoding=\"async\" width=\"1024\" height=\"576\" src=\"https:\/\/atecordoba.org\/wp-content\/uploads\/2022\/03\/17_03_22_Misericordia_22-copia-1024x576.jpg\" alt=\"\" data-id=\"30768\" data-full-url=\"https:\/\/atecordoba.org\/wp-content\/uploads\/2022\/03\/17_03_22_Misericordia_22-copia-scaled.jpg\" data-link=\"https:\/\/atecordoba.org\/?attachment_id=30768\" class=\"wp-image-30768\" srcset=\"https:\/\/atecordoba.org\/wp-content\/uploads\/2022\/03\/17_03_22_Misericordia_22-copia-1024x576.jpg 1024w, https:\/\/atecordoba.org\/wp-content\/uploads\/2022\/03\/17_03_22_Misericordia_22-copia-300x169.jpg 300w, https:\/\/atecordoba.org\/wp-content\/uploads\/2022\/03\/17_03_22_Misericordia_22-copia-768x432.jpg 768w, https:\/\/atecordoba.org\/wp-content\/uploads\/2022\/03\/17_03_22_Misericordia_22-copia-1536x864.jpg 1536w, https:\/\/atecordoba.org\/wp-content\/uploads\/2022\/03\/17_03_22_Misericordia_22-copia-2048x1152.jpg 2048w, https:\/\/atecordoba.org\/wp-content\/uploads\/2022\/03\/17_03_22_Misericordia_22-copia-750x422.jpg 750w, https:\/\/atecordoba.org\/wp-content\/uploads\/2022\/03\/17_03_22_Misericordia_22-copia-1140x641.jpg 1140w\" sizes=\"auto, (max-width: 1024px) 100vw, 1024px\" \/><\/a><\/figure><\/li><li class=\"blocks-gallery-item\"><figure><a href=\"https:\/\/atecordoba.org\/wp-content\/uploads\/2022\/03\/WhatsApp-Image-2022-03-18-at-3.00.54-PM-1-copia.jpeg\"><img loading=\"lazy\" decoding=\"async\" width=\"720\" height=\"415\" src=\"https:\/\/atecordoba.org\/wp-content\/uploads\/2022\/03\/WhatsApp-Image-2022-03-18-at-3.00.54-PM-1-copia.jpeg\" alt=\"\" data-id=\"30769\" data-full-url=\"https:\/\/atecordoba.org\/wp-content\/uploads\/2022\/03\/WhatsApp-Image-2022-03-18-at-3.00.54-PM-1-copia.jpeg\" data-link=\"https:\/\/atecordoba.org\/?attachment_id=30769\" class=\"wp-image-30769\" srcset=\"https:\/\/atecordoba.org\/wp-content\/uploads\/2022\/03\/WhatsApp-Image-2022-03-18-at-3.00.54-PM-1-copia.jpeg 720w, https:\/\/atecordoba.org\/wp-content\/uploads\/2022\/03\/WhatsApp-Image-2022-03-18-at-3.00.54-PM-1-copia-300x173.jpeg 300w\" sizes=\"auto, (max-width: 720px) 100vw, 720px\" \/><\/a><\/figure><\/li><li class=\"blocks-gallery-item\"><figure><a href=\"https:\/\/atecordoba.org\/wp-content\/uploads\/2022\/03\/17_03_22_Misericordia-scaled.jpg\"><img loading=\"lazy\" decoding=\"async\" width=\"1024\" height=\"576\" src=\"https:\/\/atecordoba.org\/wp-content\/uploads\/2022\/03\/17_03_22_Misericordia-1024x576.jpg\" alt=\"\" data-id=\"30770\" data-full-url=\"https:\/\/atecordoba.org\/wp-content\/uploads\/2022\/03\/17_03_22_Misericordia-scaled.jpg\" data-link=\"https:\/\/atecordoba.org\/?attachment_id=30770\" class=\"wp-image-30770\" srcset=\"https:\/\/atecordoba.org\/wp-content\/uploads\/2022\/03\/17_03_22_Misericordia-1024x576.jpg 1024w, https:\/\/atecordoba.org\/wp-content\/uploads\/2022\/03\/17_03_22_Misericordia-300x169.jpg 300w, https:\/\/atecordoba.org\/wp-content\/uploads\/2022\/03\/17_03_22_Misericordia-768x432.jpg 768w, https:\/\/atecordoba.org\/wp-content\/uploads\/2022\/03\/17_03_22_Misericordia-1536x864.jpg 1536w, https:\/\/atecordoba.org\/wp-content\/uploads\/2022\/03\/17_03_22_Misericordia-2048x1152.jpg 2048w, https:\/\/atecordoba.org\/wp-content\/uploads\/2022\/03\/17_03_22_Misericordia-750x422.jpg 750w, https:\/\/atecordoba.org\/wp-content\/uploads\/2022\/03\/17_03_22_Misericordia-1140x641.jpg 1140w\" sizes=\"auto, (max-width: 1024px) 100vw, 1024px\" \/><\/a><\/figure><\/li><\/ul><\/figure>\n\n\n\n<p><\/p>\n\n\n\n<div class=\"wp-block-image\"><figure class=\"aligncenter size-large\"><img loading=\"lazy\" decoding=\"async\" width=\"1024\" height=\"225\" src=\"https:\/\/atecordoba.org\/wp-content\/uploads\/2022\/03\/WhatsApp-Image-2022-03-18-at-3.00.51-PM-1-1024x225.jpeg\" alt=\"\" class=\"wp-image-30774\" srcset=\"https:\/\/atecordoba.org\/wp-content\/uploads\/2022\/03\/WhatsApp-Image-2022-03-18-at-3.00.51-PM-1-1024x225.jpeg 1024w, https:\/\/atecordoba.org\/wp-content\/uploads\/2022\/03\/WhatsApp-Image-2022-03-18-at-3.00.51-PM-1-300x66.jpeg 300w, https:\/\/atecordoba.org\/wp-content\/uploads\/2022\/03\/WhatsApp-Image-2022-03-18-at-3.00.51-PM-1-768x169.jpeg 768w, https:\/\/atecordoba.org\/wp-content\/uploads\/2022\/03\/WhatsApp-Image-2022-03-18-at-3.00.51-PM-1-1536x338.jpeg 1536w, https:\/\/atecordoba.org\/wp-content\/uploads\/2022\/03\/WhatsApp-Image-2022-03-18-at-3.00.51-PM-1-750x165.jpeg 750w, https:\/\/atecordoba.org\/wp-content\/uploads\/2022\/03\/WhatsApp-Image-2022-03-18-at-3.00.51-PM-1-1140x251.jpeg 1140w, https:\/\/atecordoba.org\/wp-content\/uploads\/2022\/03\/WhatsApp-Image-2022-03-18-at-3.00.51-PM-1.jpeg 1600w\" sizes=\"auto, (max-width: 1024px) 100vw, 1024px\" \/><\/figure><\/div>\n\n\n\n<p><\/p>\n\n\n\n<p><\/p>\n","protected":false},"excerpt":{"rendered":"<p>Un fuerte y emotivo acto se realiz\u00f3 ayer en el Hospital Misericordia, en el ingreso a la Guardia, cuando las y los trabajadores se convocaron con el cuerpo de delegados de ATE para ratificar la continuidad del plan de lucha, que se fundamenta en el rechazo a la pauta salarial que Schiaretti firm\u00f3 con el [&hellip;]<\/p>\n","protected":false},"author":7,"featured_media":30752,"comment_status":"open","ping_status":"open","sticky":false,"template":"","format":"standard","meta":{"_exactmetrics_skip_tracking":false,"_exactmetrics_sitenote_active":false,"_exactmetrics_sitenote_note":"","_exactmetrics_sitenote_category":0,"jnews-multi-image_gallery":[],"jnews_single_post":{"subtitle":"Federico Giuliani dijo en el acto que en dos semanas ATE estar\u00e1 frente al Panal para \"visibilizar el nivel de precariedad que hay en los hospitales y los salarios indignos que sufre el sector\". Y afirm\u00f3 que el mejor homenaje a las y los trabajadores fallecidos \"es seguir la lucha\".","format":"standard","video":"","gallery":"","source_name":"","source_url":"","via_name":"","via_url":"","override":[{"template":"1","single_blog_custom":"","parallax":"1","fullscreen":"1","layout":"right-sidebar","sidebar":"default-sidebar","second_sidebar":"default-sidebar","sticky_sidebar":"1","share_position":"top","share_float_style":"share-monocrhome","show_share_counter":"1","show_view_counter":"1","show_featured":"1","show_post_meta":"1","show_post_author":"1","show_post_author_image":"1","show_post_date":"1","post_date_format":"default","post_date_format_custom":"Y\/m\/d","show_post_category":"1","post_reading_time_wpm":"300","zoom_button_out_step":"2","zoom_button_in_step":"3","show_post_tag":"1","show_prev_next_post":"1","show_popup_post":"1","number_popup_post":"1"}],"image_override":[{"single_post_thumbnail_size":"crop-500","single_post_gallery_size":"crop-500"}],"trending_post_position":"meta","trending_post_label":"Trending","sponsored_post_label":"Sponsored by","sponsored_post_name":"","sponsored_post_url":"","sponsored_post_logo":"","sponsored_post_desc":""},"jnews_primary_category":{"id":""},"jnews_social_meta":[],"jnews_review":[],"enable_review":"","type":"","name":"","summary":"","brand":"","sku":"","good":[],"bad":[],"score_override":"","override_value":"","rating":[],"price":[],"jnews_override_counter":[],"jnews_post_split":[],"footnotes":""},"categories":[8],"tags":[353],"class_list":["post-30750","post","type-post","status-publish","format-standard","has-post-thumbnail","hentry","category-provinciales","tag-hospital-misericordia"],"jetpack_featured_media_url":"https:\/\/atecordoba.org\/wp-content\/uploads\/2022\/03\/17_03_22_Misericordia_9-scaled-e1647627922649.jpg","_links":{"self":[{"href":"https:\/\/atecordoba.org\/index.php?rest_route=\/wp\/v2\/posts\/30750","targetHints":{"allow":["GET"]}}],"collection":[{"href":"https:\/\/atecordoba.org\/index.php?rest_route=\/wp\/v2\/posts"}],"about":[{"href":"https:\/\/atecordoba.org\/index.php?rest_route=\/wp\/v2\/types\/post"}],"author":[{"embeddable":true,"href":"https:\/\/atecordoba.org\/index.php?rest_route=\/wp\/v2\/users\/7"}],"replies":[{"embeddable":true,"href":"https:\/\/atecordoba.org\/index.php?rest_route=%2Fwp%2Fv2%2Fcomments&post=30750"}],"version-history":[{"count":3,"href":"https:\/\/atecordoba.org\/index.php?rest_route=\/wp\/v2\/posts\/30750\/revisions"}],"predecessor-version":[{"id":30779,"href":"https:\/\/atecordoba.org\/index.php?rest_route=\/wp\/v2\/posts\/30750\/revisions\/30779"}],"wp:featuredmedia":[{"embeddable":true,"href":"https:\/\/atecordoba.org\/index.php?rest_route=\/wp\/v2\/media\/30752"}],"wp:attachment":[{"href":"https:\/\/atecordoba.org\/index.php?rest_route=%2Fwp%2Fv2%2Fmedia&parent=30750"}],"wp:term":[{"taxonomy":"category","embeddable":true,"href":"https:\/\/atecordoba.org\/index.php?rest_route=%2Fwp%2Fv2%2Fcategories&post=30750"},{"taxonomy":"post_tag","embeddable":true,"href":"https:\/\/atecordoba.org\/index.php?rest_route=%2Fwp%2Fv2%2Ftags&post=30750"}],"curies":[{"name":"wp","href":"https:\/\/api.w.org\/{rel}","templated":true}]}}